{"id":9719,"date":"2017-09-20T10:02:17","date_gmt":"2017-09-20T13:02:17","guid":{"rendered":"http:\/\/172.16.0.7\/site-antigo\/?p=9719"},"modified":"2024-10-08T09:14:33","modified_gmt":"2024-10-08T12:14:33","slug":"24o-encontro-da-mulher-rural-acontece-nesta-quinta-feira","status":"publish","type":"post","link":"http:\/\/www.apucarana.pr.gov.br\/site\/24o-encontro-da-mulher-rural-acontece-nesta-quinta-feira\/","title":{"rendered":"24\u00ba Encontro da Mulher Rural acontece nesta quinta-feira"},"content":{"rendered":"<p>Emater, Prefeitura de Apucarana e entidades parceiras promovem nesta quinta-feira (21\/09) o 24\u00ba Encontro da Mulher Rural. O evento, que reunir\u00e1 participantes de v\u00e1rios munic\u00edpios da regi\u00e3o, acontecer\u00e1 nas depend\u00eancias da Associa\u00e7\u00e3o Cultural e Esportiva de Apucarana (Acea), no per\u00edodo das 8 \u00e0s 16 horas.<br \/>\nAp\u00f3s a recep\u00e7\u00e3o das comitivas e de um caf\u00e9 da manh\u00e3, haver\u00e1 a abertura solene, \u00e0s 9 horas. Na parte da manh\u00e3, haver\u00e1 ainda uma palestra sobre a seguran\u00e7a pessoal e da propriedade, depoimento do grupo \u201cMulheres do Caf\u00e9\u201d e a apresenta\u00e7\u00e3o da pe\u00e7a teatral \u201cCaf\u00e9:\u00a0 da ro\u00e7a \u00e0 mesa\u201d.<br \/>\nAp\u00f3s a pausa para o almo\u00e7o, as atividades ser\u00e3o retomadas com apresenta\u00e7\u00e3o de dan\u00e7a catira, depoimentos na Tribuna da Mulher e duas palestras: \u201c\u00c1gua: protegendo fontes e vidas\u201d e \u201cValorizando a Cultura Rural\u201d. O encontro ser\u00e1 encerrado com a divulga\u00e7\u00e3o do resultado do concurso de pano de prato com motivos rurais e sorteio de brindes.<br \/>\nO 24\u00ba Encontro da Mulher Rural tem como p\u00fablico-alvo mulheres acima de 16 anos e a expectativa \u00e9 reunir cerca de 600 participantes. O evento \u00e9 uma promo\u00e7\u00e3o da Emater, em parceria com a Secretaria Municipal de Agricultura, Sistema Faep, Pr\u00f3-Rural, governo do Estado, Simex, New Holland e Cocamar.<\/p>\n","protected":false},"excerpt":{"rendered":"<p>Evento vai reunir participantes de munic\u00edpios da regi\u00e3o e acontecer\u00e1 na Acea, no per\u00edodo das 8 \u00e0s 16 horas. (Foto: Edson Denobi)<\/p>\n","protected":false},"author":4,"featured_media":9728,"comment_status":"closed","ping_status":"open","sticky":false,"template":"","format":"standard","meta":{"footnotes":""},"categories":[24],"tags":[],"class_list":["post-9719","post","type-post","status-publish","format-standard","has-post-thumbnail","hentry","category-noticias"],"acf":[],"_links":{"self":[{"href":"http:\/\/www.apucarana.pr.gov.br\/site\/wp-json\/wp\/v2\/posts\/9719","targetHints":{"allow":["GET"]}}],"collection":[{"href":"http:\/\/www.apucarana.pr.gov.br\/site\/wp-json\/wp\/v2\/posts"}],"about":[{"href":"http:\/\/www.apucarana.pr.gov.br\/site\/wp-json\/wp\/v2\/types\/post"}],"author":[{"embeddable":true,"href":"http:\/\/www.apucarana.pr.gov.br\/site\/wp-json\/wp\/v2\/users\/4"}],"replies":[{"embeddable":true,"href":"http:\/\/www.apucarana.pr.gov.br\/site\/wp-json\/wp\/v2\/comments?post=9719"}],"version-history":[{"count":1,"href":"http:\/\/www.apucarana.pr.gov.br\/site\/wp-json\/wp\/v2\/posts\/9719\/revisions"}],"predecessor-version":[{"id":102034,"href":"http:\/\/www.apucarana.pr.gov.br\/site\/wp-json\/wp\/v2\/posts\/9719\/revisions\/102034"}],"wp:featuredmedia":[{"embeddable":true,"href":"http:\/\/www.apucarana.pr.gov.br\/site\/wp-json\/"}],"wp:attachment":[{"href":"http:\/\/www.apucarana.pr.gov.br\/site\/wp-json\/wp\/v2\/media?parent=9719"}],"wp:term":[{"taxonomy":"category","embeddable":true,"href":"http:\/\/www.apucarana.pr.gov.br\/site\/wp-json\/wp\/v2\/categories?post=9719"},{"taxonomy":"post_tag","embeddable":true,"href":"http:\/\/www.apucarana.pr.gov.br\/site\/wp-json\/wp\/v2\/tags?post=9719"}],"curies":[{"name":"wp","href":"https:\/\/api.w.org\/{rel}","templated":true}]}}