{"id":9716,"date":"2017-09-19T16:46:59","date_gmt":"2017-09-19T19:46:59","guid":{"rendered":"http:\/\/172.16.0.7\/site-antigo\/?p=9716"},"modified":"2024-10-08T09:14:33","modified_gmt":"2024-10-08T12:14:33","slug":"equipe-pe-vermelho-participa-de-maratona-em-foz-do-iguacu","status":"publish","type":"post","link":"http:\/\/www.apucarana.pr.gov.br\/site\/equipe-pe-vermelho-participa-de-maratona-em-foz-do-iguacu\/","title":{"rendered":"Equipe P\u00e9 Vermelho participa de maratona em Foz do Igua\u00e7u"},"content":{"rendered":"<p>Sessenta e quatro integrantes da equipe de pedestrianismo P\u00e9 Vermelho participam neste domingo (24\/09) da 10\u00aa Maratona Internacional de Foz do Igua\u00e7u. A sa\u00edda do grupo apucaranense, em dois \u00f4nibus fretados, ser\u00e1 \u00e0s 21h30 desta sexta-feira (22\/09), em frente \u00e0 Loja Plastilar, na Rua Osvaldo Cruz, n\u00ba 1050. Uma realiza\u00e7\u00e3o do Sesc Paran\u00e1 em parceria com a Prefeitura de Foz do Igua\u00e7u, a 10\u00aa Maratona de Foz do Igua\u00e7u ter\u00e1 percurso oficial de 42.195 metros, aferido e certificado oficialmente pela Confedera\u00e7\u00e3o Brasileira de Atletismo (CBAt), tendo como local de largada a Itaipu Binacional e local de chegada o Parque Nacional do Igua\u00e7u.<br \/>\nUm dos coordenadores da equipe P\u00e9 Vermelho e que tamb\u00e9m participar\u00e1 da maratona, o empres\u00e1rio Jo\u00e3o Dias conta que, al\u00e9m dos corredores, a caravana contar\u00e1 com acompanhamento de familiares, em um total de 88 pessoas. \u201cAlguns maridos, esposas e filhos v\u00e3o tamb\u00e9m, pois al\u00e9m do aspecto competitivo e da eleva\u00e7\u00e3o qualidade de vida, a equipe P\u00e9 Vermelho busca integrar o lazer \u00e0s suas atividades\u201d, pontuou. \u201cHoje somos em cerca de 400 integrantes e nos reunimos semanalmente para treinos e participa\u00e7\u00e3o em competi\u00e7\u00f5es de corrida de rua em diversas partes do Paran\u00e1 e do Brasil\u201d, detalha Jo\u00e3o Dias. No que tange resultados na maratona, ele informa que a \u00fanica integrante com perspectivas de obter premia\u00e7\u00e3o em sua categoria \u00e9 a corredora Lourdes Maria de Jesus Oliveira.<br \/>\nFundado h\u00e1 cerca de 26 anos, entre outras pessoas por Juraci Barbosa e Dr. Luiz Carlos Busnardo, a composi\u00e7\u00e3o do \u201cP\u00e9 Vermelho\u201d \u00e9 heterog\u00eanea. \u201cIntegram nossa equipe desde oper\u00e1rios, estudantes, comerci\u00e1rios e comerciantes, industriais at\u00e9 profissionais liberais das mais diversas atividades\u201d, explica Dias. Ele diz que ao longo da semana cada um faz seu treinamento individualmente, ou pequenos grupos. \u201cNos finais de semana nos reunimos para participar de competi\u00e7\u00f5es ou realizarmos treino coletivo\u201d, diz.<br \/>\nCom patroc\u00ednio de diversas empresas, a equipe conta com apoio da Secretaria de Esportes e Juventude da Prefeitura de Apucarana. \u201cNas competi\u00e7\u00f5es regionais estamos sempre dando o suporte do transporte, com a cess\u00e3o de motorista e \u00f4nibus. Neste ano, por exemplo, j\u00e1 levamos os integrantes para diversas competi\u00e7\u00f5es\u201d, relata professora Jossuela Pinheiro, secret\u00e1ria Municipal. Ela destaca que o Munic\u00edpio, na gest\u00e3o do prefeito Beto Preto, valoriza o Esporte em todas as suas modalidades. \u201cA Equipe P\u00e9 Vermelho tem levado o nome de Apucarana para todo o Paran\u00e1 e at\u00e9 a outros estados e a prefeitura tem grande satisfa\u00e7\u00e3o em apoiar\u201d, citou.<br \/>\nGrupo aberto &#8211; A Equipe P\u00e9 Vermelho est\u00e1 sempre aberta a novos integrantes. O contato com o grupo de pedestrianismo de Apucarana pode ser feito pela internet, atrav\u00e9s da rede social Facebook (https:\/\/www.facebook.com\/pevermelhoapucarana), ou na Dias Couro pelo telefone 3033-4869.<br \/>\nMaratona Sustent\u00e1vel &#8211; Reconhecida internacionalmente por sua responsabilidade social e organiza\u00e7\u00e3o, a Maratona de Foz do Igua\u00e7u recebeu o selo de certifica\u00e7\u00e3o \u201cCarbono Zero\u201d. A certifica\u00e7\u00e3o foi concedida pela Organiza\u00e7\u00e3o da Sociedade Civil de Interesse P\u00fablico (OSCIP), Prima Mudan\u00e7as Clim\u00e1ticas, do Brasil. O selo \u00e9 validado pela Rede Brasileira de Informa\u00e7\u00e3o Ambiental (Rebia), pelo projeto Bolsa Brasileira de Commoditties Ambientais e pela ONG Grupo Brasil Verde.<br \/>\nPara ser considerada \u201cCarbono Zero\u201d, a organiza\u00e7\u00e3o da prova realizar\u00e1 o plantio de 100 mudas de \u00e1rvore, quantidade suficiente de emiss\u00f5es de O2, que converte a emiss\u00e3o de poluentes gerados no percurso. Al\u00e9m dessa medida, a equipe do Sesc recolher\u00e1 todos os res\u00edduos da prova, ao longo dos 42,195 quil\u00f4metros, fazendo a separa\u00e7\u00e3o e destina\u00e7\u00e3o a institui\u00e7\u00f5es. Dois ve\u00edculos el\u00e9tricos ser\u00e3o ainda utilizados como carros madrinhas dos maratonistas profissionais, masculino e feminino. Mais informa\u00e7\u00f5es sobre o evento podem ser obtidas no endere\u00e7o http:\/\/www.sescpr.com.br\/maratona.<\/p>\n","protected":false},"excerpt":{"rendered":"<p>Um dos coordenadores da equipe P\u00e9 Vermelho e que tamb\u00e9m participar\u00e1 da maratona, o empres\u00e1rio Jo\u00e3o Dias conta que, al\u00e9m dos corredores, a caravana contar\u00e1 com acompanhamento de familiares, em um total de 88 pessoas (Foto: divulga\u00e7\u00e3o\/Facebook)<\/p>\n","protected":false},"author":4,"featured_media":9717,"comment_status":"closed","ping_status":"open","sticky":false,"template":"","format":"standard","meta":{"footnotes":""},"categories":[24],"tags":[],"class_list":["post-9716","post","type-post","status-publish","format-standard","has-post-thumbnail","hentry","category-noticias"],"acf":[],"_links":{"self":[{"href":"http:\/\/www.apucarana.pr.gov.br\/site\/wp-json\/wp\/v2\/posts\/9716","targetHints":{"allow":["GET"]}}],"collection":[{"href":"http:\/\/www.apucarana.pr.gov.br\/site\/wp-json\/wp\/v2\/posts"}],"about":[{"href":"http:\/\/www.apucarana.pr.gov.br\/site\/wp-json\/wp\/v2\/types\/post"}],"author":[{"embeddable":true,"href":"http:\/\/www.apucarana.pr.gov.br\/site\/wp-json\/wp\/v2\/users\/4"}],"replies":[{"embeddable":true,"href":"http:\/\/www.apucarana.pr.gov.br\/site\/wp-json\/wp\/v2\/comments?post=9716"}],"version-history":[{"count":1,"href":"http:\/\/www.apucarana.pr.gov.br\/site\/wp-json\/wp\/v2\/posts\/9716\/revisions"}],"predecessor-version":[{"id":102035,"href":"http:\/\/www.apucarana.pr.gov.br\/site\/wp-json\/wp\/v2\/posts\/9716\/revisions\/102035"}],"wp:featuredmedia":[{"embeddable":true,"href":"http:\/\/www.apucarana.pr.gov.br\/site\/wp-json\/"}],"wp:attachment":[{"href":"http:\/\/www.apucarana.pr.gov.br\/site\/wp-json\/wp\/v2\/media?parent=9716"}],"wp:term":[{"taxonomy":"category","embeddable":true,"href":"http:\/\/www.apucarana.pr.gov.br\/site\/wp-json\/wp\/v2\/categories?post=9716"},{"taxonomy":"post_tag","embeddable":true,"href":"http:\/\/www.apucarana.pr.gov.br\/site\/wp-json\/wp\/v2\/tags?post=9716"}],"curies":[{"name":"wp","href":"https:\/\/api.w.org\/{rel}","templated":true}]}}