{"id":9713,"date":"2017-09-19T16:30:51","date_gmt":"2017-09-19T19:30:51","guid":{"rendered":"http:\/\/172.16.0.7\/site-antigo\/?p=9713"},"modified":"2024-10-08T09:14:33","modified_gmt":"2024-10-08T12:14:33","slug":"ams-divulga-balanco-da-campanha-de-multivacinacao","status":"publish","type":"post","link":"http:\/\/www.apucarana.pr.gov.br\/site\/ams-divulga-balanco-da-campanha-de-multivacinacao\/","title":{"rendered":"AMS divulga balan\u00e7o da Campanha de Multivacina\u00e7\u00e3o"},"content":{"rendered":"<p>A Autarquia Municipal de Sa\u00fade (AMS), atrav\u00e9s do setor de Vigil\u00e2ncia Epidemiol\u00f3gica, divulgou hoje (19) o balan\u00e7o dos primeiros 6 dias da Campanha Nacional de Multivacina\u00e7\u00e3o, iniciada em 11 de setembro. A mobiliza\u00e7\u00e3o que visa atualizar a situa\u00e7\u00e3o vacinal de crian\u00e7as e adolescentes menores de 15 anos (14 anos, 11 meses e 29 dias) j\u00e1 atraiu 2.072 pessoas \u00e0s Unidades B\u00e1sicas de Sa\u00fade, sendo 1.536 somente no \u00faltimo s\u00e1bado quando foi realizado o Dia \u201cD\u201d da campanha.<br \/>\n\u201cO Dia \u2018D\u2019 que possibilitou a popula\u00e7\u00e3o buscar o atendimento nas UBSs num s\u00e1bado mais uma vez comprovou ser uma alternativa importante para ampliar a cobertura vacinal neste tipo de campanha\u201d, avalia coordenador do setor de epidemiologia da AMS, Luciano Pereira da Silva.<br \/>\nUma mobiliza\u00e7\u00e3o estrat\u00e9gica para que pais e respons\u00e1veis redobrem a aten\u00e7\u00e3o sobre os cuidados com a sa\u00fade dos filhos, como \u00e9 o caso da imuniza\u00e7\u00e3o, a Campanha de Multivacina\u00e7\u00e3o segue at\u00e9 a pr\u00f3xima sexta-feira, dia 22. O calend\u00e1rio nacional de vacina\u00e7\u00e3o disp\u00f5e de 14 vacinas para as crian\u00e7as e 5 para os adolescentes.<br \/>\n\u201cA vacina\u00e7\u00e3o \u00e9 um servi\u00e7o permanente da rede p\u00fablica de sa\u00fade. O atendimento \u00e9 prestado de segunda a sexta-feira na grande maioria das UBSs, de segunda a sexta-feira\u201d, destaca o diretor presidente da AMS, Roberto Kaneta.\u00a0 Das 28 Unidades B\u00e1sicas de Sa\u00fade, apenas 6 n\u00e3o oferecem vacina. S\u00e3o as UBS Julia Reczkowski, do N\u00facleo Habitacional Marcos Freire; UBS Rute Eug\u00eanio, do Jardim Vale Verde; UBS Philipe Weckewerth, no Jardim Milani; UBS Rodrigo Yoshi Tramontil, da Vila Apucaraninha; UBS Jo\u00e3o Marioto, na Vila Formosa; e Elayne Mazur, no Jardim Interlagos.<\/p>\n","protected":false},"excerpt":{"rendered":"<p>Os 6 primeiros dias da mobiliza\u00e7\u00e3o nacional levaram 2.072 pessoas as UBSs de Apucarana (Foto &#8211; Edson Denobi)<\/p>\n","protected":false},"author":4,"featured_media":9714,"comment_status":"closed","ping_status":"open","sticky":false,"template":"","format":"standard","meta":{"footnotes":""},"categories":[24],"tags":[],"class_list":["post-9713","post","type-post","status-publish","format-standard","has-post-thumbnail","hentry","category-noticias"],"acf":[],"_links":{"self":[{"href":"http:\/\/www.apucarana.pr.gov.br\/site\/wp-json\/wp\/v2\/posts\/9713","targetHints":{"allow":["GET"]}}],"collection":[{"href":"http:\/\/www.apucarana.pr.gov.br\/site\/wp-json\/wp\/v2\/posts"}],"about":[{"href":"http:\/\/www.apucarana.pr.gov.br\/site\/wp-json\/wp\/v2\/types\/post"}],"author":[{"embeddable":true,"href":"http:\/\/www.apucarana.pr.gov.br\/site\/wp-json\/wp\/v2\/users\/4"}],"replies":[{"embeddable":true,"href":"http:\/\/www.apucarana.pr.gov.br\/site\/wp-json\/wp\/v2\/comments?post=9713"}],"version-history":[{"count":1,"href":"http:\/\/www.apucarana.pr.gov.br\/site\/wp-json\/wp\/v2\/posts\/9713\/revisions"}],"predecessor-version":[{"id":102036,"href":"http:\/\/www.apucarana.pr.gov.br\/site\/wp-json\/wp\/v2\/posts\/9713\/revisions\/102036"}],"wp:featuredmedia":[{"embeddable":true,"href":"http:\/\/www.apucarana.pr.gov.br\/site\/wp-json\/"}],"wp:attachment":[{"href":"http:\/\/www.apucarana.pr.gov.br\/site\/wp-json\/wp\/v2\/media?parent=9713"}],"wp:term":[{"taxonomy":"category","embeddable":true,"href":"http:\/\/www.apucarana.pr.gov.br\/site\/wp-json\/wp\/v2\/categories?post=9713"},{"taxonomy":"post_tag","embeddable":true,"href":"http:\/\/www.apucarana.pr.gov.br\/site\/wp-json\/wp\/v2\/tags?post=9713"}],"curies":[{"name":"wp","href":"https:\/\/api.w.org\/{rel}","templated":true}]}}