{"id":97106,"date":"2024-05-17T13:35:09","date_gmt":"2024-05-17T16:35:09","guid":{"rendered":"http:\/\/www.apucarana.pr.gov.br\/site\/?p=97106"},"modified":"2024-10-07T17:36:53","modified_gmt":"2024-10-07T20:36:53","slug":"escolas-promovem-acoes-de-conscientizacao-contra-o-abuso-e-a-exploracao-sexual-de-criancas-e-adolescentes","status":"publish","type":"post","link":"http:\/\/www.apucarana.pr.gov.br\/site\/escolas-promovem-acoes-de-conscientizacao-contra-o-abuso-e-a-exploracao-sexual-de-criancas-e-adolescentes\/","title":{"rendered":"Escolas promovem a\u00e7\u00f5es de conscientiza\u00e7\u00e3o contra o abuso e a explora\u00e7\u00e3o sexual de crian\u00e7as e adolescentes"},"content":{"rendered":"\n\t\t<!-- MasterSlider -->\n\t\t<div id=\"P_MS69ef633f89910\" class=\"master-slider-parent master-slider-gallery   ms-parent-id-0\" style=\"\" >\n\n\t\t\t\n\t\t\t<!-- MasterSlider Main -->\n\t\t\t<div id=\"MS69ef633f89910\" class=\"master-slider ms-skin-default\" >\n\t\t\t\t \t\t\t\t \n\t\t\t<div  class=\"ms-slide\" data-delay=\"3\"    >\n\t\t\t\t\t<img decoding=\"async\" src=\"http:\/\/www.apucarana.pr.gov.br\/site\/wp-content\/plugins\/masterslider\/public\/assets\/css\/blank.gif\" alt=\"MAIO LARANJA - quadrado 1\" title=\"MAIO LARANJA - quadrado 1\" data-src=\"http:\/\/www.apucarana.pr.gov.br\/site\/wp-content\/uploads\/2024\/05\/MAIO-LARANJA-quadrado-1-1024x1024.jpg\" \/>\n\t<a href=\"http:\/\/www.apucarana.pr.gov.br\/site\/wp-content\/uploads\/2024\/05\/MAIO-LARANJA-quadrado-1-1024x1024.jpg\" target=\"_self\"    >MAIO LARANJA - quadrado 1<\/a>\n\n\n\t<img decoding=\"async\" class=\"ms-thumb\" src=\"http:\/\/www.apucarana.pr.gov.br\/site\/wp-content\/uploads\/2024\/05\/MAIO-LARANJA-quadrado-1-1024x1024-140x80.jpg\" alt=\"MAIO LARANJA - quadrado 1\" \/>\n\t\t\t\t<\/div>\n\t\t\t<div  class=\"ms-slide\" data-delay=\"3\"    >\n\t\t\t\t\t<img decoding=\"async\" src=\"http:\/\/www.apucarana.pr.gov.br\/site\/wp-content\/plugins\/masterslider\/public\/assets\/css\/blank.gif\" alt=\"MAIO LARANJA - quadrado 2\" title=\"MAIO LARANJA - quadrado 2\" data-src=\"http:\/\/www.apucarana.pr.gov.br\/site\/wp-content\/uploads\/2024\/05\/MAIO-LARANJA-quadrado-2-1024x1024.jpg\" \/>\n\t<a href=\"http:\/\/www.apucarana.pr.gov.br\/site\/wp-content\/uploads\/2024\/05\/MAIO-LARANJA-quadrado-2-1024x1024.jpg\" target=\"_self\"    >MAIO LARANJA - quadrado 2<\/a>\n\n\n\t<img decoding=\"async\" class=\"ms-thumb\" src=\"http:\/\/www.apucarana.pr.gov.br\/site\/wp-content\/uploads\/2024\/05\/MAIO-LARANJA-quadrado-2-1024x1024-140x80.jpg\" alt=\"MAIO LARANJA - quadrado 2\" \/>\n\t\t\t\t<\/div>\n\t\t\t<div  class=\"ms-slide\" data-delay=\"3\"    >\n\t\t\t\t\t<img decoding=\"async\" src=\"http:\/\/www.apucarana.pr.gov.br\/site\/wp-content\/plugins\/masterslider\/public\/assets\/css\/blank.gif\" alt=\"MAIO LARANJA - quadrado 3\" title=\"MAIO LARANJA - quadrado 3\" data-src=\"http:\/\/www.apucarana.pr.gov.br\/site\/wp-content\/uploads\/2024\/05\/MAIO-LARANJA-quadrado-3-1024x1024.jpg\" \/>\n\t<a href=\"http:\/\/www.apucarana.pr.gov.br\/site\/wp-content\/uploads\/2024\/05\/MAIO-LARANJA-quadrado-3-1024x1024.jpg\" target=\"_self\"    >MAIO LARANJA - quadrado 3<\/a>\n\n\n\t<img decoding=\"async\" class=\"ms-thumb\" src=\"http:\/\/www.apucarana.pr.gov.br\/site\/wp-content\/uploads\/2024\/05\/MAIO-LARANJA-quadrado-3-1024x1024-140x80.jpg\" alt=\"MAIO LARANJA - quadrado 3\" \/>\n\t\t\t\t<\/div>\n\t\t\t<div  class=\"ms-slide\" data-delay=\"3\"    >\n\t\t\t\t\t<img decoding=\"async\" src=\"http:\/\/www.apucarana.pr.gov.br\/site\/wp-content\/plugins\/masterslider\/public\/assets\/css\/blank.gif\" alt=\"MAIO LARANJA - quadrado 4\" title=\"MAIO LARANJA - quadrado 4\" data-src=\"http:\/\/www.apucarana.pr.gov.br\/site\/wp-content\/uploads\/2024\/05\/MAIO-LARANJA-quadrado-4-1024x1024.jpg\" \/>\n\t<a href=\"http:\/\/www.apucarana.pr.gov.br\/site\/wp-content\/uploads\/2024\/05\/MAIO-LARANJA-quadrado-4-1024x1024.jpg\" target=\"_self\"    >MAIO LARANJA - quadrado 4<\/a>\n\n\n\t<img decoding=\"async\" class=\"ms-thumb\" src=\"http:\/\/www.apucarana.pr.gov.br\/site\/wp-content\/uploads\/2024\/05\/MAIO-LARANJA-quadrado-4-1024x1024-140x80.jpg\" alt=\"MAIO LARANJA - quadrado 4\" \/>\n\t\t\t\t<\/div>\n\t\t\t<div  class=\"ms-slide\" data-delay=\"3\"    >\n\t\t\t\t\t<img decoding=\"async\" src=\"http:\/\/www.apucarana.pr.gov.br\/site\/wp-content\/plugins\/masterslider\/public\/assets\/css\/blank.gif\" alt=\"MAIO LARANJA - quadrado 5\" title=\"MAIO LARANJA - quadrado 5\" data-src=\"http:\/\/www.apucarana.pr.gov.br\/site\/wp-content\/uploads\/2024\/05\/MAIO-LARANJA-quadrado-5.jpg\" \/>\n\t<a href=\"http:\/\/www.apucarana.pr.gov.br\/site\/wp-content\/uploads\/2024\/05\/MAIO-LARANJA-quadrado-5.jpg\" target=\"_self\"    >MAIO LARANJA - quadrado 5<\/a>\n\n\n\t<img decoding=\"async\" class=\"ms-thumb\" src=\"http:\/\/www.apucarana.pr.gov.br\/site\/wp-content\/uploads\/2024\/05\/MAIO-LARANJA-quadrado-5-140x80.jpg\" alt=\"MAIO LARANJA - quadrado 5\" \/>\n\t\t\t\t<\/div>\n\t\t\t<div  class=\"ms-slide\" data-delay=\"3\"    >\n\t\t\t\t\t<img decoding=\"async\" src=\"http:\/\/www.apucarana.pr.gov.br\/site\/wp-content\/plugins\/masterslider\/public\/assets\/css\/blank.gif\" alt=\"MAIO LARANJA - quadrado 6\" title=\"MAIO LARANJA - quadrado 6\" data-src=\"http:\/\/www.apucarana.pr.gov.br\/site\/wp-content\/uploads\/2024\/05\/MAIO-LARANJA-quadrado-6-1024x1024.jpg\" \/>\n\t<a href=\"http:\/\/www.apucarana.pr.gov.br\/site\/wp-content\/uploads\/2024\/05\/MAIO-LARANJA-quadrado-6-1024x1024.jpg\" target=\"_self\"    >MAIO LARANJA - quadrado 6<\/a>\n\n\n\t<img decoding=\"async\" class=\"ms-thumb\" src=\"http:\/\/www.apucarana.pr.gov.br\/site\/wp-content\/uploads\/2024\/05\/MAIO-LARANJA-quadrado-6-1024x1024-140x80.jpg\" alt=\"MAIO LARANJA - quadrado 6\" \/>\n\t\t\t\t<\/div>\n\t\t\t<div  class=\"ms-slide\" data-delay=\"3\"    >\n\t\t\t\t\t<img decoding=\"async\" src=\"http:\/\/www.apucarana.pr.gov.br\/site\/wp-content\/plugins\/masterslider\/public\/assets\/css\/blank.gif\" alt=\"MAIO LARANJA - quadrado 7\" title=\"MAIO LARANJA - quadrado 7\" data-src=\"http:\/\/www.apucarana.pr.gov.br\/site\/wp-content\/uploads\/2024\/05\/MAIO-LARANJA-quadrado-7-1024x1024.jpg\" \/>\n\t<a href=\"http:\/\/www.apucarana.pr.gov.br\/site\/wp-content\/uploads\/2024\/05\/MAIO-LARANJA-quadrado-7-1024x1024.jpg\" target=\"_self\"    >MAIO LARANJA - quadrado 7<\/a>\n\n\n\t<img decoding=\"async\" class=\"ms-thumb\" src=\"http:\/\/www.apucarana.pr.gov.br\/site\/wp-content\/uploads\/2024\/05\/MAIO-LARANJA-quadrado-7-1024x1024-140x80.jpg\" alt=\"MAIO LARANJA - quadrado 7\" \/>\n\t\t\t\t<\/div>\n\t\t\t<div  class=\"ms-slide\" data-delay=\"3\"    >\n\t\t\t\t\t<img decoding=\"async\" src=\"http:\/\/www.apucarana.pr.gov.br\/site\/wp-content\/plugins\/masterslider\/public\/assets\/css\/blank.gif\" alt=\"MAIO LARANJA - quadrado 8\" title=\"MAIO LARANJA - quadrado 8\" data-src=\"http:\/\/www.apucarana.pr.gov.br\/site\/wp-content\/uploads\/2024\/05\/MAIO-LARANJA-quadrado-8.jpg\" \/>\n\t<a href=\"http:\/\/www.apucarana.pr.gov.br\/site\/wp-content\/uploads\/2024\/05\/MAIO-LARANJA-quadrado-8.jpg\" target=\"_self\"    >MAIO LARANJA - quadrado 8<\/a>\n\n\n\t<img decoding=\"async\" class=\"ms-thumb\" src=\"http:\/\/www.apucarana.pr.gov.br\/site\/wp-content\/uploads\/2024\/05\/MAIO-LARANJA-quadrado-8-140x80.jpg\" alt=\"MAIO LARANJA - quadrado 8\" \/>\n\t\t\t\t<\/div>\n\t\t\t<div  class=\"ms-slide\" data-delay=\"3\"    >\n\t\t\t\t\t<img decoding=\"async\" src=\"http:\/\/www.apucarana.pr.gov.br\/site\/wp-content\/plugins\/masterslider\/public\/assets\/css\/blank.gif\" alt=\"MAIO LARANJA - quadrado 9\" title=\"MAIO LARANJA - quadrado 9\" data-src=\"http:\/\/www.apucarana.pr.gov.br\/site\/wp-content\/uploads\/2024\/05\/MAIO-LARANJA-quadrado-9-1024x1024.jpg\" \/>\n\t<a href=\"http:\/\/www.apucarana.pr.gov.br\/site\/wp-content\/uploads\/2024\/05\/MAIO-LARANJA-quadrado-9-1024x1024.jpg\" target=\"_self\"    >MAIO LARANJA - quadrado 9<\/a>\n\n\n\t<img decoding=\"async\" class=\"ms-thumb\" src=\"http:\/\/www.apucarana.pr.gov.br\/site\/wp-content\/uploads\/2024\/05\/MAIO-LARANJA-quadrado-9-1024x1024-140x80.jpg\" alt=\"MAIO LARANJA - quadrado 9\" \/>\n\t\t\t\t<\/div>\n\t\t\t<div  class=\"ms-slide\" data-delay=\"3\"    >\n\t\t\t\t\t<img decoding=\"async\" src=\"http:\/\/www.apucarana.pr.gov.br\/site\/wp-content\/plugins\/masterslider\/public\/assets\/css\/blank.gif\" alt=\"MAIO LARANJA - quadrado 10\" title=\"MAIO LARANJA - quadrado 10\" data-src=\"http:\/\/www.apucarana.pr.gov.br\/site\/wp-content\/uploads\/2024\/05\/MAIO-LARANJA-quadrado-10-1024x1024.jpg\" \/>\n\t<a href=\"http:\/\/www.apucarana.pr.gov.br\/site\/wp-content\/uploads\/2024\/05\/MAIO-LARANJA-quadrado-10-1024x1024.jpg\" target=\"_self\"    >MAIO LARANJA - quadrado 10<\/a>\n\n\n\t<img decoding=\"async\" class=\"ms-thumb\" src=\"http:\/\/www.apucarana.pr.gov.br\/site\/wp-content\/uploads\/2024\/05\/MAIO-LARANJA-quadrado-10-1024x1024-140x80.jpg\" alt=\"MAIO LARANJA - quadrado 10\" \/>\n\t\t\t\t<\/div>\n\n\t\t\t<\/div>\n\t\t\t<!-- END MasterSlider Main -->\n\n\t\t\t \n\t\t<\/div>\n\t\t<!-- END MasterSlider -->\n\n\t\t<script>\n\t\t( window.MSReady = window.MSReady || [] ).push( function( $ ) {\n\n\t\t\t\"use strict\";\n\t\t\tvar masterslider_9910 = new MasterSlider();\n\n\t\t\t\/\/ slider controls\n\t\t\tmasterslider_9910.control('arrows'     ,{ autohide:true, overVideo:true  });\n\t\t\tmasterslider_9910.control('thumblist'  ,{ autohide:false, overVideo:true, dir:'h', speed:17, inset:false, arrows:false, hover:false, customClass:'', align:'bottom',type:'thumbs', margin:2, width:140, height:80, space:2, fillMode:'fill'  });\n\t\t\t\/\/ slider setup\n\t\t\tmasterslider_9910.setup(\"MS69ef633f89910\", {\n\t\t\t\twidth           : 960,\n\t\t\t\theight          : 540,\n\t\t\t\tminHeight       : 0,\n\t\t\t\tspace           : 0,\n\t\t\t\tstart           : 1,\n\t\t\t\tgrabCursor      : true,\n\t\t\t\tswipe           : true,\n\t\t\t\tmouse           : true,\n\t\t\t\tkeyboard        : false,\n\t\t\t\tlayout          : \"fillwidth\",\n\t\t\t\twheel           : false,\n\t\t\t\tautoplay        : true,\n                instantStartLayers:false,\n\t\t\t\tmobileBGVideo:false,\n\t\t\t\tloop            : true,\n\t\t\t\tshuffle         : false,\n\t\t\t\tpreload         : 3,\n\t\t\t\theightLimit     : false,\n\t\t\t\tautoHeight      : false,\n\t\t\t\tsmoothHeight    : true,\n\t\t\t\tendPause        : false,\n\t\t\t\toverPause       : false,\n\t\t\t\tfillMode        : \"fill\",\n\t\t\t\tcenterControls  : true,\n\t\t\t\tstartOnAppear   : false,\n\t\t\t\tlayersMode      : \"center\",\n\t\t\t\tautofillTarget  : \"\",\n\t\t\t\thideLayers      : false,\n\t\t\t\tfullscreenMargin: 0,\n\t\t\t\tspeed           : 17,\n\t\t\t\tdir             : \"h\",\n\t\t\t\tresponsive      : true,\n\t\t\t\ttabletWidth     : 768,\n\t\t\t\ttabletHeight    : null,\n\t\t\t\tphoneWidth      : 480,\n\t\t\t\tphoneHeight    : null,\n\t\t\t\tsizingReference : window,\n\t\t\t\tparallaxMode    : 'swipe',\n\t\t\t\tview            : \"basic\"\n\t\t\t});\n\n\t\t\t\n\t\t\twindow.masterslider_instances = window.masterslider_instances || [];\n\t\t\twindow.masterslider_instances.push( masterslider_9910 );\n\t\t});\n\t\t<\/script>\n\n\n<p>Neste s\u00e1bado (18\/5), celebra-se o Dia Nacional de Combate ao Abuso e \u00e0 Explora\u00e7\u00e3o Sexual de Crian\u00e7as e Adolescentes. Em alus\u00e3o \u00e0 data, a Autarquia Municipal de Educa\u00e7\u00e3o est\u00e1 realizando diversas atividades de conscientiza\u00e7\u00e3o, nesta semana, nos 24 CMEIS e nas 36 escolas da sua rede.<\/p>\n<p>\u201cOs crimes sexuais contra crian\u00e7as e adolescentes representam uma das mais graves viola\u00e7\u00f5es aos direitos humanos. Conforme dados da Organiza\u00e7\u00e3o Mundial de Sa\u00fade (OMS), no Brasil, 320 crian\u00e7as e adolescentes s\u00e3o v\u00edtimas desse crime hediondo a cada 24 horas. Mas o n\u00famero pode ser muito maior, tendo em vista que muitos casos n\u00e3o s\u00e3o denunciados. As escolas t\u00eam papel fundamental na preven\u00e7\u00e3o,\u201d disse o prefeito Junior da Femac.<\/p>\n<p>Como o p\u00fablico dos CMEIS e Escolas Municipais \u00e9 formado por crian\u00e7as com idades entre quatro meses e dez anos, a Autarquia de Educa\u00e7\u00e3o orienta os professores a trabalharem o tema de forma l\u00fadica em sala de aula.<\/p>\n<p>\u201cPor meio de atividades como teatros, conta\u00e7\u00e3o de hist\u00f3rias e brincadeiras, os estudantes aprendem que algumas partes do seu corpo s\u00e3o \u00edntimas e n\u00e3o devem ser vistas ou tocadas por outras pessoas, com exce\u00e7\u00e3o de situa\u00e7\u00f5es espec\u00edficas, como quando o papai ou a mam\u00e3e est\u00e3o lhes ajudando no banho ou quando v\u00e3o ao m\u00e9dico. Eles tamb\u00e9m s\u00e3o ensinados que guardar segredos pode ser prejudicial,\u201d explicou a secret\u00e1ria de educa\u00e7\u00e3o, Professora Marli Fernandes.<\/p>\n<p>A Autarquia de Educa\u00e7\u00e3o promove a\u00e7\u00f5es de preven\u00e7\u00e3o e combate ao abuso sexual regularmente, ao longo do ano letivo, nos seus CMEIS e Escolas, em parceria com a Secretaria da Mulher e Assuntos da Fam\u00edlia e a Macrorrede de Prote\u00e7\u00e3o \u00e0s Crian\u00e7as e Adolescentes. \u201cEntretanto, n\u00f3s refor\u00e7amos as atividades nesta semana em refer\u00eancia ao Dia Nacional de Combate ao Abuso e \u00e0 Explora\u00e7\u00e3o Sexual de Crian\u00e7as e Adolescentes e \u00e0 campanha Maio Laranja,\u201d acrescentou a secret\u00e1ria.<\/p>\n","protected":false},"excerpt":{"rendered":"<p>Neste s&aacute;bado (18\/5), celebra-se o Dia Nacional de Combate ao Abuso e &agrave; Explora&ccedil;&atilde;o Sexual de Crian&ccedil;as e Adolescentes. Em alus&atilde;o &agrave; data, a Autarquia Municipal de Educa&ccedil;&atilde;o est&aacute; realizando diversas atividades de conscientiza&ccedil;&atilde;o, nesta semana, nos 24 CMEIS e nas 36 escolas da sua rede. &ldquo;Os crimes sexuais contra crian&ccedil;as e adolescentes representam uma [&hellip;]<\/p>\n","protected":false},"author":8,"featured_media":97107,"comment_status":"closed","ping_status":"closed","sticky":false,"template":"","format":"standard","meta":{"footnotes":""},"categories":[24],"tags":[],"class_list":["post-97106","post","type-post","status-publish","format-standard","has-post-thumbnail","hentry","category-noticias"],"acf":[],"_links":{"self":[{"href":"http:\/\/www.apucarana.pr.gov.br\/site\/wp-json\/wp\/v2\/posts\/97106","targetHints":{"allow":["GET"]}}],"collection":[{"href":"http:\/\/www.apucarana.pr.gov.br\/site\/wp-json\/wp\/v2\/posts"}],"about":[{"href":"http:\/\/www.apucarana.pr.gov.br\/site\/wp-json\/wp\/v2\/types\/post"}],"author":[{"embeddable":true,"href":"http:\/\/www.apucarana.pr.gov.br\/site\/wp-json\/wp\/v2\/users\/8"}],"replies":[{"embeddable":true,"href":"http:\/\/www.apucarana.pr.gov.br\/site\/wp-json\/wp\/v2\/comments?post=97106"}],"version-history":[{"count":1,"href":"http:\/\/www.apucarana.pr.gov.br\/site\/wp-json\/wp\/v2\/posts\/97106\/revisions"}],"predecessor-version":[{"id":97117,"href":"http:\/\/www.apucarana.pr.gov.br\/site\/wp-json\/wp\/v2\/posts\/97106\/revisions\/97117"}],"wp:featuredmedia":[{"embeddable":true,"href":"http:\/\/www.apucarana.pr.gov.br\/site\/wp-json\/wp\/v2\/media\/97107"}],"wp:attachment":[{"href":"http:\/\/www.apucarana.pr.gov.br\/site\/wp-json\/wp\/v2\/media?parent=97106"}],"wp:term":[{"taxonomy":"category","embeddable":true,"href":"http:\/\/www.apucarana.pr.gov.br\/site\/wp-json\/wp\/v2\/categories?post=97106"},{"taxonomy":"post_tag","embeddable":true,"href":"http:\/\/www.apucarana.pr.gov.br\/site\/wp-json\/wp\/v2\/tags?post=97106"}],"curies":[{"name":"wp","href":"https:\/\/api.w.org\/{rel}","templated":true}]}}