{"id":9707,"date":"2017-09-19T14:18:23","date_gmt":"2017-09-19T17:18:23","guid":{"rendered":"http:\/\/172.16.0.7\/site-antigo\/?p=9707"},"modified":"2024-10-08T09:14:33","modified_gmt":"2024-10-08T12:14:33","slug":"promatur-intensifica-inscricoes-para-a-caminhada-da-juruba-2","status":"publish","type":"post","link":"http:\/\/www.apucarana.pr.gov.br\/site\/promatur-intensifica-inscricoes-para-a-caminhada-da-juruba-2\/","title":{"rendered":"Promatur intensifica inscri\u00e7\u00f5es para a Caminhada Internacional da Juruba"},"content":{"rendered":"<p>Os adeptos das caminhadas rurais j\u00e1 podem efetivar inscri\u00e7\u00e3o na 8\u00aa Caminhada Internacional da Juruba, que acontece neste dia 24 de setembro. A Secretaria da Promo\u00e7\u00e3o Art\u00edstica, Cultural e Tur\u00edstica da Prefeitura de Apucarana (Promatur), que promove o roteiro em parceria com o Instituto Emater, solicita que as pessoas n\u00e3o deixem para a \u00faltima hora. \u201cPrecisamos que os praticantes confirmem participa\u00e7\u00e3o o quanto antes, para que possamos prever e executar uma s\u00e9rie de pontos da organiza\u00e7\u00e3o tendo em vista o n\u00famero de participantes\u201d frisa a professora Maria Agar Borba Ferreira, secret\u00e1ria da Promatur.<br \/>\nA atividade \u00e9 um circuito credenciado junto ao projeto Caminhadas da Natureza do Paran\u00e1, Federa\u00e7\u00e3o Internacional dos Esportes Populares e Anda Brasil. O percurso \u00e9 de 8 quil\u00f4metros com sa\u00edda \u00e0s 7h30 da Pra\u00e7a Valmor Santos Giavarina (Pra\u00e7a da Cascata). Entre os atrativos estar\u00e3o contato com lindas paisagens da natureza, feira de produtos da agricultura familiar e produtos org\u00e2nicos. O inicio ser\u00e1 \u00a0no Sitio Bertasso com caf\u00e9 da manh\u00e3 por ades\u00e3o, em seguida uma passagem pelo pesque-pague Suguiura, e finalizando com almo\u00e7o por ades\u00e3o na Esta\u00e7\u00e3o Ecol\u00f3gica Mina d\u2019\u00e1gua.<br \/>\nA participa\u00e7\u00e3o na caminhada \u00e9 gratuita e a inscri\u00e7\u00e3o deve ser feita pelo site\u00a0<a href=\"http:\/\/www.ecobooking.info\/\">www.ecobooking.info<\/a>. Foram taxados por ades\u00e3o, somente as refei\u00e7\u00f5es oferecidas durante o trajeto, ao custo de R$15 o caf\u00e9 da manh\u00e3 e R$25 o almo\u00e7o. Somente ter\u00e3o direito \u00e0 alimenta\u00e7\u00e3o os que aderiram e realizaram o pagamento antecipado via dep\u00f3sito no ato da inscri\u00e7\u00e3o. \u201cEste \u00e9 um ponto muito importante, pois n\u00e3o ser\u00e1 vendido cart\u00e3o alimenta\u00e7\u00e3o no dia da caminhada\u201d, alerta Maria Agar.<br \/>\nA 8\u00aa Caminhada Internacional da Juruba conta com apoio das autarquias municipais da Educa\u00e7\u00e3o (AME) e da Sa\u00fade (AMS), Guarda Municipal de Apucarana (GMA), Rede TRAF (Rede de Turismo Rural na Agricultura Familiar), e escrit\u00f3rio Regional da Secretaria de Estado da Agricultura e Abastecimento (Seab).<br \/>\n<strong>Servi\u00e7o:<\/strong>\u00a0Al\u00e9m do site para inscri\u00e7\u00f5es, mais esclarecimentos podem ser obtidos no Centro de Informa\u00e7\u00f5es Tur\u00edsticas (CIT) na Pra\u00e7a da Cascata, pelo e-mail\u00a0<a href=\"mailto:caminhadas.apucarana@gmail.com\">caminhadas.apucarana@gmail.com<\/a>\u00a0ou pelo telefone 3422-9023.<\/p>\n","protected":false},"excerpt":{"rendered":"<p>A participa\u00e7\u00e3o na caminhada \u00e9 gratuita e a inscri\u00e7\u00e3o deve ser feita pelo site www.ecobooking.info. Foram taxados por ades\u00e3o, somente as refei\u00e7\u00f5es oferecidas durante o trajeto (Fotos: Josias Profeta) <\/p>\n","protected":false},"author":4,"featured_media":9708,"comment_status":"closed","ping_status":"open","sticky":false,"template":"","format":"standard","meta":{"footnotes":""},"categories":[24],"tags":[],"class_list":["post-9707","post","type-post","status-publish","format-standard","has-post-thumbnail","hentry","category-noticias"],"acf":[],"_links":{"self":[{"href":"http:\/\/www.apucarana.pr.gov.br\/site\/wp-json\/wp\/v2\/posts\/9707","targetHints":{"allow":["GET"]}}],"collection":[{"href":"http:\/\/www.apucarana.pr.gov.br\/site\/wp-json\/wp\/v2\/posts"}],"about":[{"href":"http:\/\/www.apucarana.pr.gov.br\/site\/wp-json\/wp\/v2\/types\/post"}],"author":[{"embeddable":true,"href":"http:\/\/www.apucarana.pr.gov.br\/site\/wp-json\/wp\/v2\/users\/4"}],"replies":[{"embeddable":true,"href":"http:\/\/www.apucarana.pr.gov.br\/site\/wp-json\/wp\/v2\/comments?post=9707"}],"version-history":[{"count":1,"href":"http:\/\/www.apucarana.pr.gov.br\/site\/wp-json\/wp\/v2\/posts\/9707\/revisions"}],"predecessor-version":[{"id":102037,"href":"http:\/\/www.apucarana.pr.gov.br\/site\/wp-json\/wp\/v2\/posts\/9707\/revisions\/102037"}],"wp:featuredmedia":[{"embeddable":true,"href":"http:\/\/www.apucarana.pr.gov.br\/site\/wp-json\/"}],"wp:attachment":[{"href":"http:\/\/www.apucarana.pr.gov.br\/site\/wp-json\/wp\/v2\/media?parent=9707"}],"wp:term":[{"taxonomy":"category","embeddable":true,"href":"http:\/\/www.apucarana.pr.gov.br\/site\/wp-json\/wp\/v2\/categories?post=9707"},{"taxonomy":"post_tag","embeddable":true,"href":"http:\/\/www.apucarana.pr.gov.br\/site\/wp-json\/wp\/v2\/tags?post=9707"}],"curies":[{"name":"wp","href":"https:\/\/api.w.org\/{rel}","templated":true}]}}