{"id":9685,"date":"2017-09-19T10:25:36","date_gmt":"2017-09-19T13:25:36","guid":{"rendered":"http:\/\/172.16.0.7\/site-antigo\/?p=9685"},"modified":"2024-10-08T09:14:34","modified_gmt":"2024-10-08T12:14:34","slug":"prefeitura-inicia-intervencoes-na-praca-do-redondo","status":"publish","type":"post","link":"http:\/\/www.apucarana.pr.gov.br\/site\/prefeitura-inicia-intervencoes-na-praca-do-redondo\/","title":{"rendered":"Prefeitura inicia interven\u00e7\u00f5es na \u201cPra\u00e7a do Redondo\u201d"},"content":{"rendered":"<p>Com um mutir\u00e3o de oper\u00e1rios, na manh\u00e3 de domingo (17), a Prefeitura de Apucarana deu in\u00edcio \u00e0s interven\u00e7\u00f5es que planeja executar na Pra\u00e7a Interventor Manoel Ribas, ou \u201cpra\u00e7a do redondo\u201d, como \u00e9 mais conhecida. Foram abatidos cinco alfineiros, um flaboyant e duas sibipirunas, do total de setenta e seis \u00e1rvores da pra\u00e7a, todas ex\u00f3ticas, ou seja, n\u00e3o s\u00e3o nativas e sim plantadas no local.<br \/>\nO prefeito Beto Preto explica que s\u00e3o \u00e1rvores que estavam comprometidas e que at\u00e9 geravam risco de acidentes com pedestres. Tamb\u00e9m foi providenciada uma poda de rebrota em oitenta por cento das \u00e1rvores da pra\u00e7a, al\u00e9m de eliminar parasitas de outras. \u201cAs \u00e1rvores que foram retiradas ser\u00e3o em breve substitu\u00eddas por outras esp\u00e9cies de menor porte e mais adequadas para o espa\u00e7o urbano\u201d, anuncia.<br \/>\nAntes do plantio de novas \u00e1rvores, a prefeitura vai substituir parte dos pavers por ladrilhos hidr\u00e1ulicos, e ainda recuperar tubula\u00e7\u00f5es de \u00e1guas pluviais danificadas. \u201cCom a substitui\u00e7\u00e3o do piso pretendemos reduzir a absor\u00e7\u00e3o de \u00e1gua que, com as fezes das aves, acarretam forte odor em toda a regi\u00e3o\u201d, explica Beto Preto.<br \/>\n\u201c\u00c0s vezes \u00e9 preciso tomar decis\u00f5es contr\u00e1rias ao que defendo. Por\u00e9m, neste caso, o abate de \u00e1rvores \u00e9 necess\u00e1rio, diante de uma situa\u00e7\u00e3o de risco sanit\u00e1rio\u201d, pondera. Nossa proposta \u00e9 revitalizar o ambiente e melhorar os jardins e o cal\u00e7amento, com investimentos de baixo custo, visando afastar o risco de zoonoses e ampliar a conviv\u00eancia na pra\u00e7a\u201d, comenta o prefeito.<br \/>\n<strong>Mudan\u00e7as foram discutidas em audi\u00eancias p\u00fablicas<\/strong><br \/>\nV\u00e1rias audi\u00eancias p\u00fablicas foram realizadas para discutir a complicada situa\u00e7\u00e3o da pra\u00e7a, sendo que a \u00faltima delas convocada por iniciativa do vereador Luciano Molina. E, na \u00faltima realizada em maio, o ent\u00e3o representante da Promotoria de Defesa do Meio Ambiente, Thiago Cava,participou da reuni\u00e3o e destacou que o abate de \u00e1rvores \u00e9 totalmente legal desde que haja uma compensa\u00e7\u00e3o ambiental. Ele frisou que nunca proibiu o abate, mas que \u00e9 necess\u00e1ria uma compensa\u00e7\u00e3o. \u201cNa Pra\u00e7a em quest\u00e3o, as arvores s\u00e3o ex\u00f3ticas e n\u00e3o nativas. Temos que solucionar o problema antes que vire uma quest\u00e3o de sa\u00fade p\u00fablica\u201d, refor\u00e7ou a \u00e9poca o promotor.<br \/>\nDesta audi\u00eancia p\u00fablica, realizada em maio, participaram moradores e comerciantes da Pra\u00e7a Interventor Manoel Ribas, membros do Legislativo, Executivo e Judici\u00e1rio, representantes da Feira da Lua, entidades de Classe, o Gaia (Grupo Ambientalista Interdisciplinar de Apucarana), OAB e Conselho Municipal de Meio Ambiente.<br \/>\n&nbsp;<\/p>\n","protected":false},"excerpt":{"rendered":"<p>\u00c1rvores em situa\u00e7\u00e3o de risco e sujeira das andorinhas incomodam moradores e comerciantes da regi\u00e3o.  (Foto: Josias Profeta)<\/p>\n","protected":false},"author":4,"featured_media":9689,"comment_status":"closed","ping_status":"open","sticky":false,"template":"","format":"standard","meta":{"footnotes":""},"categories":[24],"tags":[],"class_list":["post-9685","post","type-post","status-publish","format-standard","has-post-thumbnail","hentry","category-noticias"],"acf":[],"_links":{"self":[{"href":"http:\/\/www.apucarana.pr.gov.br\/site\/wp-json\/wp\/v2\/posts\/9685","targetHints":{"allow":["GET"]}}],"collection":[{"href":"http:\/\/www.apucarana.pr.gov.br\/site\/wp-json\/wp\/v2\/posts"}],"about":[{"href":"http:\/\/www.apucarana.pr.gov.br\/site\/wp-json\/wp\/v2\/types\/post"}],"author":[{"embeddable":true,"href":"http:\/\/www.apucarana.pr.gov.br\/site\/wp-json\/wp\/v2\/users\/4"}],"replies":[{"embeddable":true,"href":"http:\/\/www.apucarana.pr.gov.br\/site\/wp-json\/wp\/v2\/comments?post=9685"}],"version-history":[{"count":1,"href":"http:\/\/www.apucarana.pr.gov.br\/site\/wp-json\/wp\/v2\/posts\/9685\/revisions"}],"predecessor-version":[{"id":102039,"href":"http:\/\/www.apucarana.pr.gov.br\/site\/wp-json\/wp\/v2\/posts\/9685\/revisions\/102039"}],"wp:featuredmedia":[{"embeddable":true,"href":"http:\/\/www.apucarana.pr.gov.br\/site\/wp-json\/"}],"wp:attachment":[{"href":"http:\/\/www.apucarana.pr.gov.br\/site\/wp-json\/wp\/v2\/media?parent=9685"}],"wp:term":[{"taxonomy":"category","embeddable":true,"href":"http:\/\/www.apucarana.pr.gov.br\/site\/wp-json\/wp\/v2\/categories?post=9685"},{"taxonomy":"post_tag","embeddable":true,"href":"http:\/\/www.apucarana.pr.gov.br\/site\/wp-json\/wp\/v2\/tags?post=9685"}],"curies":[{"name":"wp","href":"https:\/\/api.w.org\/{rel}","templated":true}]}}