{"id":9668,"date":"2017-09-18T17:24:16","date_gmt":"2017-09-18T20:24:16","guid":{"rendered":"http:\/\/172.16.0.7\/site-antigo\/?p=9668"},"modified":"2024-10-08T09:14:34","modified_gmt":"2024-10-08T12:14:34","slug":"vereadores-percorrem-trechos-do-projeto-interbairros","status":"publish","type":"post","link":"http:\/\/www.apucarana.pr.gov.br\/site\/vereadores-percorrem-trechos-do-projeto-interbairros\/","title":{"rendered":"Vereadores percorrem trechos do Projeto Interbairros"},"content":{"rendered":"<p>Sete dos 11 vereadores de Apucarana aceitaram convite do prefeito Beto Preto e, nesta segunda-feira (18\/09), vistoriaram \u201cin loco\u201d a execu\u00e7\u00e3o dos mais recentes trechos de pavimenta\u00e7\u00e3o do Projeto Interbairros, iniciativa da Prefeitura de Apucarana que vem promovendo o asfaltamento de diversas ruas, em especial as respons\u00e1veis pela integra\u00e7\u00e3o de comunidades. O trajeto foi feito em uma van do Munic\u00edpio e, entre um destino e outro, o prefeito repassava detalhes t\u00e9cnicos e aspectos sociais da benfeitoria. \u201cO que os vereadores presenciaram neste \u201ctour\u201d foi a transforma\u00e7\u00e3o da realidade social para essas comunidades, fruto de uma administra\u00e7\u00e3o voltada a atender a quem mais precisa\u201d, pontuou Beto Preto, que dividiu os m\u00e9ritos do projeto com a popula\u00e7\u00e3o. \u201cO mandato \u00e9 da popula\u00e7\u00e3o, ent\u00e3o tudo que vem acontecendo em Apucarana \u00e9 pelas m\u00e3os do povo. O prefeito \u00e9 apenas instrumento de realiza\u00e7\u00e3o da vontade do cidad\u00e3o, miss\u00e3o que busco realizar da melhor maneira poss\u00edvel dia a dia\u201d, disse o prefeito.<br \/>\nEle lembrou que a ideia do Projeto Interbairros \u00e9 justamente dar fim h\u00e1 anos de sofrimento por parte de moradores. \u201cS\u00e3o em geral trechos pequenos, cuja pavimenta\u00e7\u00e3o foi negligenciada pelos prefeitos que me antecederam, mas que simbolizaram anos de fragmenta\u00e7\u00e3o, distanciamento entre as comunidades, mesmo estando elas lado a lado, sem contar com o barro e a poeira, que agora t\u00eam fim\u201d, frisou Beto Preto. Segundo ele, mais do que pavimenta\u00e7\u00e3o de ruas, o projeto promove a aproxima\u00e7\u00e3o e a conviv\u00eancia entre os bairros, levando a cidadania plena aos moradores.<br \/>\nAs obras visitadas representam R$1.655.425,63 de investimentos p\u00fablicos. A primeira parada foi na Rua Benevides Mesquita (liga\u00e7\u00e3o do Jardim das Flores com o Jardim Iguatemi), onde foi executada pavimenta\u00e7\u00e3o e drenagem em trecho de 1,8 mil metros quadrados (R$145 mil). Ap\u00f3s, seguiram para a pavimenta\u00e7\u00e3o, drenagem e execu\u00e7\u00e3o de cal\u00e7ada de trecho da Rua Let\u00e9rio Livoti, no Loteamento Belvedere (R$399 mil), pavimenta\u00e7\u00e3o e drenagem de vias do Recanto Mundo Novo, em um total de 7,5 mil metros quadrados (R$530 mil). Nesta parada, o prefeito destacou aos vereadores que, em parceria com os moradores, ser\u00e1 executada mais uma etapa do projeto \u201cCal\u00e7ada Solid\u00e1ria\u201d, que \u00e9 executado em parceria com os moradores.<br \/>\nNa sequ\u00eancia do roteiro, a comitiva passou pelo Parque Bela Vista, onde a prefeitura executou recentemente a aplica\u00e7\u00e3o de 10 mil metros quadrados de microrrevestimento asf\u00e1ltico (R$113 mil), e encerrou o \u201ctour\u201d na Rua Ivanir Barboza de Farias, na Vila Apucaraninha (liga\u00e7\u00e3o com o Jardim P\u00f4r do Sol), que recebeu pavimenta\u00e7\u00e3o em trecho de 30 metros lineares (R$15 mil). Neste ponto, o prefeito Beto Preto destacou ainda o projeto de reativa\u00e7\u00e3o de um Centro Municipal de Educa\u00e7\u00e3o Infantil (CMEI) na Vila Apucaraninha. \u201cAdquirimos a \u00e1rea de onde funcionou por muitos anos a creche do Centro de Promo\u00e7\u00e3o Humana S\u00e3o Benedito (Ceprhusb), que fica aqui logo atr\u00e1s. O terreno, de 5.004,28 metros quadrados, conta com a edifica\u00e7\u00e3o de alvenaria de 500 metros quadrados. Vamos agora reformar o espa\u00e7o e reativ\u00e1-lo. Ser\u00e1 uma creche moderna, de acordo com padr\u00f5es t\u00e9cnicos exigidos pelo FNDE, Vigil\u00e2ncia Sanit\u00e1ria, Corpo de Bombeiros. De 60 vai saltar para 150 vagas\u201d, concluiu o prefeito. O valor do investimento \u00e9 de R$453.25,63.<br \/>\nAo fazer um balan\u00e7o do evento, o Beto Preto destacou o interesse dos vereadores presentes. \u201cExistem muitas obras acontecendo simultaneamente em Apucarana e nem sempre o vereador tem a disponibilidade de estar acompanhando todas. \u00c0s vezes ouve falar, mas bom \u00e9 ver de que forma foram ou est\u00e3o sendo executadas, e esse \u201ctour\u201d cumpriu essa miss\u00e3o. Como prefeito, busco valorizar os vereadores, em especial aos que v\u00eam dando sustenta\u00e7\u00e3o a esses projetos importantes para a cidade\u201d, agradeceu Beto Preto.<br \/>\nO presidente da C\u00e2mara Municipal, vereador Mauro Bertoli, tamb\u00e9m considerou positiva a experi\u00eancia.<br \/>\n\u201cPudemos constatar que todas as obras est\u00e3o executadas da melhor maneira e que s\u00e3o investimentos que contribuem para que a popula\u00e7\u00e3o tenha maior qualidade de vida\u201d, destacou Bertoli. Ele parabenizou o prefeito pelo \u201colhar social\u201d e frisou a contribui\u00e7\u00e3o da C\u00e2mara de Vereadores. \u201cO prefeito Beto Preto sempre sens\u00edvel \u00e0s causas da popula\u00e7\u00e3o e realmente, este projeto Interbairros vem dando solu\u00e7\u00e3o h\u00e1 anos de sofrimento. Pequenos trechos, de 30 metros, 50 metros, 100 a 200 metros, que por n\u00e3o estarem pavimentados obrigavam os moradores a darem voltas grandes, de at\u00e9 dois quil\u00f4metros para terem acesso \u00e0s suas resid\u00eancias. Isso agora est\u00e1 acabando, E importante lembrar que a C\u00e2mara est\u00e1 sempre presente, dando apoio a esses projetos, muitas vezes os aprovando em tempo recorde para que a prefeitura n\u00e3o perca os recursos\u201d, disse o presidente da Casa de Leis.<br \/>\nAl\u00e9m de Mauro Bertoli, participaram do roteiro os vereadores Lucas Leugi, Franciley \u201cPoim\u201d de Godoi, M\u00e1rcia de Sousa, Marquinhos da Vila Reis, Gentil Pereira de Souza Filho e Ant\u00f4nio Carlos Sidrin, o secret\u00e1rio Municipal de Obras Herivelto Moreno e o procurador-geral da prefeitura, Paulo S\u00e9rgio Vital.<br \/>\nOu\u00e7a os \u00e1udios desta not\u00edcia:<br \/>\nhttps:\/\/soundcloud.com\/prefeitura-municipal-apucarana\/beto-preto-vistoria-obras-18-09-17<br \/>\nhttps:\/\/soundcloud.com\/prefeitura-municipal-apucarana\/mauro-bertoli-vistoria-obras-18-09-17<br \/>\nhttps:\/\/soundcloud.com\/prefeitura-municipal-apucarana\/aparecida-silva-vistoria-obras-18-09-17<br \/>\nhttps:\/\/soundcloud.com\/prefeitura-municipal-apucarana\/maria-rosa-ferreira-vistoria-obras-18-09-17<\/p>\n","protected":false},"excerpt":{"rendered":"<p>A iniciativa da Prefeitura de Apucarana vem promovendo o asfaltamento de diversas ruas, em especial as respons\u00e1veis pela integra\u00e7\u00e3o de comunidades (Foto: Edson Denobi)<\/p>\n","protected":false},"author":4,"featured_media":9674,"comment_status":"closed","ping_status":"open","sticky":false,"template":"","format":"standard","meta":{"footnotes":""},"categories":[24],"tags":[],"class_list":["post-9668","post","type-post","status-publish","format-standard","has-post-thumbnail","hentry","category-noticias"],"acf":[],"_links":{"self":[{"href":"http:\/\/www.apucarana.pr.gov.br\/site\/wp-json\/wp\/v2\/posts\/9668","targetHints":{"allow":["GET"]}}],"collection":[{"href":"http:\/\/www.apucarana.pr.gov.br\/site\/wp-json\/wp\/v2\/posts"}],"about":[{"href":"http:\/\/www.apucarana.pr.gov.br\/site\/wp-json\/wp\/v2\/types\/post"}],"author":[{"embeddable":true,"href":"http:\/\/www.apucarana.pr.gov.br\/site\/wp-json\/wp\/v2\/users\/4"}],"replies":[{"embeddable":true,"href":"http:\/\/www.apucarana.pr.gov.br\/site\/wp-json\/wp\/v2\/comments?post=9668"}],"version-history":[{"count":1,"href":"http:\/\/www.apucarana.pr.gov.br\/site\/wp-json\/wp\/v2\/posts\/9668\/revisions"}],"predecessor-version":[{"id":102040,"href":"http:\/\/www.apucarana.pr.gov.br\/site\/wp-json\/wp\/v2\/posts\/9668\/revisions\/102040"}],"wp:featuredmedia":[{"embeddable":true,"href":"http:\/\/www.apucarana.pr.gov.br\/site\/wp-json\/"}],"wp:attachment":[{"href":"http:\/\/www.apucarana.pr.gov.br\/site\/wp-json\/wp\/v2\/media?parent=9668"}],"wp:term":[{"taxonomy":"category","embeddable":true,"href":"http:\/\/www.apucarana.pr.gov.br\/site\/wp-json\/wp\/v2\/categories?post=9668"},{"taxonomy":"post_tag","embeddable":true,"href":"http:\/\/www.apucarana.pr.gov.br\/site\/wp-json\/wp\/v2\/tags?post=9668"}],"curies":[{"name":"wp","href":"https:\/\/api.w.org\/{rel}","templated":true}]}}