{"id":9664,"date":"2017-09-18T17:17:11","date_gmt":"2017-09-18T20:17:11","guid":{"rendered":"http:\/\/172.16.0.7\/site-antigo\/?p=9664"},"modified":"2024-10-08T09:14:34","modified_gmt":"2024-10-08T12:14:34","slug":"prefeitura-lanca-o-calcada-solidaria-no-recanto-mundo-novo","status":"publish","type":"post","link":"http:\/\/www.apucarana.pr.gov.br\/site\/prefeitura-lanca-o-calcada-solidaria-no-recanto-mundo-novo\/","title":{"rendered":"Prefeitura lan\u00e7a o \u201cCal\u00e7ada Solid\u00e1ria\u201d no Recanto Mundo Novo"},"content":{"rendered":"<p>Em reuni\u00e3o realizada na manh\u00e3 deste domingo (17), no Recanto Mundo Novo, cerca de 30 fam\u00edlias aderiram ao projeto \u201cCal\u00e7ada Solid\u00e1ria\u201d. O Secret\u00e1rio de Governo, La\u00e9rcio de Morais, representando o prefeito Beto Preto, conduziu a discuss\u00e3o com os moradores do bairro.<br \/>\n\u201cRecentemente, foram conclu\u00eddas as obras de pavimenta\u00e7\u00e3o de ruas do bairro e, na ocasi\u00e3o, o prefeito constatou que v\u00e1rias casas ainda n\u00e3o disp\u00f5em de cal\u00e7adas\u201d, relatou Morais, acrescentando que ele prop\u00f4s uma parceria com os moradores do Recanto Mundo Novo, por meio do projeto Cal\u00e7ada Solid\u00e1ria.<br \/>\nPelo projeto, j\u00e1 desenvolvido em outros bairros, a prefeitura oferece dois pedreiros e dois serventes, que ajudam os moradores no trabalho de nivelamento do terreno, coloca\u00e7\u00e3o de brita e taliscas. \u201cA prefeitura tamb\u00e9m doa as pedras e o concreto e, em contrapartida, espera obter a parceria dos moradores com a m\u00e3o de obra\u201d, explicou o secret\u00e1rio La\u00e9rcio de Morais.<br \/>\n\u201cFizemos a oferta da parceria e a ades\u00e3o foi muito boa, com 30 fam\u00edlias assinando de imediato o documento do cal\u00e7ada solid\u00e1ria, e que as obras j\u00e1 foram iniciadas nesta segunda-feira (18)\u201d, informou Morais.<br \/>\nSegundo o prefeito Beto Preto que vistoriou o in\u00edcio das obras nesta segunda-feira, a falta de cal\u00e7adas prejudica as pessoas. \u201cPrecisamos trabalhar mais alternativas de acessibilidade e mobilidade urbana, visando favorecer principalmente idosos, crian\u00e7as, gestantes e portadores de defici\u00eancia\u201d, avalia o prefeito, manifestando sua satisfa\u00e7\u00e3o pela ades\u00e3o dos moradores do Recanto Mundo Novo. \u201cCom certeza, o bairro vai ficar melhor para todos&#8221;.<\/p>\n","protected":false},"excerpt":{"rendered":"<p>Bairro que recentemente recebeu a pavimenta\u00e7\u00e3o asf\u00e1ltica de ruas ser\u00e1 beneficiado com o projeto desenvolvido pela prefeitura (Fotos: Edson Denobi) <\/p>\n","protected":false},"author":4,"featured_media":9667,"comment_status":"closed","ping_status":"open","sticky":false,"template":"","format":"standard","meta":{"footnotes":""},"categories":[24],"tags":[],"class_list":["post-9664","post","type-post","status-publish","format-standard","has-post-thumbnail","hentry","category-noticias"],"acf":[],"_links":{"self":[{"href":"http:\/\/www.apucarana.pr.gov.br\/site\/wp-json\/wp\/v2\/posts\/9664","targetHints":{"allow":["GET"]}}],"collection":[{"href":"http:\/\/www.apucarana.pr.gov.br\/site\/wp-json\/wp\/v2\/posts"}],"about":[{"href":"http:\/\/www.apucarana.pr.gov.br\/site\/wp-json\/wp\/v2\/types\/post"}],"author":[{"embeddable":true,"href":"http:\/\/www.apucarana.pr.gov.br\/site\/wp-json\/wp\/v2\/users\/4"}],"replies":[{"embeddable":true,"href":"http:\/\/www.apucarana.pr.gov.br\/site\/wp-json\/wp\/v2\/comments?post=9664"}],"version-history":[{"count":1,"href":"http:\/\/www.apucarana.pr.gov.br\/site\/wp-json\/wp\/v2\/posts\/9664\/revisions"}],"predecessor-version":[{"id":102041,"href":"http:\/\/www.apucarana.pr.gov.br\/site\/wp-json\/wp\/v2\/posts\/9664\/revisions\/102041"}],"wp:featuredmedia":[{"embeddable":true,"href":"http:\/\/www.apucarana.pr.gov.br\/site\/wp-json\/"}],"wp:attachment":[{"href":"http:\/\/www.apucarana.pr.gov.br\/site\/wp-json\/wp\/v2\/media?parent=9664"}],"wp:term":[{"taxonomy":"category","embeddable":true,"href":"http:\/\/www.apucarana.pr.gov.br\/site\/wp-json\/wp\/v2\/categories?post=9664"},{"taxonomy":"post_tag","embeddable":true,"href":"http:\/\/www.apucarana.pr.gov.br\/site\/wp-json\/wp\/v2\/tags?post=9664"}],"curies":[{"name":"wp","href":"https:\/\/api.w.org\/{rel}","templated":true}]}}