{"id":9661,"date":"2017-09-18T16:00:52","date_gmt":"2017-09-18T19:00:52","guid":{"rendered":"http:\/\/172.16.0.7\/site-antigo\/?p=9661"},"modified":"2024-10-08T09:14:34","modified_gmt":"2024-10-08T12:14:34","slug":"concurso-da-saude-tem-957-inscritos","status":"publish","type":"post","link":"http:\/\/www.apucarana.pr.gov.br\/site\/concurso-da-saude-tem-957-inscritos\/","title":{"rendered":"Concurso da Sa\u00fade tem 957 inscritos"},"content":{"rendered":"<p>O concurso p\u00fablico da Autarquia Municipal de Sa\u00fade (AMS) tem 957 candidatos para 13 vagas. O edital de homologa\u00e7\u00e3o das inscri\u00e7\u00f5es, divulgado na \u00faltima sexta-feira, tamb\u00e9m confirmou a data da realiza\u00e7\u00e3o das provas para o pr\u00f3ximo domingo, dia 24.<br \/>\nOs locais e hor\u00e1rios das provas, no entanto, s\u00f3 ser\u00e3o divulgados na quarta-feira.\u00a0 O candidato dever\u00e1 acessar o endere\u00e7o eletr\u00f4nico www.concursosfau.com.br a partir das 18 horas do dia 20 de setembro e imprimir o cart\u00e3o de informa\u00e7\u00e3o do candidato, que informar\u00e1 o hor\u00e1rio e local de realiza\u00e7\u00e3o da prova objetiva.<br \/>\nO concurso da AMS oferece 13 vagas, sendo seis para m\u00e9dicos, uma para dentista, tr\u00eas para enfermeiros e tr\u00eas para t\u00e9cnicos em enfermagem.<br \/>\nCom carga hor\u00e1ria de 20 horas semanais, o sal\u00e1rio para m\u00e9dicos \u00e9 de R$ 5.056,80. J\u00e1 para as demais profiss\u00f5es o per\u00edodo de trabalho semanal \u00e9 de 40 horas com o sal\u00e1rio de R$ 6.544,99 para dentista; R$ 3.678,12 para enfermeiros e de 1.897,00 para t\u00e9cnicos em enfermagem.<br \/>\nA Funda\u00e7\u00e3o de Apoio ao Desenvolvimento da Universidade Estadual do Centro-Oeste (FAU-Unicentro), institui\u00e7\u00e3o respons\u00e1vel pela organiza\u00e7\u00e3o do concurso, divulgou ainda o n\u00famero de inscritos por cargo: dentista, 194 candidatos; enfermeiros, 391 candidatos; t\u00e9cnico em enfermagem, 284 candidatos e 88 para m\u00e9dicos.<\/p>\n","protected":false},"excerpt":{"rendered":"<p>As provas acontecem no pr\u00f3ximo domingo, em hor\u00e1rio e locais a serem divulgados na quarta-feira, dia 20 (Foto &#8211; Profeta)<\/p>\n","protected":false},"author":4,"featured_media":9663,"comment_status":"closed","ping_status":"open","sticky":false,"template":"","format":"standard","meta":{"footnotes":""},"categories":[24],"tags":[],"class_list":["post-9661","post","type-post","status-publish","format-standard","has-post-thumbnail","hentry","category-noticias"],"acf":[],"_links":{"self":[{"href":"http:\/\/www.apucarana.pr.gov.br\/site\/wp-json\/wp\/v2\/posts\/9661","targetHints":{"allow":["GET"]}}],"collection":[{"href":"http:\/\/www.apucarana.pr.gov.br\/site\/wp-json\/wp\/v2\/posts"}],"about":[{"href":"http:\/\/www.apucarana.pr.gov.br\/site\/wp-json\/wp\/v2\/types\/post"}],"author":[{"embeddable":true,"href":"http:\/\/www.apucarana.pr.gov.br\/site\/wp-json\/wp\/v2\/users\/4"}],"replies":[{"embeddable":true,"href":"http:\/\/www.apucarana.pr.gov.br\/site\/wp-json\/wp\/v2\/comments?post=9661"}],"version-history":[{"count":1,"href":"http:\/\/www.apucarana.pr.gov.br\/site\/wp-json\/wp\/v2\/posts\/9661\/revisions"}],"predecessor-version":[{"id":102042,"href":"http:\/\/www.apucarana.pr.gov.br\/site\/wp-json\/wp\/v2\/posts\/9661\/revisions\/102042"}],"wp:featuredmedia":[{"embeddable":true,"href":"http:\/\/www.apucarana.pr.gov.br\/site\/wp-json\/"}],"wp:attachment":[{"href":"http:\/\/www.apucarana.pr.gov.br\/site\/wp-json\/wp\/v2\/media?parent=9661"}],"wp:term":[{"taxonomy":"category","embeddable":true,"href":"http:\/\/www.apucarana.pr.gov.br\/site\/wp-json\/wp\/v2\/categories?post=9661"},{"taxonomy":"post_tag","embeddable":true,"href":"http:\/\/www.apucarana.pr.gov.br\/site\/wp-json\/wp\/v2\/tags?post=9661"}],"curies":[{"name":"wp","href":"https:\/\/api.w.org\/{rel}","templated":true}]}}