{"id":95586,"date":"2024-04-16T09:04:23","date_gmt":"2024-04-16T12:04:23","guid":{"rendered":"http:\/\/www.apucarana.pr.gov.br\/site\/?p=95586"},"modified":"2024-10-08T09:33:14","modified_gmt":"2024-10-08T12:33:14","slug":"curso-gratuito-ensinara-tecnicas-de-criacao-de-abelhas-sem-ferrao","status":"publish","type":"post","link":"http:\/\/www.apucarana.pr.gov.br\/site\/curso-gratuito-ensinara-tecnicas-de-criacao-de-abelhas-sem-ferrao\/","title":{"rendered":"Curso gratuito ensinar\u00e1 t\u00e9cnicas de cria\u00e7\u00e3o de abelhas sem ferr\u00e3o"},"content":{"rendered":"\n\t\t<!-- MasterSlider -->\n\t\t<div id=\"P_MS69f399e16c0fc\" class=\"master-slider-parent master-slider-gallery   ms-parent-id-0\" style=\"\" >\n\n\t\t\t\n\t\t\t<!-- MasterSlider Main -->\n\t\t\t<div id=\"MS69f399e16c0fc\" class=\"master-slider ms-skin-default\" >\n\t\t\t\t \t\t\t\t \n\t\t\t<div  class=\"ms-slide\" data-delay=\"3\"    >\n\t\t\t\t\t<img decoding=\"async\" src=\"http:\/\/www.apucarana.pr.gov.br\/site\/wp-content\/plugins\/masterslider\/public\/assets\/css\/blank.gif\" alt=\"abelhas sem ferr\u00e3o 1\" title=\"abelhas sem ferr\u00e3o 1\" data-src=\"http:\/\/www.apucarana.pr.gov.br\/site\/wp-content\/uploads\/2024\/04\/abelhas-sem-ferrao-1.jpg\" \/>\n\t<a href=\"http:\/\/www.apucarana.pr.gov.br\/site\/curso-gratuito-ensinara-tecnicas-de-criacao-de-abelhas-sem-ferrao\/abelhas-sem-ferrao-1\/\" target=\"_self\"    >abelhas sem ferr\u00e3o 1<\/a>\n\n\n\t<img decoding=\"async\" class=\"ms-thumb\" src=\"http:\/\/www.apucarana.pr.gov.br\/site\/wp-content\/uploads\/2024\/04\/abelhas-sem-ferrao-1-140x80.jpg\" alt=\"abelhas sem ferr\u00e3o 1\" \/>\n\t\t\t\t<\/div>\n\t\t\t<div  class=\"ms-slide\" data-delay=\"3\"    >\n\t\t\t\t\t<img decoding=\"async\" src=\"http:\/\/www.apucarana.pr.gov.br\/site\/wp-content\/plugins\/masterslider\/public\/assets\/css\/blank.gif\" alt=\"abelhas sem ferr\u00e3o 2\" title=\"abelhas sem ferr\u00e3o 2\" data-src=\"http:\/\/www.apucarana.pr.gov.br\/site\/wp-content\/uploads\/2024\/04\/abelhas-sem-ferrao-2.jpg\" \/>\n\t<a href=\"http:\/\/www.apucarana.pr.gov.br\/site\/curso-gratuito-ensinara-tecnicas-de-criacao-de-abelhas-sem-ferrao\/abelhas-sem-ferrao-2\/\" target=\"_self\"    >abelhas sem ferr\u00e3o 2<\/a>\n\n\n\t<img decoding=\"async\" class=\"ms-thumb\" src=\"http:\/\/www.apucarana.pr.gov.br\/site\/wp-content\/uploads\/2024\/04\/abelhas-sem-ferrao-2-140x80.jpg\" alt=\"abelhas sem ferr\u00e3o 2\" \/>\n\t\t\t\t<\/div>\n\t\t\t<div  class=\"ms-slide\" data-delay=\"3\"    >\n\t\t\t\t\t<img decoding=\"async\" src=\"http:\/\/www.apucarana.pr.gov.br\/site\/wp-content\/plugins\/masterslider\/public\/assets\/css\/blank.gif\" alt=\"abelha sem ferr\u00e3o 3\" title=\"abelha sem ferr\u00e3o 3\" data-src=\"http:\/\/www.apucarana.pr.gov.br\/site\/wp-content\/uploads\/2024\/04\/abelha-sem-ferrao-3.jpeg\" \/>\n\t<a href=\"http:\/\/www.apucarana.pr.gov.br\/site\/curso-gratuito-ensinara-tecnicas-de-criacao-de-abelhas-sem-ferrao\/abelha-sem-ferrao-3\/\" target=\"_self\"    >abelha sem ferr\u00e3o 3<\/a>\n\n\n\t<img decoding=\"async\" class=\"ms-thumb\" src=\"http:\/\/www.apucarana.pr.gov.br\/site\/wp-content\/uploads\/2024\/04\/abelha-sem-ferrao-3-140x80.jpeg\" alt=\"abelha sem ferr\u00e3o 3\" \/>\n\t\t\t\t<\/div>\n\n\t\t\t<\/div>\n\t\t\t<!-- END MasterSlider Main -->\n\n\t\t\t \n\t\t<\/div>\n\t\t<!-- END MasterSlider -->\n\n\t\t<script>\n\t\t( window.MSReady = window.MSReady || [] ).push( function( $ ) {\n\n\t\t\t\"use strict\";\n\t\t\tvar masterslider_c0fc = new MasterSlider();\n\n\t\t\t\/\/ slider controls\n\t\t\tmasterslider_c0fc.control('arrows'     ,{ autohide:true, overVideo:true  });\n\t\t\tmasterslider_c0fc.control('thumblist'  ,{ autohide:false, overVideo:true, dir:'h', speed:17, inset:false, arrows:false, hover:false, customClass:'', align:'bottom',type:'thumbs', margin:2, width:140, height:80, space:2, fillMode:'fill'  });\n\t\t\t\/\/ slider setup\n\t\t\tmasterslider_c0fc.setup(\"MS69f399e16c0fc\", {\n\t\t\t\twidth           : 960,\n\t\t\t\theight          : 540,\n\t\t\t\tminHeight       : 0,\n\t\t\t\tspace           : 0,\n\t\t\t\tstart           : 1,\n\t\t\t\tgrabCursor      : true,\n\t\t\t\tswipe           : true,\n\t\t\t\tmouse           : true,\n\t\t\t\tkeyboard        : false,\n\t\t\t\tlayout          : \"fillwidth\",\n\t\t\t\twheel           : false,\n\t\t\t\tautoplay        : true,\n                instantStartLayers:false,\n\t\t\t\tmobileBGVideo:false,\n\t\t\t\tloop            : true,\n\t\t\t\tshuffle         : false,\n\t\t\t\tpreload         : 3,\n\t\t\t\theightLimit     : false,\n\t\t\t\tautoHeight      : false,\n\t\t\t\tsmoothHeight    : true,\n\t\t\t\tendPause        : false,\n\t\t\t\toverPause       : false,\n\t\t\t\tfillMode        : \"fill\",\n\t\t\t\tcenterControls  : true,\n\t\t\t\tstartOnAppear   : false,\n\t\t\t\tlayersMode      : \"center\",\n\t\t\t\tautofillTarget  : \"\",\n\t\t\t\thideLayers      : false,\n\t\t\t\tfullscreenMargin: 0,\n\t\t\t\tspeed           : 17,\n\t\t\t\tdir             : \"h\",\n\t\t\t\tresponsive      : true,\n\t\t\t\ttabletWidth     : 768,\n\t\t\t\ttabletHeight    : null,\n\t\t\t\tphoneWidth      : 480,\n\t\t\t\tphoneHeight    : null,\n\t\t\t\tsizingReference : window,\n\t\t\t\tparallaxMode    : 'swipe',\n\t\t\t\tview            : \"basic\"\n\t\t\t});\n\n\t\t\t\n\t\t\twindow.masterslider_instances = window.masterslider_instances || [];\n\t\t\twindow.masterslider_instances.push( masterslider_c0fc );\n\t\t});\n\t\t<\/script>\n\n\n<p style=\"margin-top: 0cm;background: #FCFBFE\"><span style=\"font-size: 14.0pt;color: #212529\">Os interessados em aprender sobre a cria\u00e7\u00e3o de abelhas sem ferr\u00e3o ter\u00e3o mais uma oportunidade para aprimorar os conhecimentos. Nos dias 18, 19 e 20 de abril haver\u00e1 um curso gratuito, que acontecer\u00e1 no per\u00edodo das 8h30 \u00e0s 17h30 no Espa\u00e7o Empreender, localizado na Rua Byngton 253, ao lado do IBC da Vila Nova.<\/span><\/p>\n<p style=\"margin-top: 0cm;background: #FCFBFE;margin-bottom: 1rem\"><span style=\"font-size: 14.0pt;color: #212529\">A iniciativa \u00e9 uma parceria entre o Programa Municipal de Economia Solid\u00e1ria e Protagonismo Feminino, da Secretaria da Mulher e Assuntos da Fam\u00edlia, a Associa\u00e7\u00e3o de Apicultura e Meliponicultura de Apucarana (AAMELIPO) e o Servi\u00e7o Nacional de Aprendizagem Rural (Senar-PR)<\/span><\/p>\n<p style=\"margin-top: 0cm;background: #FCFBFE;margin-bottom: 1rem\"><span style=\"font-size: 14.0pt;color: #212529\">De acordo com Maur\u00edcio Greg\u00f3rio, presidente da AAMELIPO, as inscri\u00e7\u00f5es podem ser feitas pelo telefone 99987-1725. Greg\u00f3rio afirma que o curso \u00e9 destinado a meliponicultores, empreendedores da economia solid\u00e1ria, agricultores familiares e pessoas interessadas em conhecer a meliponicultura como oportunidade de neg\u00f3cio.<\/span><\/p>\n<p style=\"margin-top: 0cm;background: #FCFBFE;margin-bottom: 1rem\"><span style=\"font-size: 14.0pt;color: #212529\">O curso ser\u00e1 ministrado por H\u00e9ber Pereira, t\u00e9cnico do Senar e professor da Universidade Estadual de Maring\u00e1 (UEM). O conte\u00fado program\u00e1tico do curso, que prev\u00ea aulas te\u00f3ricas e pr\u00e1ticas, contemplar\u00e1 tipos de ninho, estrutura das col\u00f4nias, conhecimento das madeiras, instala\u00e7\u00e3o, transfer\u00eancia de ninhos de troncos para caixa, predadores, divis\u00e3o de col\u00f4nias e produtos das abelhas.<\/span><\/p>\n","protected":false},"excerpt":{"rendered":"<p>Os interessados em aprender sobre a cria&ccedil;&atilde;o de abelhas sem ferr&atilde;o ter&atilde;o mais uma oportunidade para aprimorar os conhecimentos. Nos dias 18, 19 e 20 de abril haver&aacute; um curso gratuito, que acontecer&aacute; no per&iacute;odo das 8h30 &agrave;s 17h30 no Espa&ccedil;o Empreender, localizado na Rua Byngton 253, ao lado do IBC da Vila Nova. A [&hellip;]<\/p>\n","protected":false},"author":6,"featured_media":95590,"comment_status":"closed","ping_status":"closed","sticky":false,"template":"","format":"standard","meta":{"footnotes":""},"categories":[24],"tags":[],"class_list":["post-95586","post","type-post","status-publish","format-standard","has-post-thumbnail","hentry","category-noticias"],"acf":[],"_links":{"self":[{"href":"http:\/\/www.apucarana.pr.gov.br\/site\/wp-json\/wp\/v2\/posts\/95586","targetHints":{"allow":["GET"]}}],"collection":[{"href":"http:\/\/www.apucarana.pr.gov.br\/site\/wp-json\/wp\/v2\/posts"}],"about":[{"href":"http:\/\/www.apucarana.pr.gov.br\/site\/wp-json\/wp\/v2\/types\/post"}],"author":[{"embeddable":true,"href":"http:\/\/www.apucarana.pr.gov.br\/site\/wp-json\/wp\/v2\/users\/6"}],"replies":[{"embeddable":true,"href":"http:\/\/www.apucarana.pr.gov.br\/site\/wp-json\/wp\/v2\/comments?post=95586"}],"version-history":[{"count":1,"href":"http:\/\/www.apucarana.pr.gov.br\/site\/wp-json\/wp\/v2\/posts\/95586\/revisions"}],"predecessor-version":[{"id":95591,"href":"http:\/\/www.apucarana.pr.gov.br\/site\/wp-json\/wp\/v2\/posts\/95586\/revisions\/95591"}],"wp:featuredmedia":[{"embeddable":true,"href":"http:\/\/www.apucarana.pr.gov.br\/site\/wp-json\/wp\/v2\/media\/95590"}],"wp:attachment":[{"href":"http:\/\/www.apucarana.pr.gov.br\/site\/wp-json\/wp\/v2\/media?parent=95586"}],"wp:term":[{"taxonomy":"category","embeddable":true,"href":"http:\/\/www.apucarana.pr.gov.br\/site\/wp-json\/wp\/v2\/categories?post=95586"},{"taxonomy":"post_tag","embeddable":true,"href":"http:\/\/www.apucarana.pr.gov.br\/site\/wp-json\/wp\/v2\/tags?post=95586"}],"curies":[{"name":"wp","href":"https:\/\/api.w.org\/{rel}","templated":true}]}}