{"id":95541,"date":"2024-04-15T18:33:48","date_gmt":"2024-04-15T21:33:48","guid":{"rendered":"http:\/\/www.apucarana.pr.gov.br\/site\/?p=95541"},"modified":"2024-10-08T09:33:15","modified_gmt":"2024-10-08T12:33:15","slug":"com-140-garotos-apucarana-realiza-o-2o-festival-de-futebol","status":"publish","type":"post","link":"http:\/\/www.apucarana.pr.gov.br\/site\/com-140-garotos-apucarana-realiza-o-2o-festival-de-futebol\/","title":{"rendered":"Com 140 garotos, Apucarana realiza o 2\u00ba Festival de Futebol"},"content":{"rendered":"\n\t\t<!-- MasterSlider -->\n\t\t<div id=\"P_MS69f37aa094bce\" class=\"master-slider-parent master-slider-gallery   ms-parent-id-0\" style=\"\" >\n\n\t\t\t\n\t\t\t<!-- MasterSlider Main -->\n\t\t\t<div id=\"MS69f37aa094bce\" class=\"master-slider ms-skin-default\" >\n\t\t\t\t \t\t\t\t \n\t\t\t<div  class=\"ms-slide\" data-delay=\"3\"    >\n\t\t\t\t\t<img decoding=\"async\" src=\"http:\/\/www.apucarana.pr.gov.br\/site\/wp-content\/plugins\/masterslider\/public\/assets\/css\/blank.gif\" alt=\"WhatsApp Image 2024-04-15 at 18.27.54 (1)\" title=\"WhatsApp Image 2024-04-15 at 18.27.54 (1)\" data-src=\"http:\/\/www.apucarana.pr.gov.br\/site\/wp-content\/uploads\/2024\/04\/WhatsApp-Image-2024-04-15-at-18.27.54-1-1024x461.jpeg\" \/>\n\t<a href=\"http:\/\/www.apucarana.pr.gov.br\/site\/wp-content\/uploads\/2024\/04\/WhatsApp-Image-2024-04-15-at-18.27.54-1-1024x461.jpeg\" target=\"_self\"    >WhatsApp Image 2024-04-15 at 18.27.54 (1)<\/a>\n\n\n\t<img decoding=\"async\" class=\"ms-thumb\" src=\"http:\/\/www.apucarana.pr.gov.br\/site\/wp-content\/uploads\/2024\/04\/WhatsApp-Image-2024-04-15-at-18.27.54-1-1024x461-140x80.jpeg\" alt=\"WhatsApp Image 2024-04-15 at 18.27.54 (1)\" \/>\n\t\t\t\t<\/div>\n\t\t\t<div  class=\"ms-slide\" data-delay=\"3\"    >\n\t\t\t\t\t<img decoding=\"async\" src=\"http:\/\/www.apucarana.pr.gov.br\/site\/wp-content\/plugins\/masterslider\/public\/assets\/css\/blank.gif\" alt=\"WhatsApp Image 2024-04-15 at 18.27.54 (2)\" title=\"WhatsApp Image 2024-04-15 at 18.27.54 (2)\" data-src=\"http:\/\/www.apucarana.pr.gov.br\/site\/wp-content\/uploads\/2024\/04\/WhatsApp-Image-2024-04-15-at-18.27.54-2-1024x461.jpeg\" \/>\n\t<a href=\"http:\/\/www.apucarana.pr.gov.br\/site\/wp-content\/uploads\/2024\/04\/WhatsApp-Image-2024-04-15-at-18.27.54-2-1024x461.jpeg\" target=\"_self\"    >WhatsApp Image 2024-04-15 at 18.27.54 (2)<\/a>\n\n\n\t<img decoding=\"async\" class=\"ms-thumb\" src=\"http:\/\/www.apucarana.pr.gov.br\/site\/wp-content\/uploads\/2024\/04\/WhatsApp-Image-2024-04-15-at-18.27.54-2-1024x461-140x80.jpeg\" alt=\"WhatsApp Image 2024-04-15 at 18.27.54 (2)\" \/>\n\t\t\t\t<\/div>\n\t\t\t<div  class=\"ms-slide\" data-delay=\"3\"    >\n\t\t\t\t\t<img decoding=\"async\" src=\"http:\/\/www.apucarana.pr.gov.br\/site\/wp-content\/plugins\/masterslider\/public\/assets\/css\/blank.gif\" alt=\"WhatsApp Image 2024-04-15 at 18.27.54\" title=\"WhatsApp Image 2024-04-15 at 18.27.54\" data-src=\"http:\/\/www.apucarana.pr.gov.br\/site\/wp-content\/uploads\/2024\/04\/WhatsApp-Image-2024-04-15-at-18.27.54-1024x461.jpeg\" \/>\n\t<a href=\"http:\/\/www.apucarana.pr.gov.br\/site\/wp-content\/uploads\/2024\/04\/WhatsApp-Image-2024-04-15-at-18.27.54-1024x461.jpeg\" target=\"_self\"    >WhatsApp Image 2024-04-15 at 18.27.54<\/a>\n\n\n\t<img decoding=\"async\" class=\"ms-thumb\" src=\"http:\/\/www.apucarana.pr.gov.br\/site\/wp-content\/uploads\/2024\/04\/WhatsApp-Image-2024-04-15-at-18.27.54-1024x461-140x80.jpeg\" alt=\"WhatsApp Image 2024-04-15 at 18.27.54\" \/>\n\t\t\t\t<\/div>\n\t\t\t<div  class=\"ms-slide\" data-delay=\"3\"    >\n\t\t\t\t\t<img decoding=\"async\" src=\"http:\/\/www.apucarana.pr.gov.br\/site\/wp-content\/plugins\/masterslider\/public\/assets\/css\/blank.gif\" alt=\"WhatsApp Image 2024-04-15 at 18.27.55 (1)\" title=\"WhatsApp Image 2024-04-15 at 18.27.55 (1)\" data-src=\"http:\/\/www.apucarana.pr.gov.br\/site\/wp-content\/uploads\/2024\/04\/WhatsApp-Image-2024-04-15-at-18.27.55-1-1024x461.jpeg\" \/>\n\t<a href=\"http:\/\/www.apucarana.pr.gov.br\/site\/wp-content\/uploads\/2024\/04\/WhatsApp-Image-2024-04-15-at-18.27.55-1-1024x461.jpeg\" target=\"_self\"    >WhatsApp Image 2024-04-15 at 18.27.55 (1)<\/a>\n\n\n\t<img decoding=\"async\" class=\"ms-thumb\" src=\"http:\/\/www.apucarana.pr.gov.br\/site\/wp-content\/uploads\/2024\/04\/WhatsApp-Image-2024-04-15-at-18.27.55-1-1024x461-140x80.jpeg\" alt=\"WhatsApp Image 2024-04-15 at 18.27.55 (1)\" \/>\n\t\t\t\t<\/div>\n\t\t\t<div  class=\"ms-slide\" data-delay=\"3\"    >\n\t\t\t\t\t<img decoding=\"async\" src=\"http:\/\/www.apucarana.pr.gov.br\/site\/wp-content\/plugins\/masterslider\/public\/assets\/css\/blank.gif\" alt=\"WhatsApp Image 2024-04-15 at 18.27.55 (2)\" title=\"WhatsApp Image 2024-04-15 at 18.27.55 (2)\" data-src=\"http:\/\/www.apucarana.pr.gov.br\/site\/wp-content\/uploads\/2024\/04\/WhatsApp-Image-2024-04-15-at-18.27.55-2-1024x461.jpeg\" \/>\n\t<a href=\"http:\/\/www.apucarana.pr.gov.br\/site\/wp-content\/uploads\/2024\/04\/WhatsApp-Image-2024-04-15-at-18.27.55-2-1024x461.jpeg\" target=\"_self\"    >WhatsApp Image 2024-04-15 at 18.27.55 (2)<\/a>\n\n\n\t<img decoding=\"async\" class=\"ms-thumb\" src=\"http:\/\/www.apucarana.pr.gov.br\/site\/wp-content\/uploads\/2024\/04\/WhatsApp-Image-2024-04-15-at-18.27.55-2-1024x461-140x80.jpeg\" alt=\"WhatsApp Image 2024-04-15 at 18.27.55 (2)\" \/>\n\t\t\t\t<\/div>\n\t\t\t<div  class=\"ms-slide\" data-delay=\"3\"    >\n\t\t\t\t\t<img decoding=\"async\" src=\"http:\/\/www.apucarana.pr.gov.br\/site\/wp-content\/plugins\/masterslider\/public\/assets\/css\/blank.gif\" alt=\"WhatsApp Image 2024-04-15 at 18.27.55\" title=\"WhatsApp Image 2024-04-15 at 18.27.55\" data-src=\"http:\/\/www.apucarana.pr.gov.br\/site\/wp-content\/uploads\/2024\/04\/WhatsApp-Image-2024-04-15-at-18.27.55-1024x461.jpeg\" \/>\n\t<a href=\"http:\/\/www.apucarana.pr.gov.br\/site\/wp-content\/uploads\/2024\/04\/WhatsApp-Image-2024-04-15-at-18.27.55-1024x461.jpeg\" target=\"_self\"    >WhatsApp Image 2024-04-15 at 18.27.55<\/a>\n\n\n\t<img decoding=\"async\" class=\"ms-thumb\" src=\"http:\/\/www.apucarana.pr.gov.br\/site\/wp-content\/uploads\/2024\/04\/WhatsApp-Image-2024-04-15-at-18.27.55-1024x461-140x80.jpeg\" alt=\"WhatsApp Image 2024-04-15 at 18.27.55\" \/>\n\t\t\t\t<\/div>\n\t\t\t<div  class=\"ms-slide\" data-delay=\"3\"    >\n\t\t\t\t\t<img decoding=\"async\" src=\"http:\/\/www.apucarana.pr.gov.br\/site\/wp-content\/plugins\/masterslider\/public\/assets\/css\/blank.gif\" alt=\"WhatsApp Image 2024-04-15 at 18.27.56\" title=\"WhatsApp Image 2024-04-15 at 18.27.56\" data-src=\"http:\/\/www.apucarana.pr.gov.br\/site\/wp-content\/uploads\/2024\/04\/WhatsApp-Image-2024-04-15-at-18.27.56-1-1024x461.jpeg\" \/>\n\t<a href=\"http:\/\/www.apucarana.pr.gov.br\/site\/wp-content\/uploads\/2024\/04\/WhatsApp-Image-2024-04-15-at-18.27.56-1-1024x461.jpeg\" target=\"_self\"    >WhatsApp Image 2024-04-15 at 18.27.56<\/a>\n\n\n\t<img decoding=\"async\" class=\"ms-thumb\" src=\"http:\/\/www.apucarana.pr.gov.br\/site\/wp-content\/uploads\/2024\/04\/WhatsApp-Image-2024-04-15-at-18.27.56-1-1024x461-140x80.jpeg\" alt=\"WhatsApp Image 2024-04-15 at 18.27.56\" \/>\n\t\t\t\t<\/div>\n\t\t\t<div  class=\"ms-slide\" data-delay=\"3\"    >\n\t\t\t\t\t<img decoding=\"async\" src=\"http:\/\/www.apucarana.pr.gov.br\/site\/wp-content\/plugins\/masterslider\/public\/assets\/css\/blank.gif\" alt=\"WhatsApp Image 2024-04-15 at 18.28.34\" title=\"WhatsApp Image 2024-04-15 at 18.28.34\" data-src=\"http:\/\/www.apucarana.pr.gov.br\/site\/wp-content\/uploads\/2024\/04\/WhatsApp-Image-2024-04-15-at-18.28.34-1024x821.jpeg\" \/>\n\t<a href=\"http:\/\/www.apucarana.pr.gov.br\/site\/wp-content\/uploads\/2024\/04\/WhatsApp-Image-2024-04-15-at-18.28.34-1024x821.jpeg\" target=\"_self\"    >WhatsApp Image 2024-04-15 at 18.28.34<\/a>\n\n\n\t<img decoding=\"async\" class=\"ms-thumb\" src=\"http:\/\/www.apucarana.pr.gov.br\/site\/wp-content\/uploads\/2024\/04\/WhatsApp-Image-2024-04-15-at-18.28.34-1024x821-140x80.jpeg\" alt=\"WhatsApp Image 2024-04-15 at 18.28.34\" \/>\n\t\t\t\t<\/div>\n\t\t\t<div  class=\"ms-slide\" data-delay=\"3\"    >\n\t\t\t\t\t<img decoding=\"async\" src=\"http:\/\/www.apucarana.pr.gov.br\/site\/wp-content\/plugins\/masterslider\/public\/assets\/css\/blank.gif\" alt=\"WhatsApp Image 2024-04-15 at 18.28.35 (1)\" title=\"WhatsApp Image 2024-04-15 at 18.28.35 (1)\" data-src=\"http:\/\/www.apucarana.pr.gov.br\/site\/wp-content\/uploads\/2024\/04\/WhatsApp-Image-2024-04-15-at-18.28.35-1-1024x875.jpeg\" \/>\n\t<a href=\"http:\/\/www.apucarana.pr.gov.br\/site\/wp-content\/uploads\/2024\/04\/WhatsApp-Image-2024-04-15-at-18.28.35-1-1024x875.jpeg\" target=\"_self\"    >WhatsApp Image 2024-04-15 at 18.28.35 (1)<\/a>\n\n\n\t<img decoding=\"async\" class=\"ms-thumb\" src=\"http:\/\/www.apucarana.pr.gov.br\/site\/wp-content\/uploads\/2024\/04\/WhatsApp-Image-2024-04-15-at-18.28.35-1-1024x875-140x80.jpeg\" alt=\"WhatsApp Image 2024-04-15 at 18.28.35 (1)\" \/>\n\t\t\t\t<\/div>\n\t\t\t<div  class=\"ms-slide\" data-delay=\"3\"    >\n\t\t\t\t\t<img decoding=\"async\" src=\"http:\/\/www.apucarana.pr.gov.br\/site\/wp-content\/plugins\/masterslider\/public\/assets\/css\/blank.gif\" alt=\"WhatsApp Image 2024-04-15 at 18.28.35 (2)\" title=\"WhatsApp Image 2024-04-15 at 18.28.35 (2)\" data-src=\"http:\/\/www.apucarana.pr.gov.br\/site\/wp-content\/uploads\/2024\/04\/WhatsApp-Image-2024-04-15-at-18.28.35-2-1024x666.jpeg\" \/>\n\t<a href=\"http:\/\/www.apucarana.pr.gov.br\/site\/wp-content\/uploads\/2024\/04\/WhatsApp-Image-2024-04-15-at-18.28.35-2-1024x666.jpeg\" target=\"_self\"    >WhatsApp Image 2024-04-15 at 18.28.35 (2)<\/a>\n\n\n\t<img decoding=\"async\" class=\"ms-thumb\" src=\"http:\/\/www.apucarana.pr.gov.br\/site\/wp-content\/uploads\/2024\/04\/WhatsApp-Image-2024-04-15-at-18.28.35-2-1024x666-140x80.jpeg\" alt=\"WhatsApp Image 2024-04-15 at 18.28.35 (2)\" \/>\n\t\t\t\t<\/div>\n\t\t\t<div  class=\"ms-slide\" data-delay=\"3\"    >\n\t\t\t\t\t<img decoding=\"async\" src=\"http:\/\/www.apucarana.pr.gov.br\/site\/wp-content\/plugins\/masterslider\/public\/assets\/css\/blank.gif\" alt=\"WhatsApp Image 2024-04-15 at 18.28.35\" title=\"WhatsApp Image 2024-04-15 at 18.28.35\" data-src=\"http:\/\/www.apucarana.pr.gov.br\/site\/wp-content\/uploads\/2024\/04\/WhatsApp-Image-2024-04-15-at-18.28.35-1024x751.jpeg\" \/>\n\t<a href=\"http:\/\/www.apucarana.pr.gov.br\/site\/wp-content\/uploads\/2024\/04\/WhatsApp-Image-2024-04-15-at-18.28.35-1024x751.jpeg\" target=\"_self\"    >WhatsApp Image 2024-04-15 at 18.28.35<\/a>\n\n\n\t<img decoding=\"async\" class=\"ms-thumb\" src=\"http:\/\/www.apucarana.pr.gov.br\/site\/wp-content\/uploads\/2024\/04\/WhatsApp-Image-2024-04-15-at-18.28.35-1024x751-140x80.jpeg\" alt=\"WhatsApp Image 2024-04-15 at 18.28.35\" \/>\n\t\t\t\t<\/div>\n\t\t\t<div  class=\"ms-slide\" data-delay=\"3\"    >\n\t\t\t\t\t<img decoding=\"async\" src=\"http:\/\/www.apucarana.pr.gov.br\/site\/wp-content\/plugins\/masterslider\/public\/assets\/css\/blank.gif\" alt=\"WhatsApp Image 2024-04-15 at 18.28.36\" title=\"WhatsApp Image 2024-04-15 at 18.28.36\" data-src=\"http:\/\/www.apucarana.pr.gov.br\/site\/wp-content\/uploads\/2024\/04\/WhatsApp-Image-2024-04-15-at-18.28.36-1024x733.jpeg\" \/>\n\t<a href=\"http:\/\/www.apucarana.pr.gov.br\/site\/wp-content\/uploads\/2024\/04\/WhatsApp-Image-2024-04-15-at-18.28.36-1024x733.jpeg\" target=\"_self\"    >WhatsApp Image 2024-04-15 at 18.28.36<\/a>\n\n\n\t<img decoding=\"async\" class=\"ms-thumb\" src=\"http:\/\/www.apucarana.pr.gov.br\/site\/wp-content\/uploads\/2024\/04\/WhatsApp-Image-2024-04-15-at-18.28.36-1024x733-140x80.jpeg\" alt=\"WhatsApp Image 2024-04-15 at 18.28.36\" \/>\n\t\t\t\t<\/div>\n\n\t\t\t<\/div>\n\t\t\t<!-- END MasterSlider Main -->\n\n\t\t\t \n\t\t<\/div>\n\t\t<!-- END MasterSlider -->\n\n\t\t<script>\n\t\t( window.MSReady = window.MSReady || [] ).push( function( $ ) {\n\n\t\t\t\"use strict\";\n\t\t\tvar masterslider_4bce = new MasterSlider();\n\n\t\t\t\/\/ slider controls\n\t\t\tmasterslider_4bce.control('arrows'     ,{ autohide:true, overVideo:true  });\n\t\t\tmasterslider_4bce.control('thumblist'  ,{ autohide:false, overVideo:true, dir:'h', speed:17, inset:false, arrows:false, hover:false, customClass:'', align:'bottom',type:'thumbs', margin:2, width:140, height:80, space:2, fillMode:'fill'  });\n\t\t\t\/\/ slider setup\n\t\t\tmasterslider_4bce.setup(\"MS69f37aa094bce\", {\n\t\t\t\twidth           : 960,\n\t\t\t\theight          : 540,\n\t\t\t\tminHeight       : 0,\n\t\t\t\tspace           : 0,\n\t\t\t\tstart           : 1,\n\t\t\t\tgrabCursor      : true,\n\t\t\t\tswipe           : true,\n\t\t\t\tmouse           : true,\n\t\t\t\tkeyboard        : false,\n\t\t\t\tlayout          : \"fillwidth\",\n\t\t\t\twheel           : false,\n\t\t\t\tautoplay        : true,\n                instantStartLayers:false,\n\t\t\t\tmobileBGVideo:false,\n\t\t\t\tloop            : true,\n\t\t\t\tshuffle         : false,\n\t\t\t\tpreload         : 3,\n\t\t\t\theightLimit     : false,\n\t\t\t\tautoHeight      : false,\n\t\t\t\tsmoothHeight    : true,\n\t\t\t\tendPause        : false,\n\t\t\t\toverPause       : false,\n\t\t\t\tfillMode        : \"fill\",\n\t\t\t\tcenterControls  : true,\n\t\t\t\tstartOnAppear   : false,\n\t\t\t\tlayersMode      : \"center\",\n\t\t\t\tautofillTarget  : \"\",\n\t\t\t\thideLayers      : false,\n\t\t\t\tfullscreenMargin: 0,\n\t\t\t\tspeed           : 17,\n\t\t\t\tdir             : \"h\",\n\t\t\t\tresponsive      : true,\n\t\t\t\ttabletWidth     : 768,\n\t\t\t\ttabletHeight    : null,\n\t\t\t\tphoneWidth      : 480,\n\t\t\t\tphoneHeight    : null,\n\t\t\t\tsizingReference : window,\n\t\t\t\tparallaxMode    : 'swipe',\n\t\t\t\tview            : \"basic\"\n\t\t\t});\n\n\t\t\t\n\t\t\twindow.masterslider_instances = window.masterslider_instances || [];\n\t\t\twindow.masterslider_instances.push( masterslider_4bce );\n\t\t});\n\t\t<\/script>\n\n\n<p><span style=\"color: black\">A Prefeitura de Apucarana, por meio da Secretaria Municipal de Esportes, realizou nesse s\u00e1bado (13\/04), no est\u00e1dio do Sesi, a 2\u00aa edi\u00e7\u00e3o do Festival de Futebol, com a presen\u00e7a de 140 garotos pertencentes as escolinhas que funcionam durante a semana nos campos da Vila Reis, no Jos\u00e9 Rico, do N\u00facleo Jo\u00e3o Paulo I e do pr\u00f3prio Sesi. Participaram da atividade alunos\/atletas de 7 a 10 anos de idade, em evento que teve a dura\u00e7\u00e3o de tr\u00eas horas.<\/span><\/p>\n<p><span style=\"color: black\">\u201cOs festivais que s\u00e3o promovidos pela prefeitura tem como objetivo a integra\u00e7\u00e3o dos alunos das escolinhas, permitindo \u00e0s crian\u00e7as colocarem em pr\u00e1tica o que foi aplicado nas aulas da modalidade. O festival no s\u00e1bado foi um sucesso, sendo acompanhado pelas m\u00e3es, pais e demais familiares, com a atividade tendo o apoio total do prefeito Junior da Femac\u201d, destaca o professor Tom Barros, secret\u00e1rio municipal de Esportes de Apucarana, que agradeceu aos professores envolvidos no festival: Paulo Kisner, Daniel, Fl\u00e1vio, Gaburro e Neno.<\/span><\/p>\n<p><span style=\"color: black\">\u201cO meu irm\u00e3o est\u00e1 participando desde o in\u00edcio da escolinha, ajudando na sa\u00fade e no desenvolvimento escolar dele e de outras crian\u00e7as. O projeto \u00e9 maravilhoso e o munic\u00edpio de Apucarana est\u00e1 de parab\u00e9ns\u201d, frisa Natally Cristina de Campos da Silva, irm\u00e3 do garoto Natan Francisco, que treina na escolinha da Vila Reis.<\/span><\/p>\n<p><span style=\"color: black\">\u201cEstamos felizes com a realiza\u00e7\u00e3o do festival, pois foi um dia muito importante para as crian\u00e7as e os pais. A Prefeitura de Apucarana est\u00e1 de parab\u00e9ns disponibilizando esse projeto porque \u00e9 muito importante para as crian\u00e7as\u201d, cita Amanda Carolina do Nascimento, m\u00e3e do aluno Joaquim, que pratica a modalidade no est\u00e1dio do Jos\u00e9 Rico.<\/span><\/p>\n<p><span style=\"color: black\">Ao final do festival de futebol das escolinhas todos os participantes ganharam medalhas e receberam lanche com refrigerante. <\/span><\/p>\n<p><span style=\"color: black\">As informa\u00e7\u00f5es dos dias, hor\u00e1rios e os locais das escolinhas de futebol do munic\u00edpio est\u00e3o no site da Secretaria de Esportes da Prefeitura de Apucarana no \u00edcone da modalidade ou pelo telefone 3422-5184.<\/span><\/p>\n<p><span style=\"color: black\">\u00a0<\/span><\/p>\n","protected":false},"excerpt":{"rendered":"<p>A Prefeitura de Apucarana, por meio da Secretaria Municipal de Esportes, realizou nesse s&aacute;bado (13\/04), no est&aacute;dio do Sesi, a 2&ordf; edi&ccedil;&atilde;o do Festival de Futebol, com a presen&ccedil;a de 140 garotos pertencentes as escolinhas que funcionam durante a semana nos campos da Vila Reis, no Jos&eacute; Rico, do N&uacute;cleo Jo&atilde;o Paulo I e do [&hellip;]<\/p>\n","protected":false},"author":12,"featured_media":95542,"comment_status":"closed","ping_status":"closed","sticky":false,"template":"","format":"standard","meta":{"footnotes":""},"categories":[24],"tags":[],"class_list":["post-95541","post","type-post","status-publish","format-standard","has-post-thumbnail","hentry","category-noticias"],"acf":[],"_links":{"self":[{"href":"http:\/\/www.apucarana.pr.gov.br\/site\/wp-json\/wp\/v2\/posts\/95541","targetHints":{"allow":["GET"]}}],"collection":[{"href":"http:\/\/www.apucarana.pr.gov.br\/site\/wp-json\/wp\/v2\/posts"}],"about":[{"href":"http:\/\/www.apucarana.pr.gov.br\/site\/wp-json\/wp\/v2\/types\/post"}],"author":[{"embeddable":true,"href":"http:\/\/www.apucarana.pr.gov.br\/site\/wp-json\/wp\/v2\/users\/12"}],"replies":[{"embeddable":true,"href":"http:\/\/www.apucarana.pr.gov.br\/site\/wp-json\/wp\/v2\/comments?post=95541"}],"version-history":[{"count":1,"href":"http:\/\/www.apucarana.pr.gov.br\/site\/wp-json\/wp\/v2\/posts\/95541\/revisions"}],"predecessor-version":[{"id":95555,"href":"http:\/\/www.apucarana.pr.gov.br\/site\/wp-json\/wp\/v2\/posts\/95541\/revisions\/95555"}],"wp:featuredmedia":[{"embeddable":true,"href":"http:\/\/www.apucarana.pr.gov.br\/site\/wp-json\/wp\/v2\/media\/95542"}],"wp:attachment":[{"href":"http:\/\/www.apucarana.pr.gov.br\/site\/wp-json\/wp\/v2\/media?parent=95541"}],"wp:term":[{"taxonomy":"category","embeddable":true,"href":"http:\/\/www.apucarana.pr.gov.br\/site\/wp-json\/wp\/v2\/categories?post=95541"},{"taxonomy":"post_tag","embeddable":true,"href":"http:\/\/www.apucarana.pr.gov.br\/site\/wp-json\/wp\/v2\/tags?post=95541"}],"curies":[{"name":"wp","href":"https:\/\/api.w.org\/{rel}","templated":true}]}}