{"id":95538,"date":"2024-04-15T18:05:49","date_gmt":"2024-04-15T21:05:49","guid":{"rendered":"http:\/\/www.apucarana.pr.gov.br\/site\/?p=95538"},"modified":"2024-10-08T09:33:15","modified_gmt":"2024-10-08T12:33:15","slug":"casamento-coletivo-do-programa-justica-no-bairro-sera-no-centro-cultural-fenix","status":"publish","type":"post","link":"http:\/\/www.apucarana.pr.gov.br\/site\/casamento-coletivo-do-programa-justica-no-bairro-sera-no-centro-cultural-fenix\/","title":{"rendered":"Casamento coletivo do Programa Justi\u00e7a no Bairro ser\u00e1 no Centro Cultural F\u00eanix"},"content":{"rendered":"\n\t\t<!-- MasterSlider -->\n\t\t<div id=\"P_MS69f36c1b945f2\" class=\"master-slider-parent master-slider-gallery   ms-parent-id-0\" style=\"\" >\n\n\t\t\t\n\t\t\t<!-- MasterSlider Main -->\n\t\t\t<div id=\"MS69f36c1b945f2\" class=\"master-slider ms-skin-default\" >\n\t\t\t\t \t\t\t\t \n\t\t\t<div  class=\"ms-slide\" data-delay=\"3\"    >\n\t\t\t\t\t<img decoding=\"async\" src=\"http:\/\/www.apucarana.pr.gov.br\/site\/wp-content\/plugins\/masterslider\/public\/assets\/css\/blank.gif\" alt=\"WhatsApp Image 2024-04-15 at 17.35.33\" title=\"WhatsApp Image 2024-04-15 at 17.35.33\" data-src=\"http:\/\/www.apucarana.pr.gov.br\/site\/wp-content\/uploads\/2024\/04\/WhatsApp-Image-2024-04-15-at-17.35.33-1024x682.jpeg\" \/>\n\t<a href=\"http:\/\/www.apucarana.pr.gov.br\/site\/casamento-coletivo-do-programa-justica-no-bairro-sera-no-centro-cultural-fenix\/whatsapp-image-2024-04-15-at-17-35-33\/\" target=\"_self\"    >WhatsApp Image 2024-04-15 at 17.35.33<\/a>\n\n\n\t<img decoding=\"async\" class=\"ms-thumb\" src=\"http:\/\/www.apucarana.pr.gov.br\/site\/wp-content\/uploads\/2024\/04\/WhatsApp-Image-2024-04-15-at-17.35.33-1024x682-140x80.jpeg\" alt=\"WhatsApp Image 2024-04-15 at 17.35.33\" \/>\n\t\t\t\t<\/div>\n\n\t\t\t<\/div>\n\t\t\t<!-- END MasterSlider Main -->\n\n\t\t\t \n\t\t<\/div>\n\t\t<!-- END MasterSlider -->\n\n\t\t<script>\n\t\t( window.MSReady = window.MSReady || [] ).push( function( $ ) {\n\n\t\t\t\"use strict\";\n\t\t\tvar masterslider_45f2 = new MasterSlider();\n\n\t\t\t\/\/ slider controls\n\t\t\tmasterslider_45f2.control('arrows'     ,{ autohide:true, overVideo:true  });\n\t\t\tmasterslider_45f2.control('thumblist'  ,{ autohide:false, overVideo:true, dir:'h', speed:17, inset:false, arrows:false, hover:false, customClass:'', align:'bottom',type:'thumbs', margin:2, width:140, height:80, space:2, fillMode:'fill'  });\n\t\t\t\/\/ slider setup\n\t\t\tmasterslider_45f2.setup(\"MS69f36c1b945f2\", {\n\t\t\t\twidth           : 960,\n\t\t\t\theight          : 540,\n\t\t\t\tminHeight       : 0,\n\t\t\t\tspace           : 0,\n\t\t\t\tstart           : 1,\n\t\t\t\tgrabCursor      : true,\n\t\t\t\tswipe           : true,\n\t\t\t\tmouse           : true,\n\t\t\t\tkeyboard        : false,\n\t\t\t\tlayout          : \"fillwidth\",\n\t\t\t\twheel           : false,\n\t\t\t\tautoplay        : true,\n                instantStartLayers:false,\n\t\t\t\tmobileBGVideo:false,\n\t\t\t\tloop            : true,\n\t\t\t\tshuffle         : false,\n\t\t\t\tpreload         : 3,\n\t\t\t\theightLimit     : false,\n\t\t\t\tautoHeight      : false,\n\t\t\t\tsmoothHeight    : true,\n\t\t\t\tendPause        : false,\n\t\t\t\toverPause       : false,\n\t\t\t\tfillMode        : \"fill\",\n\t\t\t\tcenterControls  : true,\n\t\t\t\tstartOnAppear   : false,\n\t\t\t\tlayersMode      : \"center\",\n\t\t\t\tautofillTarget  : \"\",\n\t\t\t\thideLayers      : false,\n\t\t\t\tfullscreenMargin: 0,\n\t\t\t\tspeed           : 17,\n\t\t\t\tdir             : \"h\",\n\t\t\t\tresponsive      : true,\n\t\t\t\ttabletWidth     : 768,\n\t\t\t\ttabletHeight    : null,\n\t\t\t\tphoneWidth      : 480,\n\t\t\t\tphoneHeight    : null,\n\t\t\t\tsizingReference : window,\n\t\t\t\tparallaxMode    : 'swipe',\n\t\t\t\tview            : \"basic\"\n\t\t\t});\n\n\t\t\t\n\t\t\twindow.masterslider_instances = window.masterslider_instances || [];\n\t\t\twindow.masterslider_instances.push( masterslider_45f2 );\n\t\t});\n\t\t<\/script>\n\n\n<p>Com grande procura, o casamento civil coletivo gratuito atrav\u00e9s do Programa Justi\u00e7a no Bairro\/Sesc Cidad\u00e3o, teve altera\u00e7\u00e3o de local, sendo confirmado para o dia 11 de maio, \u00e0s 16 horas, no Centro Cultural F\u00eanix.<\/p>\n<p>A mudan\u00e7a, que visa melhor acolher casais e convidados, foi definida nesta segunda-feira (15\/04) pela organiza\u00e7\u00e3o, em reuni\u00e3o coordenada pelo assessor Jur\u00eddico Especial da Procuradoria Geral do Munic\u00edpio, Dr. Danylo Acioli, entre o secret\u00e1rio Municipal de Assist\u00eancia Social, Juliano Dalla Costa<strong>, <\/strong>e do gerente-executivo da unidade Apucarana do Servi\u00e7o Social do Com\u00e9rcio (Sesc), Ronaldo Romano Ficagno, que esteve acompanhado de assessoras. \u201cTemos registrado grande interesse, com dezenas de casais solicitando informa\u00e7\u00f5es junto aos Centros da Refer\u00eancia da Assist\u00eancia Social (CRAS) e, por isso definimos pelo Centro Cultural F\u00eanix como novo local para a cerim\u00f4nia\u201d, disse Dr. Danylo Acioli, ressaltando que o casamento ser\u00e1 abrilhantado pela Orquestra Municipal.<\/p>\n<p>O prazo para inscri\u00e7\u00e3o continua sendo at\u00e9 o dia 30 de abril junto ao Centro de Refer\u00eancia de Assist\u00eancia Social (CRAS). \u201cOs casais interessados devem procurar o CRAS mais pr\u00f3ximo de sua resid\u00eancia, para tomar ci\u00eancia da documenta\u00e7\u00e3o exigida e efetivar inscri\u00e7\u00e3o com anteced\u00eancia\u201d, pontua Juliano Dalla Costa, secret\u00e1rio Municipal de Assist\u00eancia Social.<\/p>\n<p>O casamento civil coletivo \u00e9 uma realiza\u00e7\u00e3o do Tribunal de Justi\u00e7a do Estado do Paran\u00e1 (TJ-PR), em parceria com o Sistema Fecom\u00e9rcio Paran\u00e1 e Prefeitura de Apucarana, dentro do Programa \u201cJusti\u00e7a no Bairro\u201d, uma iniciativa de responsabilidade social idealizada e coordenada pela 1\u00aa vice-presidente TJ-PR, desembargadora Joeci Machado Camargo. Participam ainda do evento a Companhia de Saneamento do Paran\u00e1 (Sanepar), Pol\u00edcia Militar do Paran\u00e1, Instituto das Cidades Inteligentes (ICI) e Ligga Telecom.<\/p>\n<p><strong><u>Documentos necess\u00e1rios para inscri\u00e7\u00e3o no casamento coletivo<\/u><\/strong><strong> *<\/p>\n<p><\/strong>&#8211; Documento de Identidade: RG e CPF;<br \/>\n&#8211; Certid\u00e3o de Nascimento\/casamento\/div\u00f3rcio (atualizadas);<br \/>\n&#8211; Comprovante de resid\u00eancia dos noivos \u2013 original e atualizado (conta de luz ou \u00e1gua);<br \/>\n&#8211; Comprovante de renda de at\u00e9 um sal\u00e1rio m\u00ednimo e meio por pessoa ou tr\u00eas sal\u00e1rios m\u00ednimos por casal.<br \/>\n<em>* As inscri\u00e7\u00f5es precisam ser realizadas antecipadamente para habilita\u00e7\u00e3o dos casais &#8211; at\u00e9 30 de abril.<\/p>\n<p><\/em><strong><u>Para mais informa\u00e7\u00f5es, consulte o CRAS mais pr\u00f3ximo<\/u><\/strong><strong> *<\/p>\n<p><\/strong><strong>CRAS I <\/strong>&#8211; Avenida Central do Paran\u00e1, 1420 &#8211; Jardim Am\u00e9rica.<br \/>\nTelefones: (43) 3308-1451.<\/p>\n<p><strong>CRAS II <\/strong>&#8211; Rua Ilson Ferreira Guerra, 15 &#8211; Residencial Sumatra II.<br \/>\nTelefones: (43) 3308-1452.<\/p>\n<p><strong>CRAS III<\/strong> &#8211; Rua Jos\u00e9 Garcia Perez, 111 \u2013 Vila Reis.<br \/>\nTelefones: (43) 3308-1453.<\/p>\n<p><strong>CRAS IV <\/strong>\u2013 Travessa Padre Tito Cerassoli, 63 \u2013 Jardim Am\u00e9rica.<br \/>\nTelefones: (43) 3308-1454.<\/p>\n<p><strong>CRAS de Apoio ao CRAS I<\/strong> &#8211; Rua Cec\u00edlio Luz, 145 \u2013 Loteamento Sanches dos Santos.<br \/>\nTelefones: (43) 3308-1449<br \/>\n<strong><br \/>\nCRAS de Apoio ao CRAS III <\/strong>&#8211; Rua Santa Rita, 202 \u2013 Vila Nossa Senhora da Aparecida.<br \/>\nTelefones: (43) 3308-1420.<\/p>\n<p><em>* O atendimento em todas as unidades acontece de segunda a sexta-feira, das 8 \u00e0s 17 horas.<\/em><\/p>\n","protected":false},"excerpt":{"rendered":"<p>Com grande procura, o casamento civil coletivo gratuito atrav&eacute;s do Programa Justi&ccedil;a no Bairro\/Sesc Cidad&atilde;o, teve altera&ccedil;&atilde;o de local, sendo confirmado para o dia 11 de maio, &agrave;s 16 horas, no Centro Cultural F&ecirc;nix. A mudan&ccedil;a, que visa melhor acolher casais e convidados, foi definida nesta segunda-feira (15\/04) pela organiza&ccedil;&atilde;o, em reuni&atilde;o coordenada pelo assessor [&hellip;]<\/p>\n","protected":false},"author":7,"featured_media":95539,"comment_status":"closed","ping_status":"closed","sticky":false,"template":"","format":"standard","meta":{"footnotes":""},"categories":[24],"tags":[],"class_list":["post-95538","post","type-post","status-publish","format-standard","has-post-thumbnail","hentry","category-noticias"],"acf":[],"_links":{"self":[{"href":"http:\/\/www.apucarana.pr.gov.br\/site\/wp-json\/wp\/v2\/posts\/95538","targetHints":{"allow":["GET"]}}],"collection":[{"href":"http:\/\/www.apucarana.pr.gov.br\/site\/wp-json\/wp\/v2\/posts"}],"about":[{"href":"http:\/\/www.apucarana.pr.gov.br\/site\/wp-json\/wp\/v2\/types\/post"}],"author":[{"embeddable":true,"href":"http:\/\/www.apucarana.pr.gov.br\/site\/wp-json\/wp\/v2\/users\/7"}],"replies":[{"embeddable":true,"href":"http:\/\/www.apucarana.pr.gov.br\/site\/wp-json\/wp\/v2\/comments?post=95538"}],"version-history":[{"count":1,"href":"http:\/\/www.apucarana.pr.gov.br\/site\/wp-json\/wp\/v2\/posts\/95538\/revisions"}],"predecessor-version":[{"id":95540,"href":"http:\/\/www.apucarana.pr.gov.br\/site\/wp-json\/wp\/v2\/posts\/95538\/revisions\/95540"}],"wp:featuredmedia":[{"embeddable":true,"href":"http:\/\/www.apucarana.pr.gov.br\/site\/wp-json\/wp\/v2\/media\/95539"}],"wp:attachment":[{"href":"http:\/\/www.apucarana.pr.gov.br\/site\/wp-json\/wp\/v2\/media?parent=95538"}],"wp:term":[{"taxonomy":"category","embeddable":true,"href":"http:\/\/www.apucarana.pr.gov.br\/site\/wp-json\/wp\/v2\/categories?post=95538"},{"taxonomy":"post_tag","embeddable":true,"href":"http:\/\/www.apucarana.pr.gov.br\/site\/wp-json\/wp\/v2\/tags?post=95538"}],"curies":[{"name":"wp","href":"https:\/\/api.w.org\/{rel}","templated":true}]}}