{"id":95530,"date":"2024-04-15T15:46:33","date_gmt":"2024-04-15T18:46:33","guid":{"rendered":"http:\/\/www.apucarana.pr.gov.br\/site\/?p=95530"},"modified":"2024-10-08T09:33:15","modified_gmt":"2024-10-08T12:33:15","slug":"atualizacao-do-plano-diretor-tem-audiencia-nesta-terca-e-quarta-feira-em-apucarana","status":"publish","type":"post","link":"http:\/\/www.apucarana.pr.gov.br\/site\/atualizacao-do-plano-diretor-tem-audiencia-nesta-terca-e-quarta-feira-em-apucarana\/","title":{"rendered":"Atualiza\u00e7\u00e3o do Plano Diretor tem audi\u00eancia nesta ter\u00e7a e quarta-feira em Apucarana"},"content":{"rendered":"\n\t\t<!-- MasterSlider -->\n\t\t<div id=\"P_MS69f35dbe73ac0\" class=\"master-slider-parent master-slider-gallery   ms-parent-id-0\" style=\"\" >\n\n\t\t\t\n\t\t\t<!-- MasterSlider Main -->\n\t\t\t<div id=\"MS69f35dbe73ac0\" class=\"master-slider ms-skin-default\" >\n\t\t\t\t \t\t\t\t \n\t\t\t<div  class=\"ms-slide\" data-delay=\"3\"    >\n\t\t\t\t\t<img decoding=\"async\" src=\"http:\/\/www.apucarana.pr.gov.br\/site\/wp-content\/plugins\/masterslider\/public\/assets\/css\/blank.gif\" alt=\"65\" title=\"65\" data-src=\"http:\/\/www.apucarana.pr.gov.br\/site\/wp-content\/uploads\/2024\/04\/65-1024x576.jpg\" \/>\n\t<a href=\"http:\/\/www.apucarana.pr.gov.br\/site\/wp-content\/uploads\/2024\/04\/65-1024x576.jpg\" target=\"_self\"    >65<\/a>\n\n\n\t<img decoding=\"async\" class=\"ms-thumb\" src=\"http:\/\/www.apucarana.pr.gov.br\/site\/wp-content\/uploads\/2024\/04\/65-1024x576-140x80.jpg\" alt=\"65\" \/>\n\t\t\t\t<\/div>\n\t\t\t<div  class=\"ms-slide\" data-delay=\"3\"    >\n\t\t\t\t\t<img decoding=\"async\" src=\"http:\/\/www.apucarana.pr.gov.br\/site\/wp-content\/plugins\/masterslider\/public\/assets\/css\/blank.gif\" alt=\"69\" title=\"69\" data-src=\"http:\/\/www.apucarana.pr.gov.br\/site\/wp-content\/uploads\/2024\/04\/69-1024x576.jpg\" \/>\n\t<a href=\"http:\/\/www.apucarana.pr.gov.br\/site\/wp-content\/uploads\/2024\/04\/69-1024x576.jpg\" target=\"_self\"    >69<\/a>\n\n\n\t<img decoding=\"async\" class=\"ms-thumb\" src=\"http:\/\/www.apucarana.pr.gov.br\/site\/wp-content\/uploads\/2024\/04\/69-1024x576-140x80.jpg\" alt=\"69\" \/>\n\t\t\t\t<\/div>\n\t\t\t<div  class=\"ms-slide\" data-delay=\"3\"    >\n\t\t\t\t\t<img decoding=\"async\" src=\"http:\/\/www.apucarana.pr.gov.br\/site\/wp-content\/plugins\/masterslider\/public\/assets\/css\/blank.gif\" alt=\"81\" title=\"81\" data-src=\"http:\/\/www.apucarana.pr.gov.br\/site\/wp-content\/uploads\/2024\/04\/81-1024x576.jpg\" \/>\n\t<a href=\"http:\/\/www.apucarana.pr.gov.br\/site\/wp-content\/uploads\/2024\/04\/81-1024x576.jpg\" target=\"_self\"    >81<\/a>\n\n\n\t<img decoding=\"async\" class=\"ms-thumb\" src=\"http:\/\/www.apucarana.pr.gov.br\/site\/wp-content\/uploads\/2024\/04\/81-1024x576-140x80.jpg\" alt=\"81\" \/>\n\t\t\t\t<\/div>\n\n\t\t\t<\/div>\n\t\t\t<!-- END MasterSlider Main -->\n\n\t\t\t \n\t\t<\/div>\n\t\t<!-- END MasterSlider -->\n\n\t\t<script>\n\t\t( window.MSReady = window.MSReady || [] ).push( function( $ ) {\n\n\t\t\t\"use strict\";\n\t\t\tvar masterslider_3ac0 = new MasterSlider();\n\n\t\t\t\/\/ slider controls\n\t\t\tmasterslider_3ac0.control('arrows'     ,{ autohide:true, overVideo:true  });\n\t\t\tmasterslider_3ac0.control('thumblist'  ,{ autohide:false, overVideo:true, dir:'h', speed:17, inset:false, arrows:false, hover:false, customClass:'', align:'bottom',type:'thumbs', margin:2, width:140, height:80, space:2, fillMode:'fill'  });\n\t\t\t\/\/ slider setup\n\t\t\tmasterslider_3ac0.setup(\"MS69f35dbe73ac0\", {\n\t\t\t\twidth           : 960,\n\t\t\t\theight          : 540,\n\t\t\t\tminHeight       : 0,\n\t\t\t\tspace           : 0,\n\t\t\t\tstart           : 1,\n\t\t\t\tgrabCursor      : true,\n\t\t\t\tswipe           : true,\n\t\t\t\tmouse           : true,\n\t\t\t\tkeyboard        : false,\n\t\t\t\tlayout          : \"fillwidth\",\n\t\t\t\twheel           : false,\n\t\t\t\tautoplay        : true,\n                instantStartLayers:false,\n\t\t\t\tmobileBGVideo:false,\n\t\t\t\tloop            : true,\n\t\t\t\tshuffle         : false,\n\t\t\t\tpreload         : 3,\n\t\t\t\theightLimit     : false,\n\t\t\t\tautoHeight      : false,\n\t\t\t\tsmoothHeight    : true,\n\t\t\t\tendPause        : false,\n\t\t\t\toverPause       : false,\n\t\t\t\tfillMode        : \"fill\",\n\t\t\t\tcenterControls  : true,\n\t\t\t\tstartOnAppear   : false,\n\t\t\t\tlayersMode      : \"center\",\n\t\t\t\tautofillTarget  : \"\",\n\t\t\t\thideLayers      : false,\n\t\t\t\tfullscreenMargin: 0,\n\t\t\t\tspeed           : 17,\n\t\t\t\tdir             : \"h\",\n\t\t\t\tresponsive      : true,\n\t\t\t\ttabletWidth     : 768,\n\t\t\t\ttabletHeight    : null,\n\t\t\t\tphoneWidth      : 480,\n\t\t\t\tphoneHeight    : null,\n\t\t\t\tsizingReference : window,\n\t\t\t\tparallaxMode    : 'swipe',\n\t\t\t\tview            : \"basic\"\n\t\t\t});\n\n\t\t\t\n\t\t\twindow.masterslider_instances = window.masterslider_instances || [];\n\t\t\twindow.masterslider_instances.push( masterslider_3ac0 );\n\t\t});\n\t\t<\/script>\n\n\n<p>A Prefeitura de Apucarana promove nesta ter\u00e7a e quarta-feira (16 e 17\/04), a partir das 19 horas, no audit\u00f3rio da sede do Conselho Regional de Engenharia e Agronomia do Paran\u00e1 (CREA-PR), a audi\u00eancia p\u00fablica referente \u00e0 atualiza\u00e7\u00e3o do Plano Diretor de Desenvolvimento.<\/p>\n<p>As propostas que ser\u00e3o apresentadas durante os dois dias da audi\u00eancia passaram pelo crivo do Conselho Municipal de Desenvolvimento Urbano (CMDU), do Grupo T\u00e9cnico Permanente, de uma Oficina P\u00fablica e tamb\u00e9m da Procuradoria-Jur\u00eddica Municipal, que tem dado todo o suporte necess\u00e1rio no que tange atualiza\u00e7\u00e3o das legisla\u00e7\u00f5es. \u201cCom participa\u00e7\u00e3o aberta, as propostas em debate nesta ter\u00e7a-feira ser\u00e3o de atualiza\u00e7\u00f5es para as leis complementares que tratam do Plano Diretor, Parcelamento do Solo, Uso e Ocupa\u00e7\u00e3o do Solo, C\u00f3digo de Obras, Sistema Vi\u00e1rio e Telecomunica\u00e7\u00f5es. J\u00e1 o debate de quarta-feira (17\/04), tamb\u00e9m com in\u00edcio \u00e0s 19 horas, ir\u00e1 tratar exclusivamente da lei que versa sobre o Uso e Ocupa\u00e7\u00e3o do Solo\u201d, esclarece a engenheira civil Larissa Miras Moreno, superintendente de Projetos da Secretaria Municipal de Obras.<\/p>\n<p>A previs\u00e3o \u00e9 de que os debates tenham sempre encerramento at\u00e9 as 21h45, uma vez que o regimento interno o CREA-PR prev\u00ea que o pr\u00e9dio deve ser desocupado at\u00e9 as 22 horas. A sede do conselho regional est\u00e1 localizada na Rua Guarapuava, n\u00ba 580, centro. Importante ferramenta que direciona o crescimento e o desenvolvimento urbano da cidade, o Plano Diretor em vig\u00eancia no munic\u00edpio foi aprovado em dezembro de 2020.<\/p>\n","protected":false},"excerpt":{"rendered":"<p>A Prefeitura de Apucarana promove nesta ter&ccedil;a e quarta-feira (16 e 17\/04), a partir das 19 horas, no audit&oacute;rio da sede do Conselho Regional de Engenharia e Agronomia do Paran&aacute; (CREA-PR), a audi&ecirc;ncia p&uacute;blica referente &agrave; atualiza&ccedil;&atilde;o do Plano Diretor de Desenvolvimento. As propostas que ser&atilde;o apresentadas durante os dois dias da audi&ecirc;ncia passaram pelo [&hellip;]<\/p>\n","protected":false},"author":7,"featured_media":95531,"comment_status":"closed","ping_status":"closed","sticky":false,"template":"","format":"standard","meta":{"footnotes":""},"categories":[24],"tags":[],"class_list":["post-95530","post","type-post","status-publish","format-standard","has-post-thumbnail","hentry","category-noticias"],"acf":[],"_links":{"self":[{"href":"http:\/\/www.apucarana.pr.gov.br\/site\/wp-json\/wp\/v2\/posts\/95530","targetHints":{"allow":["GET"]}}],"collection":[{"href":"http:\/\/www.apucarana.pr.gov.br\/site\/wp-json\/wp\/v2\/posts"}],"about":[{"href":"http:\/\/www.apucarana.pr.gov.br\/site\/wp-json\/wp\/v2\/types\/post"}],"author":[{"embeddable":true,"href":"http:\/\/www.apucarana.pr.gov.br\/site\/wp-json\/wp\/v2\/users\/7"}],"replies":[{"embeddable":true,"href":"http:\/\/www.apucarana.pr.gov.br\/site\/wp-json\/wp\/v2\/comments?post=95530"}],"version-history":[{"count":1,"href":"http:\/\/www.apucarana.pr.gov.br\/site\/wp-json\/wp\/v2\/posts\/95530\/revisions"}],"predecessor-version":[{"id":95534,"href":"http:\/\/www.apucarana.pr.gov.br\/site\/wp-json\/wp\/v2\/posts\/95530\/revisions\/95534"}],"wp:featuredmedia":[{"embeddable":true,"href":"http:\/\/www.apucarana.pr.gov.br\/site\/wp-json\/wp\/v2\/media\/95531"}],"wp:attachment":[{"href":"http:\/\/www.apucarana.pr.gov.br\/site\/wp-json\/wp\/v2\/media?parent=95530"}],"wp:term":[{"taxonomy":"category","embeddable":true,"href":"http:\/\/www.apucarana.pr.gov.br\/site\/wp-json\/wp\/v2\/categories?post=95530"},{"taxonomy":"post_tag","embeddable":true,"href":"http:\/\/www.apucarana.pr.gov.br\/site\/wp-json\/wp\/v2\/tags?post=95530"}],"curies":[{"name":"wp","href":"https:\/\/api.w.org\/{rel}","templated":true}]}}