{"id":95526,"date":"2024-04-15T15:18:33","date_gmt":"2024-04-15T18:18:33","guid":{"rendered":"http:\/\/www.apucarana.pr.gov.br\/site\/?p=95526"},"modified":"2024-10-08T09:33:15","modified_gmt":"2024-10-08T12:33:15","slug":"prefeitura-divulga-telefone-de-recolhimento-de-moveis-e-inserviveis-domesticos","status":"publish","type":"post","link":"http:\/\/www.apucarana.pr.gov.br\/site\/prefeitura-divulga-telefone-de-recolhimento-de-moveis-e-inserviveis-domesticos\/","title":{"rendered":"Prefeitura divulga telefone de recolhimento de m\u00f3veis e inserv\u00edveis dom\u00e9sticos"},"content":{"rendered":"\n\t\t<!-- MasterSlider -->\n\t\t<div id=\"P_MS69f34d4f88a4e\" class=\"master-slider-parent master-slider-gallery   ms-parent-id-0\" style=\"\" >\n\n\t\t\t\n\t\t\t<!-- MasterSlider Main -->\n\t\t\t<div id=\"MS69f34d4f88a4e\" class=\"master-slider ms-skin-default\" >\n\t\t\t\t \t\t\t\t \n\t\t\t<div  class=\"ms-slide\" data-delay=\"3\"    >\n\t\t\t\t\t<img decoding=\"async\" src=\"http:\/\/www.apucarana.pr.gov.br\/site\/wp-content\/plugins\/masterslider\/public\/assets\/css\/blank.gif\" alt=\"coleta de m\u00f3veis (15)\" title=\"coleta de m\u00f3veis (15)\" data-src=\"http:\/\/www.apucarana.pr.gov.br\/site\/wp-content\/uploads\/2024\/04\/coleta-de-moveis-15-1024x683.jpg\" \/>\n\t<a href=\"http:\/\/www.apucarana.pr.gov.br\/site\/wp-content\/uploads\/2024\/04\/coleta-de-moveis-15-1024x683.jpg\" target=\"_self\"    >coleta de m\u00f3veis (15)<\/a>\n\n\n\t<img decoding=\"async\" class=\"ms-thumb\" src=\"http:\/\/www.apucarana.pr.gov.br\/site\/wp-content\/uploads\/2024\/04\/coleta-de-moveis-15-1024x683-140x80.jpg\" alt=\"coleta de m\u00f3veis (15)\" \/>\n\t\t\t\t<\/div>\n\t\t\t<div  class=\"ms-slide\" data-delay=\"3\"    >\n\t\t\t\t\t<img decoding=\"async\" src=\"http:\/\/www.apucarana.pr.gov.br\/site\/wp-content\/plugins\/masterslider\/public\/assets\/css\/blank.gif\" alt=\"Mutir\u00e3o Orlando Bacarin (43)\" title=\"Mutir\u00e3o Orlando Bacarin (43)\" data-src=\"http:\/\/www.apucarana.pr.gov.br\/site\/wp-content\/uploads\/2024\/04\/Mutirao-Orlando-Bacarin-43-1024x683.jpg\" \/>\n\t<a href=\"http:\/\/www.apucarana.pr.gov.br\/site\/wp-content\/uploads\/2024\/04\/Mutirao-Orlando-Bacarin-43-1024x683.jpg\" target=\"_self\"    >Mutir\u00e3o Orlando Bacarin (43)<\/a>\n\n\n\t<img decoding=\"async\" class=\"ms-thumb\" src=\"http:\/\/www.apucarana.pr.gov.br\/site\/wp-content\/uploads\/2024\/04\/Mutirao-Orlando-Bacarin-43-1024x683-140x80.jpg\" alt=\"Mutir\u00e3o Orlando Bacarin (43)\" \/>\n\t\t\t\t<\/div>\n\n\t\t\t<\/div>\n\t\t\t<!-- END MasterSlider Main -->\n\n\t\t\t \n\t\t<\/div>\n\t\t<!-- END MasterSlider -->\n\n\t\t<script>\n\t\t( window.MSReady = window.MSReady || [] ).push( function( $ ) {\n\n\t\t\t\"use strict\";\n\t\t\tvar masterslider_8a4e = new MasterSlider();\n\n\t\t\t\/\/ slider controls\n\t\t\tmasterslider_8a4e.control('arrows'     ,{ autohide:true, overVideo:true  });\n\t\t\tmasterslider_8a4e.control('thumblist'  ,{ autohide:false, overVideo:true, dir:'h', speed:17, inset:false, arrows:false, hover:false, customClass:'', align:'bottom',type:'thumbs', margin:2, width:140, height:80, space:2, fillMode:'fill'  });\n\t\t\t\/\/ slider setup\n\t\t\tmasterslider_8a4e.setup(\"MS69f34d4f88a4e\", {\n\t\t\t\twidth           : 960,\n\t\t\t\theight          : 540,\n\t\t\t\tminHeight       : 0,\n\t\t\t\tspace           : 0,\n\t\t\t\tstart           : 1,\n\t\t\t\tgrabCursor      : true,\n\t\t\t\tswipe           : true,\n\t\t\t\tmouse           : true,\n\t\t\t\tkeyboard        : false,\n\t\t\t\tlayout          : \"fillwidth\",\n\t\t\t\twheel           : false,\n\t\t\t\tautoplay        : true,\n                instantStartLayers:false,\n\t\t\t\tmobileBGVideo:false,\n\t\t\t\tloop            : true,\n\t\t\t\tshuffle         : false,\n\t\t\t\tpreload         : 3,\n\t\t\t\theightLimit     : false,\n\t\t\t\tautoHeight      : false,\n\t\t\t\tsmoothHeight    : true,\n\t\t\t\tendPause        : false,\n\t\t\t\toverPause       : false,\n\t\t\t\tfillMode        : \"fill\",\n\t\t\t\tcenterControls  : true,\n\t\t\t\tstartOnAppear   : false,\n\t\t\t\tlayersMode      : \"center\",\n\t\t\t\tautofillTarget  : \"\",\n\t\t\t\thideLayers      : false,\n\t\t\t\tfullscreenMargin: 0,\n\t\t\t\tspeed           : 17,\n\t\t\t\tdir             : \"h\",\n\t\t\t\tresponsive      : true,\n\t\t\t\ttabletWidth     : 768,\n\t\t\t\ttabletHeight    : null,\n\t\t\t\tphoneWidth      : 480,\n\t\t\t\tphoneHeight    : null,\n\t\t\t\tsizingReference : window,\n\t\t\t\tparallaxMode    : 'swipe',\n\t\t\t\tview            : \"basic\"\n\t\t\t});\n\n\t\t\t\n\t\t\twindow.masterslider_instances = window.masterslider_instances || [];\n\t\t\twindow.masterslider_instances.push( masterslider_8a4e );\n\t\t});\n\t\t<\/script>\n\n\n<p><strong>\u00a0<\/strong>O agendamento do programa municipal de recolhimento de m\u00f3veis e outros materiais dom\u00e9sticos inserv\u00edveis, em Apucarana, deve ser feito por novo telefone. Para solicitar o servi\u00e7o os apucaranenses devem discar o n\u00famero geral da prefeitura 3422-4000 e digitar o ramal 556 ou 557.<\/p>\n<p>O servi\u00e7o gratuito \u00e9 executado por uma equipe de servidores da Secretaria Municipal de Servi\u00e7os P\u00fablicos, de segunda a sexta-feira.<\/p>\n<p>\u201cA partir do cadastro da solicita\u00e7\u00e3o, nosso pessoal faz a programa\u00e7\u00e3o para a coleta no local\u201d, informa o secret\u00e1rio municipal de servi\u00e7os p\u00fablicos, Mauro Toshio, reiterando que o atendimento \u00e9 gratuito.<\/p>\n","protected":false},"excerpt":{"rendered":"<p>&nbsp;O agendamento do programa municipal de recolhimento de m&oacute;veis e outros materiais dom&eacute;sticos inserv&iacute;veis, em Apucarana, deve ser feito por novo telefone. Para solicitar o servi&ccedil;o os apucaranenses devem discar o n&uacute;mero geral da prefeitura 3422-4000 e digitar o ramal 556 ou 557. O servi&ccedil;o gratuito &eacute; executado por uma equipe de servidores da Secretaria [&hellip;]<\/p>\n","protected":false},"author":10,"featured_media":95528,"comment_status":"closed","ping_status":"closed","sticky":false,"template":"","format":"standard","meta":{"footnotes":""},"categories":[24],"tags":[],"class_list":["post-95526","post","type-post","status-publish","format-standard","has-post-thumbnail","hentry","category-noticias"],"acf":[],"_links":{"self":[{"href":"http:\/\/www.apucarana.pr.gov.br\/site\/wp-json\/wp\/v2\/posts\/95526","targetHints":{"allow":["GET"]}}],"collection":[{"href":"http:\/\/www.apucarana.pr.gov.br\/site\/wp-json\/wp\/v2\/posts"}],"about":[{"href":"http:\/\/www.apucarana.pr.gov.br\/site\/wp-json\/wp\/v2\/types\/post"}],"author":[{"embeddable":true,"href":"http:\/\/www.apucarana.pr.gov.br\/site\/wp-json\/wp\/v2\/users\/10"}],"replies":[{"embeddable":true,"href":"http:\/\/www.apucarana.pr.gov.br\/site\/wp-json\/wp\/v2\/comments?post=95526"}],"version-history":[{"count":1,"href":"http:\/\/www.apucarana.pr.gov.br\/site\/wp-json\/wp\/v2\/posts\/95526\/revisions"}],"predecessor-version":[{"id":95529,"href":"http:\/\/www.apucarana.pr.gov.br\/site\/wp-json\/wp\/v2\/posts\/95526\/revisions\/95529"}],"wp:featuredmedia":[{"embeddable":true,"href":"http:\/\/www.apucarana.pr.gov.br\/site\/wp-json\/wp\/v2\/media\/95528"}],"wp:attachment":[{"href":"http:\/\/www.apucarana.pr.gov.br\/site\/wp-json\/wp\/v2\/media?parent=95526"}],"wp:term":[{"taxonomy":"category","embeddable":true,"href":"http:\/\/www.apucarana.pr.gov.br\/site\/wp-json\/wp\/v2\/categories?post=95526"},{"taxonomy":"post_tag","embeddable":true,"href":"http:\/\/www.apucarana.pr.gov.br\/site\/wp-json\/wp\/v2\/tags?post=95526"}],"curies":[{"name":"wp","href":"https:\/\/api.w.org\/{rel}","templated":true}]}}