{"id":95521,"date":"2024-04-15T15:04:10","date_gmt":"2024-04-15T18:04:10","guid":{"rendered":"http:\/\/www.apucarana.pr.gov.br\/site\/?p=95521"},"modified":"2024-10-08T09:33:15","modified_gmt":"2024-10-08T12:33:15","slug":"utfpr-lancara-em-maio-catalogo-de-projetos-de-extensao","status":"publish","type":"post","link":"http:\/\/www.apucarana.pr.gov.br\/site\/utfpr-lancara-em-maio-catalogo-de-projetos-de-extensao\/","title":{"rendered":"UTFPR lan\u00e7ar\u00e1 em maio cat\u00e1logo de projetos de extens\u00e3o"},"content":{"rendered":"\n\t\t<!-- MasterSlider -->\n\t\t<div id=\"P_MS69f33c450fd4a\" class=\"master-slider-parent master-slider-gallery   ms-parent-id-0\" style=\"\" >\n\n\t\t\t\n\t\t\t<!-- MasterSlider Main -->\n\t\t\t<div id=\"MS69f33c450fd4a\" class=\"master-slider ms-skin-default\" >\n\t\t\t\t \t\t\t\t \n\t\t\t<div  class=\"ms-slide\" data-delay=\"3\"    >\n\t\t\t\t\t<img decoding=\"async\" src=\"http:\/\/www.apucarana.pr.gov.br\/site\/wp-content\/plugins\/masterslider\/public\/assets\/css\/blank.gif\" alt=\"IMG_8438\" title=\"IMG_8438\" data-src=\"http:\/\/www.apucarana.pr.gov.br\/site\/wp-content\/uploads\/2024\/04\/IMG_8438-1024x683.jpg\" \/>\n\t<a href=\"http:\/\/www.apucarana.pr.gov.br\/site\/wp-content\/uploads\/2024\/04\/IMG_8438-1024x683.jpg\" target=\"_self\"    >IMG_8438<\/a>\n\n\n\t<img decoding=\"async\" class=\"ms-thumb\" src=\"http:\/\/www.apucarana.pr.gov.br\/site\/wp-content\/uploads\/2024\/04\/IMG_8438-1024x683-140x80.jpg\" alt=\"IMG_8438\" \/>\n\t\t\t\t<\/div>\n\t\t\t<div  class=\"ms-slide\" data-delay=\"3\"    >\n\t\t\t\t\t<img decoding=\"async\" src=\"http:\/\/www.apucarana.pr.gov.br\/site\/wp-content\/plugins\/masterslider\/public\/assets\/css\/blank.gif\" alt=\"IMG_8448\" title=\"IMG_8448\" data-src=\"http:\/\/www.apucarana.pr.gov.br\/site\/wp-content\/uploads\/2024\/04\/IMG_8448-1024x1024.jpg\" \/>\n\t<a href=\"http:\/\/www.apucarana.pr.gov.br\/site\/wp-content\/uploads\/2024\/04\/IMG_8448-1024x1024.jpg\" target=\"_self\"    >IMG_8448<\/a>\n\n\n\t<img decoding=\"async\" class=\"ms-thumb\" src=\"http:\/\/www.apucarana.pr.gov.br\/site\/wp-content\/uploads\/2024\/04\/IMG_8448-1024x1024-140x80.jpg\" alt=\"IMG_8448\" \/>\n\t\t\t\t<\/div>\n\t\t\t<div  class=\"ms-slide\" data-delay=\"3\"    >\n\t\t\t\t\t<img decoding=\"async\" src=\"http:\/\/www.apucarana.pr.gov.br\/site\/wp-content\/plugins\/masterslider\/public\/assets\/css\/blank.gif\" alt=\"IMG_8459\" title=\"IMG_8459\" data-src=\"http:\/\/www.apucarana.pr.gov.br\/site\/wp-content\/uploads\/2024\/04\/IMG_8459-1024x683.jpg\" \/>\n\t<a href=\"http:\/\/www.apucarana.pr.gov.br\/site\/wp-content\/uploads\/2024\/04\/IMG_8459-1024x683.jpg\" target=\"_self\"    >IMG_8459<\/a>\n\n\n\t<img decoding=\"async\" class=\"ms-thumb\" src=\"http:\/\/www.apucarana.pr.gov.br\/site\/wp-content\/uploads\/2024\/04\/IMG_8459-1024x683-140x80.jpg\" alt=\"IMG_8459\" \/>\n\t\t\t\t<\/div>\n\n\t\t\t<\/div>\n\t\t\t<!-- END MasterSlider Main -->\n\n\t\t\t \n\t\t<\/div>\n\t\t<!-- END MasterSlider -->\n\n\t\t<script>\n\t\t( window.MSReady = window.MSReady || [] ).push( function( $ ) {\n\n\t\t\t\"use strict\";\n\t\t\tvar masterslider_fd4a = new MasterSlider();\n\n\t\t\t\/\/ slider controls\n\t\t\tmasterslider_fd4a.control('arrows'     ,{ autohide:true, overVideo:true  });\n\t\t\tmasterslider_fd4a.control('thumblist'  ,{ autohide:false, overVideo:true, dir:'h', speed:17, inset:false, arrows:false, hover:false, customClass:'', align:'bottom',type:'thumbs', margin:2, width:140, height:80, space:2, fillMode:'fill'  });\n\t\t\t\/\/ slider setup\n\t\t\tmasterslider_fd4a.setup(\"MS69f33c450fd4a\", {\n\t\t\t\twidth           : 960,\n\t\t\t\theight          : 540,\n\t\t\t\tminHeight       : 0,\n\t\t\t\tspace           : 0,\n\t\t\t\tstart           : 1,\n\t\t\t\tgrabCursor      : true,\n\t\t\t\tswipe           : true,\n\t\t\t\tmouse           : true,\n\t\t\t\tkeyboard        : false,\n\t\t\t\tlayout          : \"fillwidth\",\n\t\t\t\twheel           : false,\n\t\t\t\tautoplay        : true,\n                instantStartLayers:false,\n\t\t\t\tmobileBGVideo:false,\n\t\t\t\tloop            : true,\n\t\t\t\tshuffle         : false,\n\t\t\t\tpreload         : 3,\n\t\t\t\theightLimit     : false,\n\t\t\t\tautoHeight      : false,\n\t\t\t\tsmoothHeight    : true,\n\t\t\t\tendPause        : false,\n\t\t\t\toverPause       : false,\n\t\t\t\tfillMode        : \"fill\",\n\t\t\t\tcenterControls  : true,\n\t\t\t\tstartOnAppear   : false,\n\t\t\t\tlayersMode      : \"center\",\n\t\t\t\tautofillTarget  : \"\",\n\t\t\t\thideLayers      : false,\n\t\t\t\tfullscreenMargin: 0,\n\t\t\t\tspeed           : 17,\n\t\t\t\tdir             : \"h\",\n\t\t\t\tresponsive      : true,\n\t\t\t\ttabletWidth     : 768,\n\t\t\t\ttabletHeight    : null,\n\t\t\t\tphoneWidth      : 480,\n\t\t\t\tphoneHeight    : null,\n\t\t\t\tsizingReference : window,\n\t\t\t\tparallaxMode    : 'swipe',\n\t\t\t\tview            : \"basic\"\n\t\t\t});\n\n\t\t\t\n\t\t\twindow.masterslider_instances = window.masterslider_instances || [];\n\t\t\twindow.masterslider_instances.push( masterslider_fd4a );\n\t\t});\n\t\t<\/script>\n\n\n<p>A Universidade Tecnol\u00f3gica Federal do Paran\u00e1 (UTFPR), campus de Apucarana, lan\u00e7ar\u00e1 no dia 14 de maio, o Cat\u00e1logo de Projetos de Extens\u00e3o que est\u00e1 sendo desenvolvido pela institui\u00e7\u00e3o de ensino. A Prefeitura de Apucarana, al\u00e9m do apoio e da parceria neste evento, tamb\u00e9m ajudar\u00e1 a colocar v\u00e1rios destes projetos de extens\u00e3o em pr\u00e1tica.<\/p>\n<p>A participa\u00e7\u00e3o do Munic\u00edpio na elabora\u00e7\u00e3o final do cat\u00e1logo foi definida nesta segunda-feira (15\/04) em reuni\u00e3o entre o prefeito Junior da Femac e Aloysio Gomes de Souza Filho, diretor de rela\u00e7\u00f5es empresariais e comunit\u00e1rias da UTFPR. Tamb\u00e9m participaram da reuni\u00e3o Patricia Mara Gomes, respons\u00e1vel pelo Departamento de Extens\u00e3o,\u00a0 Andressa Valendorf, bolsista acad\u00eamica do curso de engenharia civil, e a secret\u00e1ria municipal de Obras, Caroline Moreira Souza.<\/p>\n<p>Aloysio Gomes de Souza Filho, diretor de rela\u00e7\u00f5es empresariais e comunit\u00e1rias da UTFPR, afirma que, concomitante ao lan\u00e7amento do cat\u00e1logo, tamb\u00e9m ser\u00e1 aberta uma consulta p\u00fablica junto \u00e0 comunidade que poder\u00e1 manifestar interesse em novos projetos de extens\u00e3o, em atendimento \u00e0s demandas da sociedade.<\/p>\n<p>Junior da Femac destaca que a parceria atende os preceitos de uma cidade educadora. \u201cNuma cidade educadora, todas as pessoas t\u00eam a possibilidade de ter experi\u00eancias de aprendizado, n\u00e3o se resumindo apenas aos bancos escolares. Isso significa que em cada experi\u00eancia a pessoa tem a possibilidade de manter contato com um novo conte\u00fado ou conhecimento\u201d, assinala Junior da Femac, lembrando que Apucarana desde o ano passado possui o selo de Cidade Educadora e est\u00e1 filiada \u00e0 Associa\u00e7\u00e3o Internacional de Cidades Educadoras (AICE).<\/p>\n<p>Patr\u00edcia Mara Gomes, respons\u00e1vel pelo Departamento de Extens\u00e3o da UTFPR \u2013 c\u00e2mpus Apucarana, lembra ainda que cada aluno da UTFPR precisa cumprir 10% da carga hor\u00e1ria exigida nos cursos em projetos de extens\u00e3o. \u00a0\u201cOs projetos de extens\u00e3o t\u00eam por objetivo atender demandas reais da sociedade em diversas \u00e1reas, como educa\u00e7\u00e3o, meio ambiente, trabalho, habita\u00e7\u00e3o, tecnologia e produ\u00e7\u00e3o, cultura, direitos humanos e justi\u00e7a\u201d, cita Patr\u00edcia.<\/p>\n<p>Os projetos de extens\u00e3o ter\u00e3o participa\u00e7\u00e3o efetiva dos estudantes ligados aos cursos de gradua\u00e7\u00e3o da UTFPR Apucarana: Design de Moda, Engenharia Civil, Engenharia de Computa\u00e7\u00e3o, Engenharia El\u00e9trica, Engenharia Qu\u00edmica, Engenharia T\u00eaxtil, Qu\u00edmica (licenciatura).\u00a0No formul\u00e1rio de consulta que ser\u00e1 disponibilizado, a popula\u00e7\u00e3o poder\u00e1 indicar a qual\/quais curso (s) essa demanda est\u00e1 relacionada, e quais \u00e1reas tem\u00e1ticas.<\/p>\n","protected":false},"excerpt":{"rendered":"<p>A Universidade Tecnol&oacute;gica Federal do Paran&aacute; (UTFPR), campus de Apucarana, lan&ccedil;ar&aacute; no dia 14 de maio, o Cat&aacute;logo de Projetos de Extens&atilde;o que est&aacute; sendo desenvolvido pela institui&ccedil;&atilde;o de ensino. A Prefeitura de Apucarana, al&eacute;m do apoio e da parceria neste evento, tamb&eacute;m ajudar&aacute; a colocar v&aacute;rios destes projetos de extens&atilde;o em pr&aacute;tica. A participa&ccedil;&atilde;o [&hellip;]<\/p>\n","protected":false},"author":7,"featured_media":95523,"comment_status":"closed","ping_status":"closed","sticky":false,"template":"","format":"standard","meta":{"footnotes":""},"categories":[24],"tags":[],"class_list":["post-95521","post","type-post","status-publish","format-standard","has-post-thumbnail","hentry","category-noticias"],"acf":[],"_links":{"self":[{"href":"http:\/\/www.apucarana.pr.gov.br\/site\/wp-json\/wp\/v2\/posts\/95521","targetHints":{"allow":["GET"]}}],"collection":[{"href":"http:\/\/www.apucarana.pr.gov.br\/site\/wp-json\/wp\/v2\/posts"}],"about":[{"href":"http:\/\/www.apucarana.pr.gov.br\/site\/wp-json\/wp\/v2\/types\/post"}],"author":[{"embeddable":true,"href":"http:\/\/www.apucarana.pr.gov.br\/site\/wp-json\/wp\/v2\/users\/7"}],"replies":[{"embeddable":true,"href":"http:\/\/www.apucarana.pr.gov.br\/site\/wp-json\/wp\/v2\/comments?post=95521"}],"version-history":[{"count":5,"href":"http:\/\/www.apucarana.pr.gov.br\/site\/wp-json\/wp\/v2\/posts\/95521\/revisions"}],"predecessor-version":[{"id":95581,"href":"http:\/\/www.apucarana.pr.gov.br\/site\/wp-json\/wp\/v2\/posts\/95521\/revisions\/95581"}],"wp:featuredmedia":[{"embeddable":true,"href":"http:\/\/www.apucarana.pr.gov.br\/site\/wp-json\/wp\/v2\/media\/95523"}],"wp:attachment":[{"href":"http:\/\/www.apucarana.pr.gov.br\/site\/wp-json\/wp\/v2\/media?parent=95521"}],"wp:term":[{"taxonomy":"category","embeddable":true,"href":"http:\/\/www.apucarana.pr.gov.br\/site\/wp-json\/wp\/v2\/categories?post=95521"},{"taxonomy":"post_tag","embeddable":true,"href":"http:\/\/www.apucarana.pr.gov.br\/site\/wp-json\/wp\/v2\/tags?post=95521"}],"curies":[{"name":"wp","href":"https:\/\/api.w.org\/{rel}","templated":true}]}}