{"id":95510,"date":"2024-04-15T13:53:55","date_gmt":"2024-04-15T16:53:55","guid":{"rendered":"http:\/\/www.apucarana.pr.gov.br\/site\/?p=95510"},"modified":"2024-10-08T09:33:15","modified_gmt":"2024-10-08T12:33:15","slug":"apucarana-compartilha-experiencias-em-encontro-nacional-do-sistema-universidade-aberta-do-brasil","status":"publish","type":"post","link":"http:\/\/www.apucarana.pr.gov.br\/site\/apucarana-compartilha-experiencias-em-encontro-nacional-do-sistema-universidade-aberta-do-brasil\/","title":{"rendered":"Apucarana compartilha experi\u00eancias em encontro nacional do Sistema Universidade Aberta do Brasil"},"content":{"rendered":"\n\t\t<!-- MasterSlider -->\n\t\t<div id=\"P_MS69f32de82f6cd\" class=\"master-slider-parent master-slider-gallery   ms-parent-id-0\" style=\"\" >\n\n\t\t\t\n\t\t\t<!-- MasterSlider Main -->\n\t\t\t<div id=\"MS69f32de82f6cd\" class=\"master-slider ms-skin-default\" >\n\t\t\t\t \t\t\t\t \n\t\t\t<div  class=\"ms-slide\" data-delay=\"3\"    >\n\t\t\t\t\t<img decoding=\"async\" src=\"http:\/\/www.apucarana.pr.gov.br\/site\/wp-content\/plugins\/masterslider\/public\/assets\/css\/blank.gif\" alt=\"ENCONTRO NACIONAL - UAB 2\" title=\"ENCONTRO NACIONAL - UAB 2\" data-src=\"http:\/\/www.apucarana.pr.gov.br\/site\/wp-content\/uploads\/2024\/04\/ENCONTRO-NACIONAL-UAB-2-1024x768.jpg\" \/>\n\t<a href=\"http:\/\/www.apucarana.pr.gov.br\/site\/wp-content\/uploads\/2024\/04\/ENCONTRO-NACIONAL-UAB-2-1024x768.jpg\" target=\"_self\"    >ENCONTRO NACIONAL - UAB 2<\/a>\n\n\n\t<img decoding=\"async\" class=\"ms-thumb\" src=\"http:\/\/www.apucarana.pr.gov.br\/site\/wp-content\/uploads\/2024\/04\/ENCONTRO-NACIONAL-UAB-2-1024x768-140x80.jpg\" alt=\"ENCONTRO NACIONAL - UAB 2\" \/>\n\t\t\t\t<\/div>\n\t\t\t<div  class=\"ms-slide\" data-delay=\"3\"    >\n\t\t\t\t\t<img decoding=\"async\" src=\"http:\/\/www.apucarana.pr.gov.br\/site\/wp-content\/plugins\/masterslider\/public\/assets\/css\/blank.gif\" alt=\"ENCONTRO NACIONAL - UAB 3\" title=\"ENCONTRO NACIONAL - UAB 3\" data-src=\"http:\/\/www.apucarana.pr.gov.br\/site\/wp-content\/uploads\/2024\/04\/ENCONTRO-NACIONAL-UAB-3-1024x768.jpg\" \/>\n\t<a href=\"http:\/\/www.apucarana.pr.gov.br\/site\/wp-content\/uploads\/2024\/04\/ENCONTRO-NACIONAL-UAB-3-1024x768.jpg\" target=\"_self\"    >ENCONTRO NACIONAL - UAB 3<\/a>\n\n\n\t<img decoding=\"async\" class=\"ms-thumb\" src=\"http:\/\/www.apucarana.pr.gov.br\/site\/wp-content\/uploads\/2024\/04\/ENCONTRO-NACIONAL-UAB-3-1024x768-140x80.jpg\" alt=\"ENCONTRO NACIONAL - UAB 3\" \/>\n\t\t\t\t<\/div>\n\t\t\t<div  class=\"ms-slide\" data-delay=\"3\"    >\n\t\t\t\t\t<img decoding=\"async\" src=\"http:\/\/www.apucarana.pr.gov.br\/site\/wp-content\/plugins\/masterslider\/public\/assets\/css\/blank.gif\" alt=\"ENCONTRO NACIONAL - UAB 4\" title=\"ENCONTRO NACIONAL - UAB 4\" data-src=\"http:\/\/www.apucarana.pr.gov.br\/site\/wp-content\/uploads\/2024\/04\/ENCONTRO-NACIONAL-UAB-4-1024x768.jpg\" \/>\n\t<a href=\"http:\/\/www.apucarana.pr.gov.br\/site\/wp-content\/uploads\/2024\/04\/ENCONTRO-NACIONAL-UAB-4-1024x768.jpg\" target=\"_self\"    >ENCONTRO NACIONAL - UAB 4<\/a>\n\n\n\t<img decoding=\"async\" class=\"ms-thumb\" src=\"http:\/\/www.apucarana.pr.gov.br\/site\/wp-content\/uploads\/2024\/04\/ENCONTRO-NACIONAL-UAB-4-1024x768-140x80.jpg\" alt=\"ENCONTRO NACIONAL - UAB 4\" \/>\n\t\t\t\t<\/div>\n\t\t\t<div  class=\"ms-slide\" data-delay=\"3\"    >\n\t\t\t\t\t<img decoding=\"async\" src=\"http:\/\/www.apucarana.pr.gov.br\/site\/wp-content\/plugins\/masterslider\/public\/assets\/css\/blank.gif\" alt=\"ENCONTRO NACIONAL - UAB 5\" title=\"ENCONTRO NACIONAL - UAB 5\" data-src=\"http:\/\/www.apucarana.pr.gov.br\/site\/wp-content\/uploads\/2024\/04\/ENCONTRO-NACIONAL-UAB-5-1024x768.jpg\" \/>\n\t<a href=\"http:\/\/www.apucarana.pr.gov.br\/site\/wp-content\/uploads\/2024\/04\/ENCONTRO-NACIONAL-UAB-5-1024x768.jpg\" target=\"_self\"    >ENCONTRO NACIONAL - UAB 5<\/a>\n\n\n\t<img decoding=\"async\" class=\"ms-thumb\" src=\"http:\/\/www.apucarana.pr.gov.br\/site\/wp-content\/uploads\/2024\/04\/ENCONTRO-NACIONAL-UAB-5-1024x768-140x80.jpg\" alt=\"ENCONTRO NACIONAL - UAB 5\" \/>\n\t\t\t\t<\/div>\n\n\t\t\t<\/div>\n\t\t\t<!-- END MasterSlider Main -->\n\n\t\t\t \n\t\t<\/div>\n\t\t<!-- END MasterSlider -->\n\n\t\t<script>\n\t\t( window.MSReady = window.MSReady || [] ).push( function( $ ) {\n\n\t\t\t\"use strict\";\n\t\t\tvar masterslider_f6cd = new MasterSlider();\n\n\t\t\t\/\/ slider controls\n\t\t\tmasterslider_f6cd.control('arrows'     ,{ autohide:true, overVideo:true  });\n\t\t\tmasterslider_f6cd.control('thumblist'  ,{ autohide:false, overVideo:true, dir:'h', speed:17, inset:false, arrows:false, hover:false, customClass:'', align:'bottom',type:'thumbs', margin:2, width:140, height:80, space:2, fillMode:'fill'  });\n\t\t\t\/\/ slider setup\n\t\t\tmasterslider_f6cd.setup(\"MS69f32de82f6cd\", {\n\t\t\t\twidth           : 960,\n\t\t\t\theight          : 540,\n\t\t\t\tminHeight       : 0,\n\t\t\t\tspace           : 0,\n\t\t\t\tstart           : 1,\n\t\t\t\tgrabCursor      : true,\n\t\t\t\tswipe           : true,\n\t\t\t\tmouse           : true,\n\t\t\t\tkeyboard        : false,\n\t\t\t\tlayout          : \"fillwidth\",\n\t\t\t\twheel           : false,\n\t\t\t\tautoplay        : true,\n                instantStartLayers:false,\n\t\t\t\tmobileBGVideo:false,\n\t\t\t\tloop            : true,\n\t\t\t\tshuffle         : false,\n\t\t\t\tpreload         : 3,\n\t\t\t\theightLimit     : false,\n\t\t\t\tautoHeight      : false,\n\t\t\t\tsmoothHeight    : true,\n\t\t\t\tendPause        : false,\n\t\t\t\toverPause       : false,\n\t\t\t\tfillMode        : \"fill\",\n\t\t\t\tcenterControls  : true,\n\t\t\t\tstartOnAppear   : false,\n\t\t\t\tlayersMode      : \"center\",\n\t\t\t\tautofillTarget  : \"\",\n\t\t\t\thideLayers      : false,\n\t\t\t\tfullscreenMargin: 0,\n\t\t\t\tspeed           : 17,\n\t\t\t\tdir             : \"h\",\n\t\t\t\tresponsive      : true,\n\t\t\t\ttabletWidth     : 768,\n\t\t\t\ttabletHeight    : null,\n\t\t\t\tphoneWidth      : 480,\n\t\t\t\tphoneHeight    : null,\n\t\t\t\tsizingReference : window,\n\t\t\t\tparallaxMode    : 'swipe',\n\t\t\t\tview            : \"basic\"\n\t\t\t});\n\n\t\t\t\n\t\t\twindow.masterslider_instances = window.masterslider_instances || [];\n\t\t\twindow.masterslider_instances.push( masterslider_f6cd );\n\t\t});\n\t\t<\/script>\n\n\n<p>A coordenadora do polo apucaranense da Universidade Aberta do Brasil e presidente do F\u00f3rum Estadual de Coordenadores de Polo da UAB, Sueli Gomes R\u00eais Gon\u00e7alves, participou na \u00faltima semana (9 a 11\/4), na sede da CAPES, em Bras\u00edlia, do II Encontro Nacional de Coordenadores do Sistema Universidade Aberta do Brasil. Na ocasi\u00e3o, ela compartilhou a sua experi\u00eancia na articula\u00e7\u00e3o de cursos do edital n\u00ba 25\/2023.<\/p>\n<p>\u201cA Universidade Aberta do Brasil \u00e9 um sistema que permite que institui\u00e7\u00f5es p\u00fablicas de ensino superior levem cursos, oferecidos na modalidade de educa\u00e7\u00e3o a dist\u00e2ncia, a cidades do interior do pa\u00eds, por meio de parcerias nas esferas federal, estadual e municipal. Essa \u00e9 uma iniciativa important\u00edssima, pois democratiza o acesso da popula\u00e7\u00e3o a uma forma\u00e7\u00e3o emancipat\u00f3ria, gratuita e de qualidade. Apucarana, ali\u00e1s, possui um dos Polos da UAB mais atuantes do Paran\u00e1,\u201d disse o prefeito Junior da Femac.<\/p>\n<p>A secret\u00e1ria municipal de educa\u00e7\u00e3o, Marli Fernandes, acrescentou que o objetivo do Sistema Universidade Aberta do Brasil \u00e9 contribuir para a Pol\u00edtica Nacional de Forma\u00e7\u00e3o de Professores, do Minist\u00e9rio da Educa\u00e7\u00e3o. \u201cAproximadamente 70% das vagas ofertadas pelos Polos da UAB s\u00e3o prioritariamente voltadas \u00e0 forma\u00e7\u00e3o inicial e continuada dos docentes e 30% para cursos na \u00e1rea da administra\u00e7\u00e3o p\u00fablica e desenvolvimento econ\u00f4mico, social e regional. Muitos professores formados pelo Polo da UAB-Apucarana foram aprovados em concurso p\u00fablico e, atualmente, trabalham conosco na rede municipal de educa\u00e7\u00e3o,\u201d afirmou.<\/p>\n<p>O II Encontro Nacional de Coordenadores do Sistema Universidade Aberta do Brasil buscou fortalecer a coopera\u00e7\u00e3o e a troca de experi\u00eancias dos diversos agentes da educa\u00e7\u00e3o a dist\u00e2ncia superior p\u00fablica. \u201cNo terceiro dia, tive a oportunidade de relatar a nossa experi\u00eancia na articula\u00e7\u00e3o de cursos do edital n\u00ba 25\/2023, que liberou 290 mil vagas para todo Brasil. Como o Paran\u00e1 teve bastante sucesso nesta articula\u00e7\u00e3o, fomos convidados a apresentar o caminho que percorremos neste encontro nacional,\u201d detalhou a coordenadora do Polo da UAB-Apucarana, Sueli Gon\u00e7alves.<\/p>\n","protected":false},"excerpt":{"rendered":"<p>A coordenadora do polo apucaranense da Universidade Aberta do Brasil e presidente do F&oacute;rum Estadual de Coordenadores de Polo da UAB, Sueli Gomes R&ecirc;is Gon&ccedil;alves, participou na &uacute;ltima semana (9 a 11\/4), na sede da CAPES, em Bras&iacute;lia, do II Encontro Nacional de Coordenadores do Sistema Universidade Aberta do Brasil. Na ocasi&atilde;o, ela compartilhou a [&hellip;]<\/p>\n","protected":false},"author":8,"featured_media":95515,"comment_status":"closed","ping_status":"closed","sticky":false,"template":"","format":"standard","meta":{"footnotes":""},"categories":[24],"tags":[],"class_list":["post-95510","post","type-post","status-publish","format-standard","has-post-thumbnail","hentry","category-noticias"],"acf":[],"_links":{"self":[{"href":"http:\/\/www.apucarana.pr.gov.br\/site\/wp-json\/wp\/v2\/posts\/95510","targetHints":{"allow":["GET"]}}],"collection":[{"href":"http:\/\/www.apucarana.pr.gov.br\/site\/wp-json\/wp\/v2\/posts"}],"about":[{"href":"http:\/\/www.apucarana.pr.gov.br\/site\/wp-json\/wp\/v2\/types\/post"}],"author":[{"embeddable":true,"href":"http:\/\/www.apucarana.pr.gov.br\/site\/wp-json\/wp\/v2\/users\/8"}],"replies":[{"embeddable":true,"href":"http:\/\/www.apucarana.pr.gov.br\/site\/wp-json\/wp\/v2\/comments?post=95510"}],"version-history":[{"count":2,"href":"http:\/\/www.apucarana.pr.gov.br\/site\/wp-json\/wp\/v2\/posts\/95510\/revisions"}],"predecessor-version":[{"id":95517,"href":"http:\/\/www.apucarana.pr.gov.br\/site\/wp-json\/wp\/v2\/posts\/95510\/revisions\/95517"}],"wp:featuredmedia":[{"embeddable":true,"href":"http:\/\/www.apucarana.pr.gov.br\/site\/wp-json\/wp\/v2\/media\/95515"}],"wp:attachment":[{"href":"http:\/\/www.apucarana.pr.gov.br\/site\/wp-json\/wp\/v2\/media?parent=95510"}],"wp:term":[{"taxonomy":"category","embeddable":true,"href":"http:\/\/www.apucarana.pr.gov.br\/site\/wp-json\/wp\/v2\/categories?post=95510"},{"taxonomy":"post_tag","embeddable":true,"href":"http:\/\/www.apucarana.pr.gov.br\/site\/wp-json\/wp\/v2\/tags?post=95510"}],"curies":[{"name":"wp","href":"https:\/\/api.w.org\/{rel}","templated":true}]}}