{"id":95504,"date":"2024-04-15T11:12:08","date_gmt":"2024-04-15T14:12:08","guid":{"rendered":"http:\/\/www.apucarana.pr.gov.br\/site\/?p=95504"},"modified":"2024-10-08T09:33:15","modified_gmt":"2024-10-08T12:33:15","slug":"apucarana-aplica-2-151-doses-no-dia-d-de-vacinacao-contra-gripe","status":"publish","type":"post","link":"http:\/\/www.apucarana.pr.gov.br\/site\/apucarana-aplica-2-151-doses-no-dia-d-de-vacinacao-contra-gripe\/","title":{"rendered":"Apucarana aplica 2.151 doses no Dia D de Vacina\u00e7\u00e3o Contra Gripe"},"content":{"rendered":"\n\t\t<!-- MasterSlider -->\n\t\t<div id=\"P_MS69f33dd2ca1d5\" class=\"master-slider-parent master-slider-gallery   ms-parent-id-0\" style=\"\" >\n\n\t\t\t\n\t\t\t<!-- MasterSlider Main -->\n\t\t\t<div id=\"MS69f33dd2ca1d5\" class=\"master-slider ms-skin-default\" >\n\t\t\t\t \t\t\t\t \n\t\t\t<div  class=\"ms-slide\" data-delay=\"3\"    >\n\t\t\t\t\t<img decoding=\"async\" src=\"http:\/\/www.apucarana.pr.gov.br\/site\/wp-content\/plugins\/masterslider\/public\/assets\/css\/blank.gif\" alt=\"vacina (6)\" title=\"vacina (6)\" data-src=\"http:\/\/www.apucarana.pr.gov.br\/site\/wp-content\/uploads\/2024\/04\/vacina-6-1024x729.jpg\" \/>\n\t<a href=\"http:\/\/www.apucarana.pr.gov.br\/site\/wp-content\/uploads\/2024\/04\/vacina-6-1024x729.jpg\" target=\"_self\"    >vacina (6)<\/a>\n\n\n\t<img decoding=\"async\" class=\"ms-thumb\" src=\"http:\/\/www.apucarana.pr.gov.br\/site\/wp-content\/uploads\/2024\/04\/vacina-6-1024x729-140x80.jpg\" alt=\"vacina (6)\" \/>\n\t\t\t\t<\/div>\n\t\t\t<div  class=\"ms-slide\" data-delay=\"3\"    >\n\t\t\t\t\t<img decoding=\"async\" src=\"http:\/\/www.apucarana.pr.gov.br\/site\/wp-content\/plugins\/masterslider\/public\/assets\/css\/blank.gif\" alt=\"vacina (27)\" title=\"vacina (27)\" data-src=\"http:\/\/www.apucarana.pr.gov.br\/site\/wp-content\/uploads\/2024\/04\/vacina-27-1024x722.jpg\" \/>\n\t<a href=\"http:\/\/www.apucarana.pr.gov.br\/site\/wp-content\/uploads\/2024\/04\/vacina-27-1024x722.jpg\" target=\"_self\"    >vacina (27)<\/a>\n\n\n\t<img decoding=\"async\" class=\"ms-thumb\" src=\"http:\/\/www.apucarana.pr.gov.br\/site\/wp-content\/uploads\/2024\/04\/vacina-27-1024x722-140x80.jpg\" alt=\"vacina (27)\" \/>\n\t\t\t\t<\/div>\n\n\t\t\t<\/div>\n\t\t\t<!-- END MasterSlider Main -->\n\n\t\t\t \n\t\t<\/div>\n\t\t<!-- END MasterSlider -->\n\n\t\t<script>\n\t\t( window.MSReady = window.MSReady || [] ).push( function( $ ) {\n\n\t\t\t\"use strict\";\n\t\t\tvar masterslider_a1d5 = new MasterSlider();\n\n\t\t\t\/\/ slider controls\n\t\t\tmasterslider_a1d5.control('arrows'     ,{ autohide:true, overVideo:true  });\n\t\t\tmasterslider_a1d5.control('thumblist'  ,{ autohide:false, overVideo:true, dir:'h', speed:17, inset:false, arrows:false, hover:false, customClass:'', align:'bottom',type:'thumbs', margin:2, width:140, height:80, space:2, fillMode:'fill'  });\n\t\t\t\/\/ slider setup\n\t\t\tmasterslider_a1d5.setup(\"MS69f33dd2ca1d5\", {\n\t\t\t\twidth           : 960,\n\t\t\t\theight          : 540,\n\t\t\t\tminHeight       : 0,\n\t\t\t\tspace           : 0,\n\t\t\t\tstart           : 1,\n\t\t\t\tgrabCursor      : true,\n\t\t\t\tswipe           : true,\n\t\t\t\tmouse           : true,\n\t\t\t\tkeyboard        : false,\n\t\t\t\tlayout          : \"fillwidth\",\n\t\t\t\twheel           : false,\n\t\t\t\tautoplay        : true,\n                instantStartLayers:false,\n\t\t\t\tmobileBGVideo:false,\n\t\t\t\tloop            : true,\n\t\t\t\tshuffle         : false,\n\t\t\t\tpreload         : 3,\n\t\t\t\theightLimit     : false,\n\t\t\t\tautoHeight      : false,\n\t\t\t\tsmoothHeight    : true,\n\t\t\t\tendPause        : false,\n\t\t\t\toverPause       : false,\n\t\t\t\tfillMode        : \"fill\",\n\t\t\t\tcenterControls  : true,\n\t\t\t\tstartOnAppear   : false,\n\t\t\t\tlayersMode      : \"center\",\n\t\t\t\tautofillTarget  : \"\",\n\t\t\t\thideLayers      : false,\n\t\t\t\tfullscreenMargin: 0,\n\t\t\t\tspeed           : 17,\n\t\t\t\tdir             : \"h\",\n\t\t\t\tresponsive      : true,\n\t\t\t\ttabletWidth     : 768,\n\t\t\t\ttabletHeight    : null,\n\t\t\t\tphoneWidth      : 480,\n\t\t\t\tphoneHeight    : null,\n\t\t\t\tsizingReference : window,\n\t\t\t\tparallaxMode    : 'swipe',\n\t\t\t\tview            : \"basic\"\n\t\t\t});\n\n\t\t\t\n\t\t\twindow.masterslider_instances = window.masterslider_instances || [];\n\t\t\twindow.masterslider_instances.push( masterslider_a1d5 );\n\t\t});\n\t\t<\/script>\n\n\n<p>Ofertando 25 postos de atendimento, Apucarana aplicou 2.151 vacinas no Dia de D de Vacina\u00e7\u00e3o Contra a Gripe no \u00faltimo s\u00e1bado. Com uma popula\u00e7\u00e3o-alvo de 51.860 pessoas, a cobertura vacinal est\u00e1 em 23,26%, o que corresponde a 10.099 pessoas imunizadas contra a influenza at\u00e9 o momento.<\/p>\n<p>\u201cO balan\u00e7o do Dia D de vacina\u00e7\u00e3o \u00e9 positivo, mas \u00e9 preciso aumentar a cobertura vacinal. As doses continuam \u00e0 disposi\u00e7\u00e3o da popula\u00e7\u00e3o de segunda-feira a sexta-feira, de 8h30 as 16h30 em 25 unidades b\u00e1sicas de sa\u00fade. Garantam essa importante prote\u00e7\u00e3o para evitar que os sintomas gripais se agravem para um quadro grave\u201d, apela o secret\u00e1rio municipal da sa\u00fade, Em\u00eddio Bachiega.<\/p>\n<p>Apenas a unidade de sa\u00fade Bolivar Pav\u00e3o, no Jardim Am\u00e9rica, refer\u00eancia no combate a dengue, n\u00e3o ir\u00e1 ofertar as doses contra a gripe. O secret\u00e1rio Bachiega faz um balan\u00e7o da cobertura vacinal dos principais grupos-alvo da vacina\u00e7\u00e3o (ver quadro completo abaixo). A meta em Apucarana \u00e9 vacinar 23.081 pessoas com mais de 60 anos, mas apenas 6.089 se imunizaram, ou seja, 26,38%.<\/p>\n<p>Entre as crian\u00e7as na faixa et\u00e1ria de 6 meses a 5 anos, a meta \u00e9 8.065 e somente 1.253 foram vacinadas, o que\u00a0 corresponde a 15,50%. Dentro da previs\u00e3o de vacinar 1.139 gestantes na cidade, at\u00e9 agora 205 receberam a dose contra a gripe (16,94%).<\/p>\n<p>A Campanha Nacional de Vacina\u00e7\u00e3o Contra a Gripe come\u00e7ou no dia 25 de mar\u00e7o e segue at\u00e9 31 de maio.<\/p>\n<p><strong>Confira abaixo o quadro completo dos grupos priorit\u00e1rios da Campanha de Vacina\u00e7\u00e3o Contra Gripe:<\/strong><\/p>\n<p><img loading=\"lazy\" decoding=\"async\" class=\"alignnone size-large wp-image-95386\" src=\"http:\/\/www.apucarana.pr.gov.br\/site\/wp-content\/uploads\/2024\/04\/WhatsApp-Image-2024-03-25-at-4.02.42-PM-576x1024.jpeg\" alt=\"\" width=\"576\" height=\"1024\" srcset=\"http:\/\/www.apucarana.pr.gov.br\/site\/wp-content\/uploads\/2024\/04\/WhatsApp-Image-2024-03-25-at-4.02.42-PM-576x1024.jpeg 576w, http:\/\/www.apucarana.pr.gov.br\/site\/wp-content\/uploads\/2024\/04\/WhatsApp-Image-2024-03-25-at-4.02.42-PM-169x300.jpeg 169w, http:\/\/www.apucarana.pr.gov.br\/site\/wp-content\/uploads\/2024\/04\/WhatsApp-Image-2024-03-25-at-4.02.42-PM-768x1365.jpeg 768w, http:\/\/www.apucarana.pr.gov.br\/site\/wp-content\/uploads\/2024\/04\/WhatsApp-Image-2024-03-25-at-4.02.42-PM-864x1536.jpeg 864w, http:\/\/www.apucarana.pr.gov.br\/site\/wp-content\/uploads\/2024\/04\/WhatsApp-Image-2024-03-25-at-4.02.42-PM.jpeg 900w\" sizes=\"auto, (max-width: 576px) 100vw, 576px\" \/><\/p>\n<p><strong>Rela\u00e7\u00e3o das 25 Unidades B\u00e1sicas de Sa\u00fade que est\u00e3o vacinando contra a gripe:<\/strong><\/p>\n<p>UBS MYIOJI KOGURE (JARDIM ACLIMA\u00c7\u00c3O)<br \/>\nUBS \u2013 DR ANTONIO SACHELLI (JARDIM COLONIAL)<br \/>\nUBS EM\u00cdLIA CRETUCHI (PARQUE BELA VISTA)<br \/>\nUBS PADRE DOMINIQUE (CAIXA S\u00c3O PEDRO)<br \/>\nUBS MARIO VERUSSA (DISTRITO DE CORREIA DE FREITAS)<br \/>\nUBS EROS PACHECO (N\u00daCLEO AFONSO CAMARGO)<br \/>\nUBS ELAYNE MAZUR (JARDIM INTERLAGOS)<br \/>\nUBS EUNICE PENHARBEL (RESIDENCIAL SUMATRA)<br \/>\nUBS \u2013 ANA MARIA PEPATO (JARDIM TRABALHISTA)<br \/>\nUBS \u2013 JOAQUIM TRIZOTTI (N\u00daCLEO ADRIANO CORREA)<br \/>\nUBS \u2013 LEOPOLDO HARTWIG JR. (VILA NOVA)<br \/>\nUBS MARIA DO CAF\u00c9 (JARDIM PONTA GROSSA)<br \/>\nUBS MERCEDES SILVA MORENO (VILA REGINA)<br \/>\nUBS ORESTE G. MARQUITO (JARDIM MARISSOL)<br \/>\nUBS OSVALDO DAMIN (JABOTI)<br \/>\nUBS MOACIR S. MASCARO (N\u00daCELO PARIGOT DE SOUZA)<br \/>\nUBS PEDRO BARRETO (DISTRITO VILA REIS)<br \/>\nUBS RODRIGO TRAMONTIN YOSHII (VILA APUCARANINHA)<br \/>\nUBS RAUL CASTILHO (NUCLEO JO\u00c3O PAULO)<br \/>\nUBS ROMEU MILANI (Rua Osvaldo Cruz- Centro)<br \/>\nUBS TAKAITI MIYADI (N\u00daCLEO DOM ROMEU)<br \/>\nUBS VALDECIR DE PAULA (JARDIM DAS FLORES)<br \/>\nUBS WALTER LAZARINI (DISTRITO DE PIRAP\u00d3)<br \/>\nUBS BENEDITO CL\u00c1UDIO \u201cPINGA FOGO\u201d DE OLIVEIRA (RESIDENCIAL SOLO SAGRADO)<br \/>\nUBS JULIA RENCZKOWSKI (N\u00daCLEO HABITACIONAL MARCOS FREIRE)<\/p>\n","protected":false},"excerpt":{"rendered":"<p>Ofertando 25 postos de atendimento, Apucarana aplicou 2.151 vacinas no Dia de D de Vacina&ccedil;&atilde;o Contra a Gripe no &uacute;ltimo s&aacute;bado. Com uma popula&ccedil;&atilde;o-alvo de 51.860 pessoas, a cobertura vacinal est&aacute; em 23,26%, o que corresponde a 10.099 pessoas imunizadas contra a influenza at&eacute; o momento. &ldquo;O balan&ccedil;o do Dia D de vacina&ccedil;&atilde;o &eacute; positivo, [&hellip;]<\/p>\n","protected":false},"author":10,"featured_media":95507,"comment_status":"closed","ping_status":"closed","sticky":false,"template":"","format":"standard","meta":{"footnotes":""},"categories":[24],"tags":[],"class_list":["post-95504","post","type-post","status-publish","format-standard","has-post-thumbnail","hentry","category-noticias"],"acf":[],"_links":{"self":[{"href":"http:\/\/www.apucarana.pr.gov.br\/site\/wp-json\/wp\/v2\/posts\/95504","targetHints":{"allow":["GET"]}}],"collection":[{"href":"http:\/\/www.apucarana.pr.gov.br\/site\/wp-json\/wp\/v2\/posts"}],"about":[{"href":"http:\/\/www.apucarana.pr.gov.br\/site\/wp-json\/wp\/v2\/types\/post"}],"author":[{"embeddable":true,"href":"http:\/\/www.apucarana.pr.gov.br\/site\/wp-json\/wp\/v2\/users\/10"}],"replies":[{"embeddable":true,"href":"http:\/\/www.apucarana.pr.gov.br\/site\/wp-json\/wp\/v2\/comments?post=95504"}],"version-history":[{"count":2,"href":"http:\/\/www.apucarana.pr.gov.br\/site\/wp-json\/wp\/v2\/posts\/95504\/revisions"}],"predecessor-version":[{"id":95537,"href":"http:\/\/www.apucarana.pr.gov.br\/site\/wp-json\/wp\/v2\/posts\/95504\/revisions\/95537"}],"wp:featuredmedia":[{"embeddable":true,"href":"http:\/\/www.apucarana.pr.gov.br\/site\/wp-json\/wp\/v2\/media\/95507"}],"wp:attachment":[{"href":"http:\/\/www.apucarana.pr.gov.br\/site\/wp-json\/wp\/v2\/media?parent=95504"}],"wp:term":[{"taxonomy":"category","embeddable":true,"href":"http:\/\/www.apucarana.pr.gov.br\/site\/wp-json\/wp\/v2\/categories?post=95504"},{"taxonomy":"post_tag","embeddable":true,"href":"http:\/\/www.apucarana.pr.gov.br\/site\/wp-json\/wp\/v2\/tags?post=95504"}],"curies":[{"name":"wp","href":"https:\/\/api.w.org\/{rel}","templated":true}]}}