{"id":9201,"date":"2017-08-28T11:20:28","date_gmt":"2017-08-28T14:20:28","guid":{"rendered":"http:\/\/172.16.0.7\/site-antigo\/?p=9201"},"modified":"2024-10-08T09:14:38","modified_gmt":"2024-10-08T12:14:38","slug":"ciclistas-pedalam-por-estradas-rurais-no-desafio-de-bike","status":"publish","type":"post","link":"http:\/\/www.apucarana.pr.gov.br\/site\/ciclistas-pedalam-por-estradas-rurais-no-desafio-de-bike\/","title":{"rendered":"Ciclistas pedalam por estradas rurais no desafio de bike"},"content":{"rendered":"<p>Cerca de 100 ciclistas participaram, no domingo pela manh\u00e3, \u00a0do 1\u00ba \u00a0Desafio Apucarana Bike Rural promovido pela Secretaria Municipal da Promo\u00e7\u00e3o Art\u00edstica, Cultural e Tur\u00edstica. O grupo percorreu cerca de 20 quil\u00f4metros, passando por diversas estradas rurais e podendo apreciar as belezas naturais ao longo do trajeto.<br \/>\nConforme M\u00e1rio Felipe, coordenador municipal de turismo, o percurso teve in\u00edcio na Rua Denhei Kanashiro, nas proximidades da Apae. \u201cDepois, os participantes seguiram pela mata do Schimidt, Parque da Raposa, Estrada do Xaxim, Estrada Maria Preta e Estrada do Bertasso\u201d, cita.<br \/>\nM\u00e1rio Felipe afirma que o desafio foi, al\u00e9m da pr\u00e1tica esportiva, uma\u00a0 oportunidade de os participantes manterem contato com a natureza, com belezas naturais e de incursionar por meio de lavouras no meio rural. \u201cO evento teve a participa\u00e7\u00e3o de fam\u00edlias inteiras, de ciclistas e esportistas\u201d, pontua, acrescentando que diversas crian\u00e7as participaram mediante autoriza\u00e7\u00e3o dos pais.<br \/>\nAntes do retorno, os participantes fizeram uma parada no s\u00edtio Bertasso, onde foi servido um caf\u00e9 colonial por ades\u00e3o. \u201cFicamos satisfeitos com o resultado deste desafio, numa manh\u00e3 linda de domingo. As pessoas se mobilizaram, levaram amigos e teve a presen\u00e7a de fam\u00edlias inteiras. Foi um desafio do esporte, do congra\u00e7amento e da aventura\u201d, resume M\u00e1rio Felipe.<br \/>\nMario Felipe afirma ainda que o percurso teve o suporte de profissionais e de diversos colaboradores. \u201cQuero agradecer especialmente \u00e0 Autarquia Municipal de Sa\u00fade que disponibilizou uma ambul\u00e2ncia e tamb\u00e9m ao apoio da Guarda Municipal\u201d, completa.<br \/>\n&nbsp;<\/p>\n","protected":false},"excerpt":{"rendered":"<p>Evento teve a participa\u00e7\u00e3o de cerca de 100 pessoas, que percorreram um trajeto de 20 quil\u00f4metros (Fotos: Josias Profeta)<\/p>\n","protected":false},"author":4,"featured_media":9202,"comment_status":"closed","ping_status":"open","sticky":false,"template":"","format":"standard","meta":{"footnotes":""},"categories":[24],"tags":[],"class_list":["post-9201","post","type-post","status-publish","format-standard","has-post-thumbnail","hentry","category-noticias"],"acf":[],"_links":{"self":[{"href":"http:\/\/www.apucarana.pr.gov.br\/site\/wp-json\/wp\/v2\/posts\/9201","targetHints":{"allow":["GET"]}}],"collection":[{"href":"http:\/\/www.apucarana.pr.gov.br\/site\/wp-json\/wp\/v2\/posts"}],"about":[{"href":"http:\/\/www.apucarana.pr.gov.br\/site\/wp-json\/wp\/v2\/types\/post"}],"author":[{"embeddable":true,"href":"http:\/\/www.apucarana.pr.gov.br\/site\/wp-json\/wp\/v2\/users\/4"}],"replies":[{"embeddable":true,"href":"http:\/\/www.apucarana.pr.gov.br\/site\/wp-json\/wp\/v2\/comments?post=9201"}],"version-history":[{"count":1,"href":"http:\/\/www.apucarana.pr.gov.br\/site\/wp-json\/wp\/v2\/posts\/9201\/revisions"}],"predecessor-version":[{"id":102098,"href":"http:\/\/www.apucarana.pr.gov.br\/site\/wp-json\/wp\/v2\/posts\/9201\/revisions\/102098"}],"wp:featuredmedia":[{"embeddable":true,"href":"http:\/\/www.apucarana.pr.gov.br\/site\/wp-json\/"}],"wp:attachment":[{"href":"http:\/\/www.apucarana.pr.gov.br\/site\/wp-json\/wp\/v2\/media?parent=9201"}],"wp:term":[{"taxonomy":"category","embeddable":true,"href":"http:\/\/www.apucarana.pr.gov.br\/site\/wp-json\/wp\/v2\/categories?post=9201"},{"taxonomy":"post_tag","embeddable":true,"href":"http:\/\/www.apucarana.pr.gov.br\/site\/wp-json\/wp\/v2\/tags?post=9201"}],"curies":[{"name":"wp","href":"https:\/\/api.w.org\/{rel}","templated":true}]}}