{"id":87486,"date":"2023-09-22T16:49:47","date_gmt":"2023-09-22T19:49:47","guid":{"rendered":"http:\/\/www.apucarana.pr.gov.br\/site\/?p=87486"},"modified":"2024-10-08T09:31:34","modified_gmt":"2024-10-08T12:31:34","slug":"apucarana-registra-queda-na-mortalidade-infantil","status":"publish","type":"post","link":"http:\/\/www.apucarana.pr.gov.br\/site\/apucarana-registra-queda-na-mortalidade-infantil\/","title":{"rendered":"Apucarana registra queda na mortalidade infantil  \u00a0"},"content":{"rendered":"\n\t\t<!-- MasterSlider -->\n\t\t<div id=\"P_MS69f580a7826ef\" class=\"master-slider-parent master-slider-gallery   ms-parent-id-0\" style=\"\" >\n\n\t\t\t\n\t\t\t<!-- MasterSlider Main -->\n\t\t\t<div id=\"MS69f580a7826ef\" class=\"master-slider ms-skin-default\" >\n\t\t\t\t \t\t\t\t \n\t\t\t<div  class=\"ms-slide\" data-delay=\"3\"    >\n\t\t\t\t\t<img decoding=\"async\" src=\"http:\/\/www.apucarana.pr.gov.br\/site\/wp-content\/plugins\/masterslider\/public\/assets\/css\/blank.gif\" alt=\"Mortalidade infantil 007\" title=\"Mortalidade infantil 007\" data-src=\"http:\/\/www.apucarana.pr.gov.br\/site\/wp-content\/uploads\/2023\/09\/Mortalidade-infantil-007-1024x683.jpg\" \/>\n\t<a href=\"http:\/\/www.apucarana.pr.gov.br\/site\/wp-content\/uploads\/2023\/09\/Mortalidade-infantil-007-1024x683.jpg\" target=\"_self\"    >Mortalidade infantil 007<\/a>\n\n\n\t<img decoding=\"async\" class=\"ms-thumb\" src=\"http:\/\/www.apucarana.pr.gov.br\/site\/wp-content\/uploads\/2023\/09\/Mortalidade-infantil-007-1024x683-140x80.jpg\" alt=\"Mortalidade infantil 007\" \/>\n\t\t\t\t<\/div>\n\t\t\t<div  class=\"ms-slide\" data-delay=\"3\"    >\n\t\t\t\t\t<img decoding=\"async\" src=\"http:\/\/www.apucarana.pr.gov.br\/site\/wp-content\/plugins\/masterslider\/public\/assets\/css\/blank.gif\" alt=\"Mortalidade infantil 005\" title=\"Mortalidade infantil 005\" data-src=\"http:\/\/www.apucarana.pr.gov.br\/site\/wp-content\/uploads\/2023\/09\/Mortalidade-infantil-005-1024x683.jpg\" \/>\n\t<a href=\"http:\/\/www.apucarana.pr.gov.br\/site\/wp-content\/uploads\/2023\/09\/Mortalidade-infantil-005-1024x683.jpg\" target=\"_self\"    >Mortalidade infantil 005<\/a>\n\n\n\t<img decoding=\"async\" class=\"ms-thumb\" src=\"http:\/\/www.apucarana.pr.gov.br\/site\/wp-content\/uploads\/2023\/09\/Mortalidade-infantil-005-1024x683-140x80.jpg\" alt=\"Mortalidade infantil 005\" \/>\n\t\t\t\t<\/div>\n\t\t\t<div  class=\"ms-slide\" data-delay=\"3\"    >\n\t\t\t\t\t<img decoding=\"async\" src=\"http:\/\/www.apucarana.pr.gov.br\/site\/wp-content\/plugins\/masterslider\/public\/assets\/css\/blank.gif\" alt=\"Mortalidade infantil 011\" title=\"Mortalidade infantil 011\" data-src=\"http:\/\/www.apucarana.pr.gov.br\/site\/wp-content\/uploads\/2023\/09\/Mortalidade-infantil-011-1024x683.jpg\" \/>\n\t<a href=\"http:\/\/www.apucarana.pr.gov.br\/site\/wp-content\/uploads\/2023\/09\/Mortalidade-infantil-011-1024x683.jpg\" target=\"_self\"    >Mortalidade infantil 011<\/a>\n\n\n\t<img decoding=\"async\" class=\"ms-thumb\" src=\"http:\/\/www.apucarana.pr.gov.br\/site\/wp-content\/uploads\/2023\/09\/Mortalidade-infantil-011-1024x683-140x80.jpg\" alt=\"Mortalidade infantil 011\" \/>\n\t\t\t\t<\/div>\n\t\t\t<div  class=\"ms-slide\" data-delay=\"3\"    >\n\t\t\t\t\t<img decoding=\"async\" src=\"http:\/\/www.apucarana.pr.gov.br\/site\/wp-content\/plugins\/masterslider\/public\/assets\/css\/blank.gif\" alt=\"Casa da gestante-29\" title=\"Casa da gestante-29\" data-src=\"http:\/\/www.apucarana.pr.gov.br\/site\/wp-content\/uploads\/2023\/09\/Casa-da-gestante-29-1024x683.jpg\" \/>\n\t<a href=\"http:\/\/www.apucarana.pr.gov.br\/site\/wp-content\/uploads\/2023\/09\/Casa-da-gestante-29-1024x683.jpg\" target=\"_self\"    >Casa da gestante-29<\/a>\n\n\n\t<img decoding=\"async\" class=\"ms-thumb\" src=\"http:\/\/www.apucarana.pr.gov.br\/site\/wp-content\/uploads\/2023\/09\/Casa-da-gestante-29-1024x683-140x80.jpg\" alt=\"Casa da gestante-29\" \/>\n\t\t\t\t<\/div>\n\t\t\t<div  class=\"ms-slide\" data-delay=\"3\"    >\n\t\t\t\t\t<img decoding=\"async\" src=\"http:\/\/www.apucarana.pr.gov.br\/site\/wp-content\/plugins\/masterslider\/public\/assets\/css\/blank.gif\" alt=\"Casa da gestante-24\" title=\"Casa da gestante-24\" data-src=\"http:\/\/www.apucarana.pr.gov.br\/site\/wp-content\/uploads\/2023\/09\/Casa-da-gestante-24-1024x683.jpg\" \/>\n\t<a href=\"http:\/\/www.apucarana.pr.gov.br\/site\/wp-content\/uploads\/2023\/09\/Casa-da-gestante-24-1024x683.jpg\" target=\"_self\"    >Casa da gestante-24<\/a>\n\n\n\t<img decoding=\"async\" class=\"ms-thumb\" src=\"http:\/\/www.apucarana.pr.gov.br\/site\/wp-content\/uploads\/2023\/09\/Casa-da-gestante-24-1024x683-140x80.jpg\" alt=\"Casa da gestante-24\" \/>\n\t\t\t\t<\/div>\n\t\t\t<div  class=\"ms-slide\" data-delay=\"3\"    >\n\t\t\t\t\t<img decoding=\"async\" src=\"http:\/\/www.apucarana.pr.gov.br\/site\/wp-content\/plugins\/masterslider\/public\/assets\/css\/blank.gif\" alt=\"Casa da gestante-23\" title=\"Casa da gestante-23\" data-src=\"http:\/\/www.apucarana.pr.gov.br\/site\/wp-content\/uploads\/2023\/09\/Casa-da-gestante-23-1024x683.jpg\" \/>\n\t<a href=\"http:\/\/www.apucarana.pr.gov.br\/site\/wp-content\/uploads\/2023\/09\/Casa-da-gestante-23-1024x683.jpg\" target=\"_self\"    >Casa da gestante-23<\/a>\n\n\n\t<img decoding=\"async\" class=\"ms-thumb\" src=\"http:\/\/www.apucarana.pr.gov.br\/site\/wp-content\/uploads\/2023\/09\/Casa-da-gestante-23-1024x683-140x80.jpg\" alt=\"Casa da gestante-23\" \/>\n\t\t\t\t<\/div>\n\n\t\t\t<\/div>\n\t\t\t<!-- END MasterSlider Main -->\n\n\t\t\t \n\t\t<\/div>\n\t\t<!-- END MasterSlider -->\n\n\t\t<script>\n\t\t( window.MSReady = window.MSReady || [] ).push( function( $ ) {\n\n\t\t\t\"use strict\";\n\t\t\tvar masterslider_26ef = new MasterSlider();\n\n\t\t\t\/\/ slider controls\n\t\t\tmasterslider_26ef.control('arrows'     ,{ autohide:true, overVideo:true  });\n\t\t\tmasterslider_26ef.control('thumblist'  ,{ autohide:false, overVideo:true, dir:'h', speed:17, inset:false, arrows:false, hover:false, customClass:'', align:'bottom',type:'thumbs', margin:2, width:140, height:80, space:2, fillMode:'fill'  });\n\t\t\t\/\/ slider setup\n\t\t\tmasterslider_26ef.setup(\"MS69f580a7826ef\", {\n\t\t\t\twidth           : 960,\n\t\t\t\theight          : 540,\n\t\t\t\tminHeight       : 0,\n\t\t\t\tspace           : 0,\n\t\t\t\tstart           : 1,\n\t\t\t\tgrabCursor      : true,\n\t\t\t\tswipe           : true,\n\t\t\t\tmouse           : true,\n\t\t\t\tkeyboard        : false,\n\t\t\t\tlayout          : \"fillwidth\",\n\t\t\t\twheel           : false,\n\t\t\t\tautoplay        : true,\n                instantStartLayers:false,\n\t\t\t\tmobileBGVideo:false,\n\t\t\t\tloop            : true,\n\t\t\t\tshuffle         : false,\n\t\t\t\tpreload         : 3,\n\t\t\t\theightLimit     : false,\n\t\t\t\tautoHeight      : false,\n\t\t\t\tsmoothHeight    : true,\n\t\t\t\tendPause        : false,\n\t\t\t\toverPause       : false,\n\t\t\t\tfillMode        : \"fill\",\n\t\t\t\tcenterControls  : true,\n\t\t\t\tstartOnAppear   : false,\n\t\t\t\tlayersMode      : \"center\",\n\t\t\t\tautofillTarget  : \"\",\n\t\t\t\thideLayers      : false,\n\t\t\t\tfullscreenMargin: 0,\n\t\t\t\tspeed           : 17,\n\t\t\t\tdir             : \"h\",\n\t\t\t\tresponsive      : true,\n\t\t\t\ttabletWidth     : 768,\n\t\t\t\ttabletHeight    : null,\n\t\t\t\tphoneWidth      : 480,\n\t\t\t\tphoneHeight    : null,\n\t\t\t\tsizingReference : window,\n\t\t\t\tparallaxMode    : 'swipe',\n\t\t\t\tview            : \"basic\"\n\t\t\t});\n\n\t\t\t\n\t\t\twindow.masterslider_instances = window.masterslider_instances || [];\n\t\t\twindow.masterslider_instances.push( masterslider_26ef );\n\t\t});\n\t\t<\/script>\n\n\n<p style=\"font-weight: 400\">A sa\u00fade p\u00fablica de Apucarana comemora uma significativa queda na taxa de mortalidade infantil no munic\u00edpio em 2023, at\u00e9 o m\u00eas de setembro. O n\u00famero de \u00f3bitos de menores de 1 ano de idade para cada de mil nascidos vivos este ano est\u00e1 fixado, no momento, em 7,71. No fechamento de 2022, o coeficiente foi de 13,82%.<\/p>\n<p style=\"font-weight: 400\">\u201cEstamos diante de uma grande conquista na \u00e1rea da sa\u00fade em nossa cidade. E isso est\u00e1 relacionado a muitos fatores, em especial ao trabalho de conscientiza\u00e7\u00e3o do pr\u00e9-natal, aumento da procura do atendimento pelas gestantes, e a implanta\u00e7\u00e3o do programa passe da gestante, que garante transporte gratuito para as apucaranenses terem acesso \u00e0s consultas e os exames durante a gravidez\u201d, avalia o secret\u00e1rio municipal da sa\u00fade, Em\u00eddio Bachiega.<\/p>\n<p style=\"font-weight: 400\">Bachiega destaca que houve um aumento de 32% nas consultas m\u00e9dicas de pr\u00e9-natal em Apucarana. Num comparativo entre o segundo semestre de 2022 e o primeiro semestre deste ano, foram realizadas 1.774 consultas a mais.<\/p>\n<p style=\"font-weight: 400\">O crescimento de atendimento do pr\u00e9-natal, de acordo com o secret\u00e1rio, \u201c\u00e9 resultado da busca ativa realizada pelas nossas equipes de sa\u00fade e ao trabalho de divulga\u00e7\u00e3o dos servi\u00e7os ofertados \u00e0 gestante no munic\u00edpio intensificado pela administra\u00e7\u00e3o municipal.\u201d<\/p>\n<p style=\"font-weight: 400\">A coordenadora da Casa de Gestante, Maria Aparecida das Neves (Cidinha), fala da excel\u00eancia da rede municipal de atendimento \u00e0s gestantes. \u201cTemos uma equipe com quatro m\u00e9dicos &#8211; todos concursados -, e equipamentos de \u00faltima gera\u00e7\u00e3o utilizados na consulta e exames do pr\u00e9-natal. Realizamos o acompanhamento da m\u00e3e de forma integral, ofertando tamb\u00e9m atendimento nas especialidades de psicologia, nutri\u00e7\u00e3o, fisioterapia, odontologia e endocrinologia\u201d, informa Cidinha.<\/p>\n<p style=\"font-weight: 400\">As consultas de pr\u00e9-natal s\u00e3o ofertadas em trinta Unidades B\u00e1sicas de Sa\u00fade e seis Unidades de Apoio, al\u00e9m da Casa da Gestante. Os exames de ultrassom obst\u00e9trico, ultrassom transvaginal, transluc\u00eancia nucal e osso nasal, morfol\u00f3gico de segundo trimestre e Doppler para as futuras mam\u00e3es, independente do local das consultas do pr\u00e9-natal, s\u00e3o realizados na Casa da Gestante.<\/p>\n<p style=\"font-weight: 400\">\u201cA taxa de mortalidade infantil em Apucarana neste ano \u00e9 de 7,71. E a Organiza\u00e7\u00e3o Mundial da Sa\u00fade preconiza como adequado, o m\u00e1ximo de 10 \u00f3bitos de crian\u00e7as menores de 1 ano para cada 1.000 nascidas vivas. Agrade\u00e7o as equipes de sa\u00fade e as m\u00e3es que fazem o pr\u00e9-natal, pelo significativo resultado que est\u00e1 sendo alcan\u00e7ado com nossos programas e todo o esfor\u00e7o de salvar vidas de beb\u00eas e crian\u00e7as. N\u00e3o vamos medir esfor\u00e7os para reduzir ainda mais a taxa de mortalidade infantil em nossa cidade\u201d, afirma Junior da Femac.<\/p>\n<p style=\"font-weight: 400\">De acordo com o pediatra Luiz Carlos Busnardo, que faz parte da equipe m\u00e9dica do Centro Infantil de Apucarana, a queda da taxa da mortalidade infantil vem de encontro \u00e0 melhoria da assist\u00eancia m\u00e9dica materno-infantil em Apucarana.\u00a0 \u201cTemos o pr\u00e9-natal nas UBSs, a Casa da Gestante, o Centro Infantil e o Hospital da Provid\u00eancia Materno Infantil que \u00e9 uma refer\u00eancia. Quando cheguei em Apucarana, em 1985, a mortalidade infantil era de 30 por mil. Hoje gra\u00e7as aos benef\u00edcios que o SUS traz para a sa\u00fade p\u00fablica e gra\u00e7as aos cuidados com sa\u00fade da gestante e do beb\u00ea, em nossa cidade este \u00edndice est\u00e1 em um 1 d\u00edgito\u201d, compara Busnardo.<\/p>\n<p style=\"font-weight: 400\"><strong>PARTOS<\/strong>\u00a0&#8211; Em m\u00e9dia, acontecem entre 120 a 140 partos mensais de gestantes apucaranenses no Hospital da Provid\u00eancia Materno Infantil. \u201cTemos trabalhado incessantemente para oferecer o melhor atendimento para as gestantes, contando com uma equipe altamente qualificada. Em Apucarana a comunica\u00e7\u00e3o integrada entre Unidades B\u00e1sicas de Sa\u00fade, que realizam o primeiro atendimento; com a Casa da Gestante, com o cuidado pr\u00e9-natal de alto risco, avalia\u00e7\u00f5es m\u00e9dicas, exames de ultrassom (que ajudam identificar e prevenir complica\u00e7\u00f5es); e a estrutura do hospital materno-infantil, refer\u00eancia em gesta\u00e7\u00e3o de alto risco, garantimos o melhor suporte para a sa\u00fade das futuras mam\u00e3es e dos beb\u00eas na nossa cidade\u201d, avalia a diretora geral do hospital, irm\u00e3 Geovana Ramos.<\/p>\n","protected":false},"excerpt":{"rendered":"<p>A sa&uacute;de p&uacute;blica de Apucarana comemora uma significativa queda na taxa de mortalidade infantil no munic&iacute;pio em 2023, at&eacute; o m&ecirc;s de setembro. O n&uacute;mero de &oacute;bitos de menores de 1 ano de idade para cada de mil nascidos vivos este ano est&aacute; fixado, no momento, em 7,71. No fechamento de 2022, o coeficiente foi [&hellip;]<\/p>\n","protected":false},"author":10,"featured_media":87479,"comment_status":"closed","ping_status":"closed","sticky":false,"template":"","format":"standard","meta":{"footnotes":""},"categories":[24],"tags":[],"class_list":["post-87486","post","type-post","status-publish","format-standard","has-post-thumbnail","hentry","category-noticias"],"acf":[],"_links":{"self":[{"href":"http:\/\/www.apucarana.pr.gov.br\/site\/wp-json\/wp\/v2\/posts\/87486","targetHints":{"allow":["GET"]}}],"collection":[{"href":"http:\/\/www.apucarana.pr.gov.br\/site\/wp-json\/wp\/v2\/posts"}],"about":[{"href":"http:\/\/www.apucarana.pr.gov.br\/site\/wp-json\/wp\/v2\/types\/post"}],"author":[{"embeddable":true,"href":"http:\/\/www.apucarana.pr.gov.br\/site\/wp-json\/wp\/v2\/users\/10"}],"replies":[{"embeddable":true,"href":"http:\/\/www.apucarana.pr.gov.br\/site\/wp-json\/wp\/v2\/comments?post=87486"}],"version-history":[{"count":1,"href":"http:\/\/www.apucarana.pr.gov.br\/site\/wp-json\/wp\/v2\/posts\/87486\/revisions"}],"predecessor-version":[{"id":87487,"href":"http:\/\/www.apucarana.pr.gov.br\/site\/wp-json\/wp\/v2\/posts\/87486\/revisions\/87487"}],"wp:featuredmedia":[{"embeddable":true,"href":"http:\/\/www.apucarana.pr.gov.br\/site\/wp-json\/wp\/v2\/media\/87479"}],"wp:attachment":[{"href":"http:\/\/www.apucarana.pr.gov.br\/site\/wp-json\/wp\/v2\/media?parent=87486"}],"wp:term":[{"taxonomy":"category","embeddable":true,"href":"http:\/\/www.apucarana.pr.gov.br\/site\/wp-json\/wp\/v2\/categories?post=87486"},{"taxonomy":"post_tag","embeddable":true,"href":"http:\/\/www.apucarana.pr.gov.br\/site\/wp-json\/wp\/v2\/tags?post=87486"}],"curies":[{"name":"wp","href":"https:\/\/api.w.org\/{rel}","templated":true}]}}