{"id":87175,"date":"2023-09-18T15:47:43","date_gmt":"2023-09-18T18:47:43","guid":{"rendered":"http:\/\/www.apucarana.pr.gov.br\/site\/?p=87175"},"modified":"2024-10-08T09:31:36","modified_gmt":"2024-10-08T12:31:36","slug":"apucarana-recupera-pontes-na-divisa-com-california","status":"publish","type":"post","link":"http:\/\/www.apucarana.pr.gov.br\/site\/apucarana-recupera-pontes-na-divisa-com-california\/","title":{"rendered":"Apucarana recupera pontes na divisa com Calif\u00f3rnia"},"content":{"rendered":"\n\t\t<!-- MasterSlider -->\n\t\t<div id=\"P_MS69f2286a2fa5b\" class=\"master-slider-parent master-slider-gallery   ms-parent-id-0\" style=\"\" >\n\n\t\t\t\n\t\t\t<!-- MasterSlider Main -->\n\t\t\t<div id=\"MS69f2286a2fa5b\" class=\"master-slider ms-skin-default\" >\n\t\t\t\t \t\t\t\t \n\t\t\t<div  class=\"ms-slide\" data-delay=\"3\"    >\n\t\t\t\t\t<img decoding=\"async\" src=\"http:\/\/www.apucarana.pr.gov.br\/site\/wp-content\/plugins\/masterslider\/public\/assets\/css\/blank.gif\" alt=\"Ponte Figueirinha\" title=\"Ponte Figueirinha\" data-src=\"http:\/\/www.apucarana.pr.gov.br\/site\/wp-content\/uploads\/2023\/09\/Ponte-Figueirinha-1024x746.jpeg\" \/>\n\t<a href=\"http:\/\/www.apucarana.pr.gov.br\/site\/wp-content\/uploads\/2023\/09\/Ponte-Figueirinha-1024x746.jpeg\" target=\"_self\"    >Ponte Figueirinha<\/a>\n\n\n\t<img decoding=\"async\" class=\"ms-thumb\" src=\"http:\/\/www.apucarana.pr.gov.br\/site\/wp-content\/uploads\/2023\/09\/Ponte-Figueirinha-1024x746-140x80.jpeg\" alt=\"Ponte Figueirinha\" \/>\n\t\t\t\t<\/div>\n\t\t\t<div  class=\"ms-slide\" data-delay=\"3\"    >\n\t\t\t\t\t<img decoding=\"async\" src=\"http:\/\/www.apucarana.pr.gov.br\/site\/wp-content\/plugins\/masterslider\/public\/assets\/css\/blank.gif\" alt=\"Ponte Jacucaca\" title=\"Ponte Jacucaca\" data-src=\"http:\/\/www.apucarana.pr.gov.br\/site\/wp-content\/uploads\/2023\/09\/Ponte-Jacucaca-1024x697.jpeg\" \/>\n\t<a href=\"http:\/\/www.apucarana.pr.gov.br\/site\/wp-content\/uploads\/2023\/09\/Ponte-Jacucaca-1024x697.jpeg\" target=\"_self\"    >Ponte Jacucaca<\/a>\n\n\n\t<img decoding=\"async\" class=\"ms-thumb\" src=\"http:\/\/www.apucarana.pr.gov.br\/site\/wp-content\/uploads\/2023\/09\/Ponte-Jacucaca-1024x697-140x80.jpeg\" alt=\"Ponte Jacucaca\" \/>\n\t\t\t\t<\/div>\n\t\t\t<div  class=\"ms-slide\" data-delay=\"3\"    >\n\t\t\t\t\t<img decoding=\"async\" src=\"http:\/\/www.apucarana.pr.gov.br\/site\/wp-content\/plugins\/masterslider\/public\/assets\/css\/blank.gif\" alt=\"Ponte Figueirinha2\" title=\"Ponte Figueirinha2\" data-src=\"http:\/\/www.apucarana.pr.gov.br\/site\/wp-content\/uploads\/2023\/09\/Ponte-Figueirinha2-989x1024.jpeg\" \/>\n\t<a href=\"http:\/\/www.apucarana.pr.gov.br\/site\/wp-content\/uploads\/2023\/09\/Ponte-Figueirinha2-989x1024.jpeg\" target=\"_self\"    >Ponte Figueirinha2<\/a>\n\n\n\t<img decoding=\"async\" class=\"ms-thumb\" src=\"http:\/\/www.apucarana.pr.gov.br\/site\/wp-content\/uploads\/2023\/09\/Ponte-Figueirinha2-989x1024-140x80.jpeg\" alt=\"Ponte Figueirinha2\" \/>\n\t\t\t\t<\/div>\n\n\t\t\t<\/div>\n\t\t\t<!-- END MasterSlider Main -->\n\n\t\t\t \n\t\t<\/div>\n\t\t<!-- END MasterSlider -->\n\n\t\t<script>\n\t\t( window.MSReady = window.MSReady || [] ).push( function( $ ) {\n\n\t\t\t\"use strict\";\n\t\t\tvar masterslider_fa5b = new MasterSlider();\n\n\t\t\t\/\/ slider controls\n\t\t\tmasterslider_fa5b.control('arrows'     ,{ autohide:true, overVideo:true  });\n\t\t\tmasterslider_fa5b.control('thumblist'  ,{ autohide:false, overVideo:true, dir:'h', speed:17, inset:false, arrows:false, hover:false, customClass:'', align:'bottom',type:'thumbs', margin:2, width:140, height:80, space:2, fillMode:'fill'  });\n\t\t\t\/\/ slider setup\n\t\t\tmasterslider_fa5b.setup(\"MS69f2286a2fa5b\", {\n\t\t\t\twidth           : 960,\n\t\t\t\theight          : 540,\n\t\t\t\tminHeight       : 0,\n\t\t\t\tspace           : 0,\n\t\t\t\tstart           : 1,\n\t\t\t\tgrabCursor      : true,\n\t\t\t\tswipe           : true,\n\t\t\t\tmouse           : true,\n\t\t\t\tkeyboard        : false,\n\t\t\t\tlayout          : \"fillwidth\",\n\t\t\t\twheel           : false,\n\t\t\t\tautoplay        : true,\n                instantStartLayers:false,\n\t\t\t\tmobileBGVideo:false,\n\t\t\t\tloop            : true,\n\t\t\t\tshuffle         : false,\n\t\t\t\tpreload         : 3,\n\t\t\t\theightLimit     : false,\n\t\t\t\tautoHeight      : false,\n\t\t\t\tsmoothHeight    : true,\n\t\t\t\tendPause        : false,\n\t\t\t\toverPause       : false,\n\t\t\t\tfillMode        : \"fill\",\n\t\t\t\tcenterControls  : true,\n\t\t\t\tstartOnAppear   : false,\n\t\t\t\tlayersMode      : \"center\",\n\t\t\t\tautofillTarget  : \"\",\n\t\t\t\thideLayers      : false,\n\t\t\t\tfullscreenMargin: 0,\n\t\t\t\tspeed           : 17,\n\t\t\t\tdir             : \"h\",\n\t\t\t\tresponsive      : true,\n\t\t\t\ttabletWidth     : 768,\n\t\t\t\ttabletHeight    : null,\n\t\t\t\tphoneWidth      : 480,\n\t\t\t\tphoneHeight    : null,\n\t\t\t\tsizingReference : window,\n\t\t\t\tparallaxMode    : 'swipe',\n\t\t\t\tview            : \"basic\"\n\t\t\t});\n\n\t\t\t\n\t\t\twindow.masterslider_instances = window.masterslider_instances || [];\n\t\t\twindow.masterslider_instances.push( masterslider_fa5b );\n\t\t});\n\t\t<\/script>\n\n\n<p>A Secretaria de Servi\u00e7os P\u00fablicos da Prefeitura de Apucarana concluiu na \u00faltima semana a reforma de duas passagens sobre rios. As pontes, localizadas nas estradas rurais Figueirinha e Jacucaca, na regi\u00e3o do Distrito de S\u00e3o Pedro Taquara, atendem ainda a produtores rurais do munic\u00edpio de Calif\u00f3rnia.<\/p>\n<p>Segundo explica o prefeito J\u00fanior da Femac, a melhoria foi executada totalmente por Apucarana. \u201cAl\u00e9m de estradas em condi\u00e7\u00f5es de trafegabilidade, o homem do campo necessita de pontes seguras. Desde 2019, dezenas de passagens sobre rios e c\u00f3rregos foram revitalizadas e agora, na \u00faltima semana, nossas equipes executaram melhorias na Figueirinha e na Jacucaca, beneficiando o escoamento da safra de trigo\u201d, comenta o prefeito.<\/p>\n<p>De acordo com o superintendente da Secretaria de Servi\u00e7os P\u00fablicos, Mauro Toshio Kitano, a maior ponte recuperada foi a da Estrada Figueirinha, com 13 metros de comprimento. J\u00e1 a da Jacucaca, tem 7 metros. \u201cAl\u00e9m da produ\u00e7\u00e3o agr\u00edcola, s\u00e3o pontes que recebem diariamente o tr\u00e1fego de linhas do transporte escolar\u201d, acentua Toshio.<\/p>\n","protected":false},"excerpt":{"rendered":"<p>A Secretaria de Servi&ccedil;os P&uacute;blicos da Prefeitura de Apucarana concluiu na &uacute;ltima semana a reforma de duas passagens sobre rios. As pontes, localizadas nas estradas rurais Figueirinha e Jacucaca, na regi&atilde;o do Distrito de S&atilde;o Pedro Taquara, atendem ainda a produtores rurais do munic&iacute;pio de Calif&oacute;rnia. Segundo explica o prefeito J&uacute;nior da Femac, a melhoria [&hellip;]<\/p>\n","protected":false},"author":7,"featured_media":87178,"comment_status":"closed","ping_status":"closed","sticky":false,"template":"","format":"standard","meta":{"footnotes":""},"categories":[24],"tags":[],"class_list":["post-87175","post","type-post","status-publish","format-standard","has-post-thumbnail","hentry","category-noticias"],"acf":[],"_links":{"self":[{"href":"http:\/\/www.apucarana.pr.gov.br\/site\/wp-json\/wp\/v2\/posts\/87175","targetHints":{"allow":["GET"]}}],"collection":[{"href":"http:\/\/www.apucarana.pr.gov.br\/site\/wp-json\/wp\/v2\/posts"}],"about":[{"href":"http:\/\/www.apucarana.pr.gov.br\/site\/wp-json\/wp\/v2\/types\/post"}],"author":[{"embeddable":true,"href":"http:\/\/www.apucarana.pr.gov.br\/site\/wp-json\/wp\/v2\/users\/7"}],"replies":[{"embeddable":true,"href":"http:\/\/www.apucarana.pr.gov.br\/site\/wp-json\/wp\/v2\/comments?post=87175"}],"version-history":[{"count":1,"href":"http:\/\/www.apucarana.pr.gov.br\/site\/wp-json\/wp\/v2\/posts\/87175\/revisions"}],"predecessor-version":[{"id":87179,"href":"http:\/\/www.apucarana.pr.gov.br\/site\/wp-json\/wp\/v2\/posts\/87175\/revisions\/87179"}],"wp:featuredmedia":[{"embeddable":true,"href":"http:\/\/www.apucarana.pr.gov.br\/site\/wp-json\/wp\/v2\/media\/87178"}],"wp:attachment":[{"href":"http:\/\/www.apucarana.pr.gov.br\/site\/wp-json\/wp\/v2\/media?parent=87175"}],"wp:term":[{"taxonomy":"category","embeddable":true,"href":"http:\/\/www.apucarana.pr.gov.br\/site\/wp-json\/wp\/v2\/categories?post=87175"},{"taxonomy":"post_tag","embeddable":true,"href":"http:\/\/www.apucarana.pr.gov.br\/site\/wp-json\/wp\/v2\/tags?post=87175"}],"curies":[{"name":"wp","href":"https:\/\/api.w.org\/{rel}","templated":true}]}}