{"id":87122,"date":"2023-09-17T10:12:41","date_gmt":"2023-09-17T13:12:41","guid":{"rendered":"http:\/\/www.apucarana.pr.gov.br\/site\/?p=87122"},"modified":"2024-10-08T09:31:37","modified_gmt":"2024-10-08T12:31:37","slug":"junior-da-femac-manifesta-pesar-pela-morte-da-empresaria-maria-isabel-lopes","status":"publish","type":"post","link":"http:\/\/www.apucarana.pr.gov.br\/site\/junior-da-femac-manifesta-pesar-pela-morte-da-empresaria-maria-isabel-lopes\/","title":{"rendered":"Junior da Femac manifesta pesar pela morte da empres\u00e1ria Maria Isabel Lopes"},"content":{"rendered":"\n\t\t<!-- MasterSlider -->\n\t\t<div id=\"P_MS69f2289094259\" class=\"master-slider-parent master-slider-gallery   ms-parent-id-0\" style=\"\" >\n\n\t\t\t\n\t\t\t<!-- MasterSlider Main -->\n\t\t\t<div id=\"MS69f2289094259\" class=\"master-slider ms-skin-default\" >\n\t\t\t\t \t\t\t\t \n\t\t\t<div  class=\"ms-slide\" data-delay=\"3\"    >\n\t\t\t\t\t<img decoding=\"async\" src=\"http:\/\/www.apucarana.pr.gov.br\/site\/wp-content\/plugins\/masterslider\/public\/assets\/css\/blank.gif\" alt=\"MARIA ISABEL LOPES (1)\" title=\"MARIA ISABEL LOPES (1)\" data-src=\"http:\/\/www.apucarana.pr.gov.br\/site\/wp-content\/uploads\/2023\/09\/MARIA-ISABEL-LOPES-1.jpg\" \/>\n\t<a href=\"http:\/\/www.apucarana.pr.gov.br\/site\/wp-content\/uploads\/2023\/09\/MARIA-ISABEL-LOPES-1.jpg\" target=\"_self\"    >MARIA ISABEL LOPES (1)<\/a>\n\n\n\t<img decoding=\"async\" class=\"ms-thumb\" src=\"http:\/\/www.apucarana.pr.gov.br\/site\/wp-content\/uploads\/2023\/09\/MARIA-ISABEL-LOPES-1-140x80.jpg\" alt=\"MARIA ISABEL LOPES (1)\" \/>\n\t\t\t\t<\/div>\n\n\t\t\t<\/div>\n\t\t\t<!-- END MasterSlider Main -->\n\n\t\t\t \n\t\t<\/div>\n\t\t<!-- END MasterSlider -->\n\n\t\t<script>\n\t\t( window.MSReady = window.MSReady || [] ).push( function( $ ) {\n\n\t\t\t\"use strict\";\n\t\t\tvar masterslider_4259 = new MasterSlider();\n\n\t\t\t\/\/ slider controls\n\t\t\tmasterslider_4259.control('arrows'     ,{ autohide:true, overVideo:true  });\n\t\t\tmasterslider_4259.control('thumblist'  ,{ autohide:false, overVideo:true, dir:'h', speed:17, inset:false, arrows:false, hover:false, customClass:'', align:'bottom',type:'thumbs', margin:2, width:140, height:80, space:2, fillMode:'fill'  });\n\t\t\t\/\/ slider setup\n\t\t\tmasterslider_4259.setup(\"MS69f2289094259\", {\n\t\t\t\twidth           : 960,\n\t\t\t\theight          : 540,\n\t\t\t\tminHeight       : 0,\n\t\t\t\tspace           : 0,\n\t\t\t\tstart           : 1,\n\t\t\t\tgrabCursor      : true,\n\t\t\t\tswipe           : true,\n\t\t\t\tmouse           : true,\n\t\t\t\tkeyboard        : false,\n\t\t\t\tlayout          : \"fillwidth\",\n\t\t\t\twheel           : false,\n\t\t\t\tautoplay        : true,\n                instantStartLayers:false,\n\t\t\t\tmobileBGVideo:false,\n\t\t\t\tloop            : true,\n\t\t\t\tshuffle         : false,\n\t\t\t\tpreload         : 3,\n\t\t\t\theightLimit     : false,\n\t\t\t\tautoHeight      : false,\n\t\t\t\tsmoothHeight    : true,\n\t\t\t\tendPause        : false,\n\t\t\t\toverPause       : false,\n\t\t\t\tfillMode        : \"fill\",\n\t\t\t\tcenterControls  : true,\n\t\t\t\tstartOnAppear   : false,\n\t\t\t\tlayersMode      : \"center\",\n\t\t\t\tautofillTarget  : \"\",\n\t\t\t\thideLayers      : false,\n\t\t\t\tfullscreenMargin: 0,\n\t\t\t\tspeed           : 17,\n\t\t\t\tdir             : \"h\",\n\t\t\t\tresponsive      : true,\n\t\t\t\ttabletWidth     : 768,\n\t\t\t\ttabletHeight    : null,\n\t\t\t\tphoneWidth      : 480,\n\t\t\t\tphoneHeight    : null,\n\t\t\t\tsizingReference : window,\n\t\t\t\tparallaxMode    : 'swipe',\n\t\t\t\tview            : \"basic\"\n\t\t\t});\n\n\t\t\t\n\t\t\twindow.masterslider_instances = window.masterslider_instances || [];\n\t\t\twindow.masterslider_instances.push( masterslider_4259 );\n\t\t});\n\t\t<\/script>\n\n\n<p style=\"font-weight: 400;\">O prefeito Junior da Femac emitiu nota de pesar neste domingo, pelo falecimento da empres\u00e1ria e ex-presidente da Associa\u00e7\u00e3o Comercial, Industrial e de Servi\u00e7os de Apucarana (ACIA), Maria Isabel Lopes, aos 77 anos. Segundo relato de familiares, ela sofreu um infarto fulminante na madrugada deste domingo e faleceu na sua pr\u00f3pria resid\u00eancia.<\/p>\n<p style=\"font-weight: 400;\">Empres\u00e1ria da ind\u00fastria de confec\u00e7\u00f5es, Maria Isabel foi pioneira no setor do bon\u00e9. Ela presidiu a Acia entre 2005 e 2009 e tamb\u00e9m foi diretora do Sindicato do Vestu\u00e1rio de Apucarana e Vale do Iva\u00ed (SIVALE). Ela deixa o esposo Ricardo Prado e quatro filhos: Alexandre, J\u00fanior, Beatriz e Lilian, al\u00e9m de netos.<\/p>\n<p style=\"font-weight: 400;\">\u201cEm nome dos apucaranenses manifestamos nossas condol\u00eancias, pela perda da valorosa empres\u00e1ria do nosso p\u00f3lo de vestu\u00e1rio, Maria Isabel Lopes. Ela exerceu papel relevante como pioneira no segmento de confec\u00e7\u00f5es, conquistando respeito e lideran\u00e7a em Apucarana\u201d, comentou Junior da Femac.<\/p>\n<p style=\"font-weight: 400;\">O prefeito tamb\u00e9m ressaltou o protagonismo de Maria Isabel Lopes na implanta\u00e7\u00e3o do Centro Moda, que foi a etapa precursora na conquista do Campus Apucarana da Universidade Tecnol\u00f3gica Federal do Paran\u00e1, a UTFPR. \u201cA empres\u00e1ria Maria Isabel Lopes fez hist\u00f3ria em Apucarana e seu nome sempre ser\u00e1 refer\u00eancia no empreendedorismo apucaranense\u201d, assinalou Junior da Femac, reiterando suas condol\u00eancias aos familiares e amigos de Maria Isabel Lopes.<\/p>\n<p style=\"font-weight: 400;\">O corpo da empres\u00e1ria ser\u00e1 velado na Capela Mortu\u00e1ria Central, a partir das 12 horas, e o sepultamento est\u00e1 previsto para \u00e0s 17 horas, no Cemit\u00e9rio da Saudade.<\/p>\n<p style=\"font-weight: 400;\">\n","protected":false},"excerpt":{"rendered":"<p>O prefeito Junior da Femac emitiu nota de pesar neste domingo, pelo falecimento da empres&aacute;ria e ex-presidente da Associa&ccedil;&atilde;o Comercial, Industrial e de Servi&ccedil;os de Apucarana (ACIA), Maria Isabel Lopes, aos 77 anos. Segundo relato de familiares, ela sofreu um infarto fulminante na madrugada deste domingo e faleceu na sua pr&oacute;pria resid&ecirc;ncia. Empres&aacute;ria da ind&uacute;stria [&hellip;]<\/p>\n","protected":false},"author":10,"featured_media":87123,"comment_status":"closed","ping_status":"closed","sticky":false,"template":"","format":"standard","meta":{"footnotes":""},"categories":[24],"tags":[],"class_list":["post-87122","post","type-post","status-publish","format-standard","has-post-thumbnail","hentry","category-noticias"],"acf":[],"_links":{"self":[{"href":"http:\/\/www.apucarana.pr.gov.br\/site\/wp-json\/wp\/v2\/posts\/87122","targetHints":{"allow":["GET"]}}],"collection":[{"href":"http:\/\/www.apucarana.pr.gov.br\/site\/wp-json\/wp\/v2\/posts"}],"about":[{"href":"http:\/\/www.apucarana.pr.gov.br\/site\/wp-json\/wp\/v2\/types\/post"}],"author":[{"embeddable":true,"href":"http:\/\/www.apucarana.pr.gov.br\/site\/wp-json\/wp\/v2\/users\/10"}],"replies":[{"embeddable":true,"href":"http:\/\/www.apucarana.pr.gov.br\/site\/wp-json\/wp\/v2\/comments?post=87122"}],"version-history":[{"count":2,"href":"http:\/\/www.apucarana.pr.gov.br\/site\/wp-json\/wp\/v2\/posts\/87122\/revisions"}],"predecessor-version":[{"id":87655,"href":"http:\/\/www.apucarana.pr.gov.br\/site\/wp-json\/wp\/v2\/posts\/87122\/revisions\/87655"}],"wp:featuredmedia":[{"embeddable":true,"href":"http:\/\/www.apucarana.pr.gov.br\/site\/wp-json\/wp\/v2\/media\/87123"}],"wp:attachment":[{"href":"http:\/\/www.apucarana.pr.gov.br\/site\/wp-json\/wp\/v2\/media?parent=87122"}],"wp:term":[{"taxonomy":"category","embeddable":true,"href":"http:\/\/www.apucarana.pr.gov.br\/site\/wp-json\/wp\/v2\/categories?post=87122"},{"taxonomy":"post_tag","embeddable":true,"href":"http:\/\/www.apucarana.pr.gov.br\/site\/wp-json\/wp\/v2\/tags?post=87122"}],"curies":[{"name":"wp","href":"https:\/\/api.w.org\/{rel}","templated":true}]}}