{"id":87098,"date":"2023-09-15T19:56:46","date_gmt":"2023-09-15T22:56:46","guid":{"rendered":"http:\/\/www.apucarana.pr.gov.br\/site\/?p=87098"},"modified":"2024-10-08T09:31:37","modified_gmt":"2024-10-08T12:31:37","slug":"amuvi-mobiliza-prefeitos-parareverter-queda-de-arrecadacao","status":"publish","type":"post","link":"http:\/\/www.apucarana.pr.gov.br\/site\/amuvi-mobiliza-prefeitos-parareverter-queda-de-arrecadacao\/","title":{"rendered":"Amuvi mobiliza prefeitos para reverter queda de arrecada\u00e7\u00e3o"},"content":{"rendered":"\n\t\t<!-- MasterSlider -->\n\t\t<div id=\"P_MS69ef85c8a596b\" class=\"master-slider-parent master-slider-gallery   ms-parent-id-0\" style=\"\" >\n\n\t\t\t\n\t\t\t<!-- MasterSlider Main -->\n\t\t\t<div id=\"MS69ef85c8a596b\" class=\"master-slider ms-skin-default\" >\n\t\t\t\t \t\t\t\t \n\t\t\t<div  class=\"ms-slide\" data-delay=\"3\"    >\n\t\t\t\t\t<img decoding=\"async\" src=\"http:\/\/www.apucarana.pr.gov.br\/site\/wp-content\/plugins\/masterslider\/public\/assets\/css\/blank.gif\" alt=\"AMUVI CEREJEIRAS 10\" title=\"AMUVI CEREJEIRAS 10\" data-src=\"http:\/\/www.apucarana.pr.gov.br\/site\/wp-content\/uploads\/2023\/09\/AMUVI-CEREJEIRAS-10-768x1024.jpg\" \/>\n\t<a href=\"http:\/\/www.apucarana.pr.gov.br\/site\/wp-content\/uploads\/2023\/09\/AMUVI-CEREJEIRAS-10-768x1024.jpg\" target=\"_self\"    >AMUVI CEREJEIRAS 10<\/a>\n\n\n\t<img decoding=\"async\" class=\"ms-thumb\" src=\"http:\/\/www.apucarana.pr.gov.br\/site\/wp-content\/uploads\/2023\/09\/AMUVI-CEREJEIRAS-10-768x1024-140x80.jpg\" alt=\"AMUVI CEREJEIRAS 10\" \/>\n\t\t\t\t<\/div>\n\t\t\t<div  class=\"ms-slide\" data-delay=\"3\"    >\n\t\t\t\t\t<img decoding=\"async\" src=\"http:\/\/www.apucarana.pr.gov.br\/site\/wp-content\/plugins\/masterslider\/public\/assets\/css\/blank.gif\" alt=\"AMUVI CEREJEIRAS 20 (1)\" title=\"AMUVI CEREJEIRAS 20 (1)\" data-src=\"http:\/\/www.apucarana.pr.gov.br\/site\/wp-content\/uploads\/2023\/09\/AMUVI-CEREJEIRAS-20-1-1024x768.jpg\" \/>\n\t<a href=\"http:\/\/www.apucarana.pr.gov.br\/site\/wp-content\/uploads\/2023\/09\/AMUVI-CEREJEIRAS-20-1-1024x768.jpg\" target=\"_self\"    >AMUVI CEREJEIRAS 20 (1)<\/a>\n\n\n\t<img decoding=\"async\" class=\"ms-thumb\" src=\"http:\/\/www.apucarana.pr.gov.br\/site\/wp-content\/uploads\/2023\/09\/AMUVI-CEREJEIRAS-20-1-1024x768-140x80.jpg\" alt=\"AMUVI CEREJEIRAS 20 (1)\" \/>\n\t\t\t\t<\/div>\n\t\t\t<div  class=\"ms-slide\" data-delay=\"3\"    >\n\t\t\t\t\t<img decoding=\"async\" src=\"http:\/\/www.apucarana.pr.gov.br\/site\/wp-content\/plugins\/masterslider\/public\/assets\/css\/blank.gif\" alt=\"AMUVI CEREJEIRAS 30\" title=\"AMUVI CEREJEIRAS 30\" data-src=\"http:\/\/www.apucarana.pr.gov.br\/site\/wp-content\/uploads\/2023\/09\/AMUVI-CEREJEIRAS-30-1024x768.jpg\" \/>\n\t<a href=\"http:\/\/www.apucarana.pr.gov.br\/site\/wp-content\/uploads\/2023\/09\/AMUVI-CEREJEIRAS-30-1024x768.jpg\" target=\"_self\"    >AMUVI CEREJEIRAS 30<\/a>\n\n\n\t<img decoding=\"async\" class=\"ms-thumb\" src=\"http:\/\/www.apucarana.pr.gov.br\/site\/wp-content\/uploads\/2023\/09\/AMUVI-CEREJEIRAS-30-1024x768-140x80.jpg\" alt=\"AMUVI CEREJEIRAS 30\" \/>\n\t\t\t\t<\/div>\n\n\t\t\t<\/div>\n\t\t\t<!-- END MasterSlider Main -->\n\n\t\t\t \n\t\t<\/div>\n\t\t<!-- END MasterSlider -->\n\n\t\t<script>\n\t\t( window.MSReady = window.MSReady || [] ).push( function( $ ) {\n\n\t\t\t\"use strict\";\n\t\t\tvar masterslider_596b = new MasterSlider();\n\n\t\t\t\/\/ slider controls\n\t\t\tmasterslider_596b.control('arrows'     ,{ autohide:true, overVideo:true  });\n\t\t\tmasterslider_596b.control('thumblist'  ,{ autohide:false, overVideo:true, dir:'h', speed:17, inset:false, arrows:false, hover:false, customClass:'', align:'bottom',type:'thumbs', margin:2, width:140, height:80, space:2, fillMode:'fill'  });\n\t\t\t\/\/ slider setup\n\t\t\tmasterslider_596b.setup(\"MS69ef85c8a596b\", {\n\t\t\t\twidth           : 960,\n\t\t\t\theight          : 540,\n\t\t\t\tminHeight       : 0,\n\t\t\t\tspace           : 0,\n\t\t\t\tstart           : 1,\n\t\t\t\tgrabCursor      : true,\n\t\t\t\tswipe           : true,\n\t\t\t\tmouse           : true,\n\t\t\t\tkeyboard        : false,\n\t\t\t\tlayout          : \"fillwidth\",\n\t\t\t\twheel           : false,\n\t\t\t\tautoplay        : true,\n                instantStartLayers:false,\n\t\t\t\tmobileBGVideo:false,\n\t\t\t\tloop            : true,\n\t\t\t\tshuffle         : false,\n\t\t\t\tpreload         : 3,\n\t\t\t\theightLimit     : false,\n\t\t\t\tautoHeight      : false,\n\t\t\t\tsmoothHeight    : true,\n\t\t\t\tendPause        : false,\n\t\t\t\toverPause       : false,\n\t\t\t\tfillMode        : \"fill\",\n\t\t\t\tcenterControls  : true,\n\t\t\t\tstartOnAppear   : false,\n\t\t\t\tlayersMode      : \"center\",\n\t\t\t\tautofillTarget  : \"\",\n\t\t\t\thideLayers      : false,\n\t\t\t\tfullscreenMargin: 0,\n\t\t\t\tspeed           : 17,\n\t\t\t\tdir             : \"h\",\n\t\t\t\tresponsive      : true,\n\t\t\t\ttabletWidth     : 768,\n\t\t\t\ttabletHeight    : null,\n\t\t\t\tphoneWidth      : 480,\n\t\t\t\tphoneHeight    : null,\n\t\t\t\tsizingReference : window,\n\t\t\t\tparallaxMode    : 'swipe',\n\t\t\t\tview            : \"basic\"\n\t\t\t});\n\n\t\t\t\n\t\t\twindow.masterslider_instances = window.masterslider_instances || [];\n\t\t\twindow.masterslider_instances.push( masterslider_596b );\n\t\t});\n\t\t<\/script>\n\n\n<p style=\"font-weight: 400\">A Associa\u00e7\u00e3o dos Munic\u00edpios do Vale do Iva\u00ed (Amuvi) realizou hoje (15) uma importante reuni\u00e3o, na Sala Cerejeiras, no pavimento superior do Cine Teatro F\u00eanix, em Apucarana. \u201cTivemos a presen\u00e7a de 20 dos 26 prefeitos dos munic\u00edpios que comp\u00f5em a entidade, e o tema central das discuss\u00f5es foi a preocupante queda de arrecada\u00e7\u00e3o do Fundo de Participa\u00e7\u00e3o dos Munic\u00edpios, o FPM, que \u00e9 uma das principais receitas das prefeituras, repassada pelo Governo Federal\u201d, informa o prefeito de Apucarana Junior da Femac.<\/p>\n<p style=\"font-weight: 400\">O encontro foi conduzido pelo presidente da Amuvi, Lauro Junior, prefeito de Jandaia do Sul. \u201cV\u00e1rias a\u00e7\u00f5es foram definidas pelos gestores p\u00fablicos, no sentido de buscar compensa\u00e7\u00f5es em rela\u00e7\u00e3o \u00e0 queda da arrecada\u00e7\u00e3o\u201d, revela o prefeito de Apucarana.<\/p>\n<p style=\"font-weight: 400\">Na mobiliza\u00e7\u00e3o dos prefeitos est\u00e3o programadas diversas a\u00e7\u00f5es, incluindo esclarecimentos \u00e0 popula\u00e7\u00e3o, devido a situa\u00e7\u00f5es acarretadas pela queda de arrecada\u00e7\u00e3o; e uma atua\u00e7\u00e3o mais vigorosa junto aos deputados federais, visando exigir do Governo Federal o cumprimento dos direitos dos munic\u00edpios. Uma nota oficial da Amuvi ser\u00e1 editada e divulgada \u00e0 popula\u00e7\u00e3o e autoridades do Estado e da Uni\u00e3o.<\/p>\n","protected":false},"excerpt":{"rendered":"<p>A Associa&ccedil;&atilde;o dos Munic&iacute;pios do Vale do Iva&iacute; (Amuvi) realizou hoje (15) uma importante reuni&atilde;o, na Sala Cerejeiras, no pavimento superior do Cine Teatro F&ecirc;nix, em Apucarana. &ldquo;Tivemos a presen&ccedil;a de 20 dos 26 prefeitos dos munic&iacute;pios que comp&otilde;em a entidade, e o tema central das discuss&otilde;es foi a preocupante queda de arrecada&ccedil;&atilde;o do Fundo [&hellip;]<\/p>\n","protected":false},"author":7,"featured_media":87099,"comment_status":"closed","ping_status":"closed","sticky":false,"template":"","format":"standard","meta":{"footnotes":""},"categories":[24],"tags":[],"class_list":["post-87098","post","type-post","status-publish","format-standard","has-post-thumbnail","hentry","category-noticias"],"acf":[],"_links":{"self":[{"href":"http:\/\/www.apucarana.pr.gov.br\/site\/wp-json\/wp\/v2\/posts\/87098","targetHints":{"allow":["GET"]}}],"collection":[{"href":"http:\/\/www.apucarana.pr.gov.br\/site\/wp-json\/wp\/v2\/posts"}],"about":[{"href":"http:\/\/www.apucarana.pr.gov.br\/site\/wp-json\/wp\/v2\/types\/post"}],"author":[{"embeddable":true,"href":"http:\/\/www.apucarana.pr.gov.br\/site\/wp-json\/wp\/v2\/users\/7"}],"replies":[{"embeddable":true,"href":"http:\/\/www.apucarana.pr.gov.br\/site\/wp-json\/wp\/v2\/comments?post=87098"}],"version-history":[{"count":2,"href":"http:\/\/www.apucarana.pr.gov.br\/site\/wp-json\/wp\/v2\/posts\/87098\/revisions"}],"predecessor-version":[{"id":87118,"href":"http:\/\/www.apucarana.pr.gov.br\/site\/wp-json\/wp\/v2\/posts\/87098\/revisions\/87118"}],"wp:featuredmedia":[{"embeddable":true,"href":"http:\/\/www.apucarana.pr.gov.br\/site\/wp-json\/wp\/v2\/media\/87099"}],"wp:attachment":[{"href":"http:\/\/www.apucarana.pr.gov.br\/site\/wp-json\/wp\/v2\/media?parent=87098"}],"wp:term":[{"taxonomy":"category","embeddable":true,"href":"http:\/\/www.apucarana.pr.gov.br\/site\/wp-json\/wp\/v2\/categories?post=87098"},{"taxonomy":"post_tag","embeddable":true,"href":"http:\/\/www.apucarana.pr.gov.br\/site\/wp-json\/wp\/v2\/tags?post=87098"}],"curies":[{"name":"wp","href":"https:\/\/api.w.org\/{rel}","templated":true}]}}