{"id":87080,"date":"2023-09-15T18:37:40","date_gmt":"2023-09-15T21:37:40","guid":{"rendered":"http:\/\/www.apucarana.pr.gov.br\/site\/?p=87080"},"modified":"2024-10-08T09:31:37","modified_gmt":"2024-10-08T12:31:37","slug":"prefeitura-de-apucarana-forma-primeira-turma-do-programa-aprende","status":"publish","type":"post","link":"http:\/\/www.apucarana.pr.gov.br\/site\/prefeitura-de-apucarana-forma-primeira-turma-do-programa-aprende\/","title":{"rendered":"Prefeitura de Apucarana forma primeira turma do Programa Aprende"},"content":{"rendered":"\n\t\t<!-- MasterSlider -->\n\t\t<div id=\"P_MS69f5aecc1a6e9\" class=\"master-slider-parent master-slider-gallery   ms-parent-id-0\" style=\"\" >\n\n\t\t\t\n\t\t\t<!-- MasterSlider Main -->\n\t\t\t<div id=\"MS69f5aecc1a6e9\" class=\"master-slider ms-skin-default\" >\n\t\t\t\t \t\t\t\t \n\t\t\t<div  class=\"ms-slide\" data-delay=\"3\"    >\n\t\t\t\t\t<img decoding=\"async\" src=\"http:\/\/www.apucarana.pr.gov.br\/site\/wp-content\/plugins\/masterslider\/public\/assets\/css\/blank.gif\" alt=\"Entrega certificado senac 025\" title=\"Entrega certificado senac 025\" data-src=\"http:\/\/www.apucarana.pr.gov.br\/site\/wp-content\/uploads\/2023\/09\/Entrega-certificado-senac-025-1024x683.jpg\" \/>\n\t<a href=\"http:\/\/www.apucarana.pr.gov.br\/site\/wp-content\/uploads\/2023\/09\/Entrega-certificado-senac-025-1024x683.jpg\" target=\"_self\"    >Entrega certificado senac 025<\/a>\n\n\n\t<img decoding=\"async\" class=\"ms-thumb\" src=\"http:\/\/www.apucarana.pr.gov.br\/site\/wp-content\/uploads\/2023\/09\/Entrega-certificado-senac-025-1024x683-140x80.jpg\" alt=\"Entrega certificado senac 025\" \/>\n\t\t\t\t<\/div>\n\t\t\t<div  class=\"ms-slide\" data-delay=\"3\"    >\n\t\t\t\t\t<img decoding=\"async\" src=\"http:\/\/www.apucarana.pr.gov.br\/site\/wp-content\/plugins\/masterslider\/public\/assets\/css\/blank.gif\" alt=\"Entrega certificado senac 035\" title=\"Entrega certificado senac 035\" data-src=\"http:\/\/www.apucarana.pr.gov.br\/site\/wp-content\/uploads\/2023\/09\/Entrega-certificado-senac-035-1024x683.jpg\" \/>\n\t<a href=\"http:\/\/www.apucarana.pr.gov.br\/site\/wp-content\/uploads\/2023\/09\/Entrega-certificado-senac-035-1024x683.jpg\" target=\"_self\"    >Entrega certificado senac 035<\/a>\n\n\n\t<img decoding=\"async\" class=\"ms-thumb\" src=\"http:\/\/www.apucarana.pr.gov.br\/site\/wp-content\/uploads\/2023\/09\/Entrega-certificado-senac-035-1024x683-140x80.jpg\" alt=\"Entrega certificado senac 035\" \/>\n\t\t\t\t<\/div>\n\t\t\t<div  class=\"ms-slide\" data-delay=\"3\"    >\n\t\t\t\t\t<img decoding=\"async\" src=\"http:\/\/www.apucarana.pr.gov.br\/site\/wp-content\/plugins\/masterslider\/public\/assets\/css\/blank.gif\" alt=\"Entrega certificado senac 041\" title=\"Entrega certificado senac 041\" data-src=\"http:\/\/www.apucarana.pr.gov.br\/site\/wp-content\/uploads\/2023\/09\/Entrega-certificado-senac-041-1024x683.jpg\" \/>\n\t<a href=\"http:\/\/www.apucarana.pr.gov.br\/site\/wp-content\/uploads\/2023\/09\/Entrega-certificado-senac-041-1024x683.jpg\" target=\"_self\"    >Entrega certificado senac 041<\/a>\n\n\n\t<img decoding=\"async\" class=\"ms-thumb\" src=\"http:\/\/www.apucarana.pr.gov.br\/site\/wp-content\/uploads\/2023\/09\/Entrega-certificado-senac-041-1024x683-140x80.jpg\" alt=\"Entrega certificado senac 041\" \/>\n\t\t\t\t<\/div>\n\t\t\t<div  class=\"ms-slide\" data-delay=\"3\"    >\n\t\t\t\t\t<img decoding=\"async\" src=\"http:\/\/www.apucarana.pr.gov.br\/site\/wp-content\/plugins\/masterslider\/public\/assets\/css\/blank.gif\" alt=\"Entrega certificado senac 012\" title=\"Entrega certificado senac 012\" data-src=\"http:\/\/www.apucarana.pr.gov.br\/site\/wp-content\/uploads\/2023\/09\/Entrega-certificado-senac-012-1024x683.jpg\" \/>\n\t<a href=\"http:\/\/www.apucarana.pr.gov.br\/site\/wp-content\/uploads\/2023\/09\/Entrega-certificado-senac-012-1024x683.jpg\" target=\"_self\"    >Entrega certificado senac 012<\/a>\n\n\n\t<img decoding=\"async\" class=\"ms-thumb\" src=\"http:\/\/www.apucarana.pr.gov.br\/site\/wp-content\/uploads\/2023\/09\/Entrega-certificado-senac-012-1024x683-140x80.jpg\" alt=\"Entrega certificado senac 012\" \/>\n\t\t\t\t<\/div>\n\t\t\t<div  class=\"ms-slide\" data-delay=\"3\"    >\n\t\t\t\t\t<img decoding=\"async\" src=\"http:\/\/www.apucarana.pr.gov.br\/site\/wp-content\/plugins\/masterslider\/public\/assets\/css\/blank.gif\" alt=\"Entrega certificado senac 014\" title=\"Entrega certificado senac 014\" data-src=\"http:\/\/www.apucarana.pr.gov.br\/site\/wp-content\/uploads\/2023\/09\/Entrega-certificado-senac-014-1024x683.jpg\" \/>\n\t<a href=\"http:\/\/www.apucarana.pr.gov.br\/site\/wp-content\/uploads\/2023\/09\/Entrega-certificado-senac-014-1024x683.jpg\" target=\"_self\"    >Entrega certificado senac 014<\/a>\n\n\n\t<img decoding=\"async\" class=\"ms-thumb\" src=\"http:\/\/www.apucarana.pr.gov.br\/site\/wp-content\/uploads\/2023\/09\/Entrega-certificado-senac-014-1024x683-140x80.jpg\" alt=\"Entrega certificado senac 014\" \/>\n\t\t\t\t<\/div>\n\t\t\t<div  class=\"ms-slide\" data-delay=\"3\"    >\n\t\t\t\t\t<img decoding=\"async\" src=\"http:\/\/www.apucarana.pr.gov.br\/site\/wp-content\/plugins\/masterslider\/public\/assets\/css\/blank.gif\" alt=\"Entrega certificado senac 015\" title=\"Entrega certificado senac 015\" data-src=\"http:\/\/www.apucarana.pr.gov.br\/site\/wp-content\/uploads\/2023\/09\/Entrega-certificado-senac-015-1024x683.jpg\" \/>\n\t<a href=\"http:\/\/www.apucarana.pr.gov.br\/site\/wp-content\/uploads\/2023\/09\/Entrega-certificado-senac-015-1024x683.jpg\" target=\"_self\"    >Entrega certificado senac 015<\/a>\n\n\n\t<img decoding=\"async\" class=\"ms-thumb\" src=\"http:\/\/www.apucarana.pr.gov.br\/site\/wp-content\/uploads\/2023\/09\/Entrega-certificado-senac-015-1024x683-140x80.jpg\" alt=\"Entrega certificado senac 015\" \/>\n\t\t\t\t<\/div>\n\t\t\t<div  class=\"ms-slide\" data-delay=\"3\"    >\n\t\t\t\t\t<img decoding=\"async\" src=\"http:\/\/www.apucarana.pr.gov.br\/site\/wp-content\/plugins\/masterslider\/public\/assets\/css\/blank.gif\" alt=\"Entrega certificado senac 016\" title=\"Entrega certificado senac 016\" data-src=\"http:\/\/www.apucarana.pr.gov.br\/site\/wp-content\/uploads\/2023\/09\/Entrega-certificado-senac-016-1024x683.jpg\" \/>\n\t<a href=\"http:\/\/www.apucarana.pr.gov.br\/site\/wp-content\/uploads\/2023\/09\/Entrega-certificado-senac-016-1024x683.jpg\" target=\"_self\"    >Entrega certificado senac 016<\/a>\n\n\n\t<img decoding=\"async\" class=\"ms-thumb\" src=\"http:\/\/www.apucarana.pr.gov.br\/site\/wp-content\/uploads\/2023\/09\/Entrega-certificado-senac-016-1024x683-140x80.jpg\" alt=\"Entrega certificado senac 016\" \/>\n\t\t\t\t<\/div>\n\t\t\t<div  class=\"ms-slide\" data-delay=\"3\"    >\n\t\t\t\t\t<img decoding=\"async\" src=\"http:\/\/www.apucarana.pr.gov.br\/site\/wp-content\/plugins\/masterslider\/public\/assets\/css\/blank.gif\" alt=\"Entrega certificado senac 017\" title=\"Entrega certificado senac 017\" data-src=\"http:\/\/www.apucarana.pr.gov.br\/site\/wp-content\/uploads\/2023\/09\/Entrega-certificado-senac-017-1024x683.jpg\" \/>\n\t<a href=\"http:\/\/www.apucarana.pr.gov.br\/site\/wp-content\/uploads\/2023\/09\/Entrega-certificado-senac-017-1024x683.jpg\" target=\"_self\"    >Entrega certificado senac 017<\/a>\n\n\n\t<img decoding=\"async\" class=\"ms-thumb\" src=\"http:\/\/www.apucarana.pr.gov.br\/site\/wp-content\/uploads\/2023\/09\/Entrega-certificado-senac-017-1024x683-140x80.jpg\" alt=\"Entrega certificado senac 017\" \/>\n\t\t\t\t<\/div>\n\t\t\t<div  class=\"ms-slide\" data-delay=\"3\"    >\n\t\t\t\t\t<img decoding=\"async\" src=\"http:\/\/www.apucarana.pr.gov.br\/site\/wp-content\/plugins\/masterslider\/public\/assets\/css\/blank.gif\" alt=\"Entrega certificado senac 018\" title=\"Entrega certificado senac 018\" data-src=\"http:\/\/www.apucarana.pr.gov.br\/site\/wp-content\/uploads\/2023\/09\/Entrega-certificado-senac-018-1024x683.jpg\" \/>\n\t<a href=\"http:\/\/www.apucarana.pr.gov.br\/site\/wp-content\/uploads\/2023\/09\/Entrega-certificado-senac-018-1024x683.jpg\" target=\"_self\"    >Entrega certificado senac 018<\/a>\n\n\n\t<img decoding=\"async\" class=\"ms-thumb\" src=\"http:\/\/www.apucarana.pr.gov.br\/site\/wp-content\/uploads\/2023\/09\/Entrega-certificado-senac-018-1024x683-140x80.jpg\" alt=\"Entrega certificado senac 018\" \/>\n\t\t\t\t<\/div>\n\t\t\t<div  class=\"ms-slide\" data-delay=\"3\"    >\n\t\t\t\t\t<img decoding=\"async\" src=\"http:\/\/www.apucarana.pr.gov.br\/site\/wp-content\/plugins\/masterslider\/public\/assets\/css\/blank.gif\" alt=\"Entrega certificado senac 021\" title=\"Entrega certificado senac 021\" data-src=\"http:\/\/www.apucarana.pr.gov.br\/site\/wp-content\/uploads\/2023\/09\/Entrega-certificado-senac-021-1024x683.jpg\" \/>\n\t<a href=\"http:\/\/www.apucarana.pr.gov.br\/site\/wp-content\/uploads\/2023\/09\/Entrega-certificado-senac-021-1024x683.jpg\" target=\"_self\"    >Entrega certificado senac 021<\/a>\n\n\n\t<img decoding=\"async\" class=\"ms-thumb\" src=\"http:\/\/www.apucarana.pr.gov.br\/site\/wp-content\/uploads\/2023\/09\/Entrega-certificado-senac-021-1024x683-140x80.jpg\" alt=\"Entrega certificado senac 021\" \/>\n\t\t\t\t<\/div>\n\t\t\t<div  class=\"ms-slide\" data-delay=\"3\"    >\n\t\t\t\t\t<img decoding=\"async\" src=\"http:\/\/www.apucarana.pr.gov.br\/site\/wp-content\/plugins\/masterslider\/public\/assets\/css\/blank.gif\" alt=\"Entrega certificado senac 045\" title=\"Entrega certificado senac 045\" data-src=\"http:\/\/www.apucarana.pr.gov.br\/site\/wp-content\/uploads\/2023\/09\/Entrega-certificado-senac-045-1024x683.jpg\" \/>\n\t<a href=\"http:\/\/www.apucarana.pr.gov.br\/site\/wp-content\/uploads\/2023\/09\/Entrega-certificado-senac-045-1024x683.jpg\" target=\"_self\"    >Entrega certificado senac 045<\/a>\n\n\n\t<img decoding=\"async\" class=\"ms-thumb\" src=\"http:\/\/www.apucarana.pr.gov.br\/site\/wp-content\/uploads\/2023\/09\/Entrega-certificado-senac-045-1024x683-140x80.jpg\" alt=\"Entrega certificado senac 045\" \/>\n\t\t\t\t<\/div>\n\t\t\t<div  class=\"ms-slide\" data-delay=\"3\"    >\n\t\t\t\t\t<img decoding=\"async\" src=\"http:\/\/www.apucarana.pr.gov.br\/site\/wp-content\/plugins\/masterslider\/public\/assets\/css\/blank.gif\" alt=\"Entrega certificado senac 046\" title=\"Entrega certificado senac 046\" data-src=\"http:\/\/www.apucarana.pr.gov.br\/site\/wp-content\/uploads\/2023\/09\/Entrega-certificado-senac-046-1024x683.jpg\" \/>\n\t<a href=\"http:\/\/www.apucarana.pr.gov.br\/site\/wp-content\/uploads\/2023\/09\/Entrega-certificado-senac-046-1024x683.jpg\" target=\"_self\"    >Entrega certificado senac 046<\/a>\n\n\n\t<img decoding=\"async\" class=\"ms-thumb\" src=\"http:\/\/www.apucarana.pr.gov.br\/site\/wp-content\/uploads\/2023\/09\/Entrega-certificado-senac-046-1024x683-140x80.jpg\" alt=\"Entrega certificado senac 046\" \/>\n\t\t\t\t<\/div>\n\t\t\t<div  class=\"ms-slide\" data-delay=\"3\"    >\n\t\t\t\t\t<img decoding=\"async\" src=\"http:\/\/www.apucarana.pr.gov.br\/site\/wp-content\/plugins\/masterslider\/public\/assets\/css\/blank.gif\" alt=\"Entrega certificado senac 047\" title=\"Entrega certificado senac 047\" data-src=\"http:\/\/www.apucarana.pr.gov.br\/site\/wp-content\/uploads\/2023\/09\/Entrega-certificado-senac-047-1024x683.jpg\" \/>\n\t<a href=\"http:\/\/www.apucarana.pr.gov.br\/site\/wp-content\/uploads\/2023\/09\/Entrega-certificado-senac-047-1024x683.jpg\" target=\"_self\"    >Entrega certificado senac 047<\/a>\n\n\n\t<img decoding=\"async\" class=\"ms-thumb\" src=\"http:\/\/www.apucarana.pr.gov.br\/site\/wp-content\/uploads\/2023\/09\/Entrega-certificado-senac-047-1024x683-140x80.jpg\" alt=\"Entrega certificado senac 047\" \/>\n\t\t\t\t<\/div>\n\t\t\t<div  class=\"ms-slide\" data-delay=\"3\"    >\n\t\t\t\t\t<img decoding=\"async\" src=\"http:\/\/www.apucarana.pr.gov.br\/site\/wp-content\/plugins\/masterslider\/public\/assets\/css\/blank.gif\" alt=\"Entrega certificado senac 048\" title=\"Entrega certificado senac 048\" data-src=\"http:\/\/www.apucarana.pr.gov.br\/site\/wp-content\/uploads\/2023\/09\/Entrega-certificado-senac-048-1024x683.jpg\" \/>\n\t<a href=\"http:\/\/www.apucarana.pr.gov.br\/site\/wp-content\/uploads\/2023\/09\/Entrega-certificado-senac-048-1024x683.jpg\" target=\"_self\"    >Entrega certificado senac 048<\/a>\n\n\n\t<img decoding=\"async\" class=\"ms-thumb\" src=\"http:\/\/www.apucarana.pr.gov.br\/site\/wp-content\/uploads\/2023\/09\/Entrega-certificado-senac-048-1024x683-140x80.jpg\" alt=\"Entrega certificado senac 048\" \/>\n\t\t\t\t<\/div>\n\t\t\t<div  class=\"ms-slide\" data-delay=\"3\"    >\n\t\t\t\t\t<img decoding=\"async\" src=\"http:\/\/www.apucarana.pr.gov.br\/site\/wp-content\/plugins\/masterslider\/public\/assets\/css\/blank.gif\" alt=\"Entrega certificado senac 009\" title=\"Entrega certificado senac 009\" data-src=\"http:\/\/www.apucarana.pr.gov.br\/site\/wp-content\/uploads\/2023\/09\/Entrega-certificado-senac-009-1024x683.jpg\" \/>\n\t<a href=\"http:\/\/www.apucarana.pr.gov.br\/site\/wp-content\/uploads\/2023\/09\/Entrega-certificado-senac-009-1024x683.jpg\" target=\"_self\"    >Entrega certificado senac 009<\/a>\n\n\n\t<img decoding=\"async\" class=\"ms-thumb\" src=\"http:\/\/www.apucarana.pr.gov.br\/site\/wp-content\/uploads\/2023\/09\/Entrega-certificado-senac-009-1024x683-140x80.jpg\" alt=\"Entrega certificado senac 009\" \/>\n\t\t\t\t<\/div>\n\n\t\t\t<\/div>\n\t\t\t<!-- END MasterSlider Main -->\n\n\t\t\t \n\t\t<\/div>\n\t\t<!-- END MasterSlider -->\n\n\t\t<script>\n\t\t( window.MSReady = window.MSReady || [] ).push( function( $ ) {\n\n\t\t\t\"use strict\";\n\t\t\tvar masterslider_a6e9 = new MasterSlider();\n\n\t\t\t\/\/ slider controls\n\t\t\tmasterslider_a6e9.control('arrows'     ,{ autohide:true, overVideo:true  });\n\t\t\tmasterslider_a6e9.control('thumblist'  ,{ autohide:false, overVideo:true, dir:'h', speed:17, inset:false, arrows:false, hover:false, customClass:'', align:'bottom',type:'thumbs', margin:2, width:140, height:80, space:2, fillMode:'fill'  });\n\t\t\t\/\/ slider setup\n\t\t\tmasterslider_a6e9.setup(\"MS69f5aecc1a6e9\", {\n\t\t\t\twidth           : 960,\n\t\t\t\theight          : 540,\n\t\t\t\tminHeight       : 0,\n\t\t\t\tspace           : 0,\n\t\t\t\tstart           : 1,\n\t\t\t\tgrabCursor      : true,\n\t\t\t\tswipe           : true,\n\t\t\t\tmouse           : true,\n\t\t\t\tkeyboard        : false,\n\t\t\t\tlayout          : \"fillwidth\",\n\t\t\t\twheel           : false,\n\t\t\t\tautoplay        : true,\n                instantStartLayers:false,\n\t\t\t\tmobileBGVideo:false,\n\t\t\t\tloop            : true,\n\t\t\t\tshuffle         : false,\n\t\t\t\tpreload         : 3,\n\t\t\t\theightLimit     : false,\n\t\t\t\tautoHeight      : false,\n\t\t\t\tsmoothHeight    : true,\n\t\t\t\tendPause        : false,\n\t\t\t\toverPause       : false,\n\t\t\t\tfillMode        : \"fill\",\n\t\t\t\tcenterControls  : true,\n\t\t\t\tstartOnAppear   : false,\n\t\t\t\tlayersMode      : \"center\",\n\t\t\t\tautofillTarget  : \"\",\n\t\t\t\thideLayers      : false,\n\t\t\t\tfullscreenMargin: 0,\n\t\t\t\tspeed           : 17,\n\t\t\t\tdir             : \"h\",\n\t\t\t\tresponsive      : true,\n\t\t\t\ttabletWidth     : 768,\n\t\t\t\ttabletHeight    : null,\n\t\t\t\tphoneWidth      : 480,\n\t\t\t\tphoneHeight    : null,\n\t\t\t\tsizingReference : window,\n\t\t\t\tparallaxMode    : 'swipe',\n\t\t\t\tview            : \"basic\"\n\t\t\t});\n\n\t\t\t\n\t\t\twindow.masterslider_instances = window.masterslider_instances || [];\n\t\t\twindow.masterslider_instances.push( masterslider_a6e9 );\n\t\t});\n\t\t<\/script>\n\n\n<p>Prefeitura de Apucarana formou hoje a primeira turma do Programa de Aprendizagem na Administra\u00e7\u00e3o P\u00fablica Municipal (Aprende). A solenidade de entrega de certificados de conclus\u00e3o de curso de mil horas ao longo de um ano foi realizada nesta sexta-feira no audit\u00f3rio de Senac.<\/p>\n<p>Uma iniciativa in\u00e9dita na administra\u00e7\u00e3o municipal, o contrato de aprendizagem da prefeitura de Apucarana com 50 jovens apucaranenses foi pelo per\u00edodo de um ano. A cada semana, os jovens frequentaram dois dias de aulas no curso de \u201cAprendizagem Profissional de Qualifica\u00e7\u00e3o em Servi\u00e7os Administrativos\u201d do Senac, e mais tr\u00eas dias de atua\u00e7\u00e3o pr\u00e1tica em setores do pr\u00e9dio da prefeitura e da Autarquia Municipal de Sa\u00fade.<\/p>\n<p>J\u00e1 anunciando a 2\u00aa turma do Programa Aprende para 2024, com a realiza\u00e7\u00e3o de processo seletivo para contrata\u00e7\u00e3o de mais 50 jovens aprendizes, o prefeito Junior da Femac definiu a solenidade de entrega de certificados como um reconhecimento dos esfor\u00e7os, da luta e o progresso de cada aluno. \u201cEsse diploma confere a voc\u00eas conhecimentos na \u00e1rea de administra\u00e7\u00e3o, um grande diferencial para ingressar no mercado de trabalho. Voc\u00eas entraram para a hist\u00f3ria da nossa cidade como a primeira turma de aprendizagem da Prefeitura de Apucarana\u201d, comemora Junior da Femac.<\/p>\n<p>O prefeito destacou que a oferta de vagas de aprendizagem profissional para jovens na administra\u00e7\u00e3o p\u00fablica municipal foi idealizada pelo juiz Maur\u00edcio Mazur, e encampada pela prefeitura com apoio da C\u00e2mara de Vereadores.<\/p>\n<p>O gerente executivo do Senac Apucarana, Lucas Salvalaggio da Silva, parabenizou os formandos destacando que os alunos que n\u00e3o conclu\u00edram o curso tamb\u00e9m s\u00e3o vitoriosos. \u201cAlguns foram aprovados em vestibulares concorridos e outros contratados por empresas devido \u00e0 qualifica\u00e7\u00e3o que tinham obtido dentro do Programa Aprende. O mercado de trabalho reconhece quem tem resili\u00eancia e foco num objetivo. Hoje \u00e9 dia de reconhecimento de esfor\u00e7os e celebrar uma conquista muito significativa para uma vida toda\u201d, afirma Salvalaggio.<\/p>\n<p>Com o certificado na m\u00e3o, Jennifer de Azevedo, de 19 anos, anuncia planos de se tornar uma empreendedora gra\u00e7as aos conhecimentos adquiridos no Programa Aprende. \u201cJ\u00e1 iniciei o processo para abrir uma loja de roupas. Essa decis\u00e3o s\u00f3 foi poss\u00edvel devido ao aprendizado te\u00f3rico e pr\u00e1tico desta oportunidade que recebi da prefeitura de Apucarana\u201d, avaliou.<\/p>\n<p>Os jovens de receberam o certificado integram um grupo de\u00a0 mais de mil apucaranenses na faixa et\u00e1ria de 14 a 18 anos que fizeram o teste seletivo, concorrendo \u00e0s 50 vagas de aprendiz disponibilizadas no Programa Aprende. No ano passado a prefeitura efetivou\u00a0a convoca\u00e7\u00e3o dos 50 primeiros colocados.<\/p>\n<p>Neste per\u00edodo, o aprendiz recebeu um sal\u00e1rio proporcional \u00e0s horas trabalhadas, de acordo com a Lei de Aprendizagem. O programa aprende \u00e9 mais uma iniciativa da gest\u00e3o municipal focada na qualifica\u00e7\u00e3o de m\u00e3o de obra de jovens.<\/p>\n<p>A cerim\u00f4nia de entrega de certificados tamb\u00e9m teve a participa\u00e7\u00e3o do superintendente da Secretaria Municipal da Ind\u00fastria, Com\u00e9rcio e Empregos, Adan Lenharo; do diretor do Centro de Qualifica\u00e7\u00e3o Total, Miguel Luiz Vilas Boas; e do gerente da Ag\u00eancia do Trabalhador, Neno Leiroz; e instrutores do curso ministrado pelo Senac.<\/p>\n","protected":false},"excerpt":{"rendered":"<p>Prefeitura de Apucarana formou hoje a primeira turma do Programa de Aprendizagem na Administra&ccedil;&atilde;o P&uacute;blica Municipal (Aprende). A solenidade de entrega de certificados de conclus&atilde;o de curso de mil horas ao longo de um ano foi realizada nesta sexta-feira no audit&oacute;rio de Senac. Uma iniciativa in&eacute;dita na administra&ccedil;&atilde;o municipal, o contrato de aprendizagem da prefeitura [&hellip;]<\/p>\n","protected":false},"author":10,"featured_media":87096,"comment_status":"closed","ping_status":"closed","sticky":false,"template":"","format":"standard","meta":{"footnotes":""},"categories":[24],"tags":[],"class_list":["post-87080","post","type-post","status-publish","format-standard","has-post-thumbnail","hentry","category-noticias"],"acf":[],"_links":{"self":[{"href":"http:\/\/www.apucarana.pr.gov.br\/site\/wp-json\/wp\/v2\/posts\/87080","targetHints":{"allow":["GET"]}}],"collection":[{"href":"http:\/\/www.apucarana.pr.gov.br\/site\/wp-json\/wp\/v2\/posts"}],"about":[{"href":"http:\/\/www.apucarana.pr.gov.br\/site\/wp-json\/wp\/v2\/types\/post"}],"author":[{"embeddable":true,"href":"http:\/\/www.apucarana.pr.gov.br\/site\/wp-json\/wp\/v2\/users\/10"}],"replies":[{"embeddable":true,"href":"http:\/\/www.apucarana.pr.gov.br\/site\/wp-json\/wp\/v2\/comments?post=87080"}],"version-history":[{"count":2,"href":"http:\/\/www.apucarana.pr.gov.br\/site\/wp-json\/wp\/v2\/posts\/87080\/revisions"}],"predecessor-version":[{"id":87129,"href":"http:\/\/www.apucarana.pr.gov.br\/site\/wp-json\/wp\/v2\/posts\/87080\/revisions\/87129"}],"wp:featuredmedia":[{"embeddable":true,"href":"http:\/\/www.apucarana.pr.gov.br\/site\/wp-json\/wp\/v2\/media\/87096"}],"wp:attachment":[{"href":"http:\/\/www.apucarana.pr.gov.br\/site\/wp-json\/wp\/v2\/media?parent=87080"}],"wp:term":[{"taxonomy":"category","embeddable":true,"href":"http:\/\/www.apucarana.pr.gov.br\/site\/wp-json\/wp\/v2\/categories?post=87080"},{"taxonomy":"post_tag","embeddable":true,"href":"http:\/\/www.apucarana.pr.gov.br\/site\/wp-json\/wp\/v2\/tags?post=87080"}],"curies":[{"name":"wp","href":"https:\/\/api.w.org\/{rel}","templated":true}]}}