{"id":87077,"date":"2023-09-15T18:04:51","date_gmt":"2023-09-15T21:04:51","guid":{"rendered":"http:\/\/www.apucarana.pr.gov.br\/site\/?p=87077"},"modified":"2024-10-08T09:31:37","modified_gmt":"2024-10-08T12:31:37","slug":"prefeitura-conclui-calcadas-e-pista-de-caminhada-da-praca-do-28","status":"publish","type":"post","link":"http:\/\/www.apucarana.pr.gov.br\/site\/prefeitura-conclui-calcadas-e-pista-de-caminhada-da-praca-do-28\/","title":{"rendered":"Prefeitura conclui cal\u00e7adas e pista de caminhada da \u201cPra\u00e7a do 28\u201d"},"content":{"rendered":"\n\t\t<!-- MasterSlider -->\n\t\t<div id=\"P_MS69f4259ee7886\" class=\"master-slider-parent master-slider-gallery   ms-parent-id-0\" style=\"\" >\n\n\t\t\t\n\t\t\t<!-- MasterSlider Main -->\n\t\t\t<div id=\"MS69f4259ee7886\" class=\"master-slider ms-skin-default\" >\n\t\t\t\t \t\t\t\t \n\t\t\t<div  class=\"ms-slide\" data-delay=\"3\"    >\n\t\t\t\t\t<img decoding=\"async\" src=\"http:\/\/www.apucarana.pr.gov.br\/site\/wp-content\/plugins\/masterslider\/public\/assets\/css\/blank.gif\" alt=\"WhatsApp Image 2023-09-15 at 18.02.20\" title=\"WhatsApp Image 2023-09-15 at 18.02.20\" data-src=\"http:\/\/www.apucarana.pr.gov.br\/site\/wp-content\/uploads\/2023\/09\/WhatsApp-Image-2023-09-15-at-18.02.20-1024x768.jpeg\" \/>\n\t<a href=\"http:\/\/www.apucarana.pr.gov.br\/site\/wp-content\/uploads\/2023\/09\/WhatsApp-Image-2023-09-15-at-18.02.20-1024x768.jpeg\" target=\"_self\"    >WhatsApp Image 2023-09-15 at 18.02.20<\/a>\n\n\n\t<img decoding=\"async\" class=\"ms-thumb\" src=\"http:\/\/www.apucarana.pr.gov.br\/site\/wp-content\/uploads\/2023\/09\/WhatsApp-Image-2023-09-15-at-18.02.20-1024x768-140x80.jpeg\" alt=\"WhatsApp Image 2023-09-15 at 18.02.20\" \/>\n\t\t\t\t<\/div>\n\n\t\t\t<\/div>\n\t\t\t<!-- END MasterSlider Main -->\n\n\t\t\t \n\t\t<\/div>\n\t\t<!-- END MasterSlider -->\n\n\t\t<script>\n\t\t( window.MSReady = window.MSReady || [] ).push( function( $ ) {\n\n\t\t\t\"use strict\";\n\t\t\tvar masterslider_7886 = new MasterSlider();\n\n\t\t\t\/\/ slider controls\n\t\t\tmasterslider_7886.control('arrows'     ,{ autohide:true, overVideo:true  });\n\t\t\tmasterslider_7886.control('thumblist'  ,{ autohide:false, overVideo:true, dir:'h', speed:17, inset:false, arrows:false, hover:false, customClass:'', align:'bottom',type:'thumbs', margin:2, width:140, height:80, space:2, fillMode:'fill'  });\n\t\t\t\/\/ slider setup\n\t\t\tmasterslider_7886.setup(\"MS69f4259ee7886\", {\n\t\t\t\twidth           : 960,\n\t\t\t\theight          : 540,\n\t\t\t\tminHeight       : 0,\n\t\t\t\tspace           : 0,\n\t\t\t\tstart           : 1,\n\t\t\t\tgrabCursor      : true,\n\t\t\t\tswipe           : true,\n\t\t\t\tmouse           : true,\n\t\t\t\tkeyboard        : false,\n\t\t\t\tlayout          : \"fillwidth\",\n\t\t\t\twheel           : false,\n\t\t\t\tautoplay        : true,\n                instantStartLayers:false,\n\t\t\t\tmobileBGVideo:false,\n\t\t\t\tloop            : true,\n\t\t\t\tshuffle         : false,\n\t\t\t\tpreload         : 3,\n\t\t\t\theightLimit     : false,\n\t\t\t\tautoHeight      : false,\n\t\t\t\tsmoothHeight    : true,\n\t\t\t\tendPause        : false,\n\t\t\t\toverPause       : false,\n\t\t\t\tfillMode        : \"fill\",\n\t\t\t\tcenterControls  : true,\n\t\t\t\tstartOnAppear   : false,\n\t\t\t\tlayersMode      : \"center\",\n\t\t\t\tautofillTarget  : \"\",\n\t\t\t\thideLayers      : false,\n\t\t\t\tfullscreenMargin: 0,\n\t\t\t\tspeed           : 17,\n\t\t\t\tdir             : \"h\",\n\t\t\t\tresponsive      : true,\n\t\t\t\ttabletWidth     : 768,\n\t\t\t\ttabletHeight    : null,\n\t\t\t\tphoneWidth      : 480,\n\t\t\t\tphoneHeight    : null,\n\t\t\t\tsizingReference : window,\n\t\t\t\tparallaxMode    : 'swipe',\n\t\t\t\tview            : \"basic\"\n\t\t\t});\n\n\t\t\t\n\t\t\twindow.masterslider_instances = window.masterslider_instances || [];\n\t\t\twindow.masterslider_instances.push( masterslider_7886 );\n\t\t});\n\t\t<\/script>\n\n\n<p>A Prefeitura de Apucarana, por meio da Secretaria de Obras, iniciou nesta sexta-feira (15) a concretagem da \u00faltima etapa das cal\u00e7adas e pista de caminhada no entorno da Pra\u00e7a Semiramis Braga, mais conhecida como \u201cpra\u00e7a do bairro 28 de janeiro\u201d.<\/p>\n<p>O prefeito Junior da Femac acompanhou a execu\u00e7\u00e3o dos servi\u00e7os. Ele disse que se trata de um espa\u00e7o de lazer familiar que, em breve, vai acolher com mais conforto e seguran\u00e7a os idosos, as crian\u00e7as e, enfim, todas as fam\u00edlias apucaranenses.<\/p>\n<p>\u201cO novo sistema de ilumina\u00e7\u00e3o, com tecnologia de LED est\u00e1 pronto e vai garantir mais seguran\u00e7a em todo o espa\u00e7o. Tamb\u00e9m foi conclu\u00edda a pavimenta\u00e7\u00e3o asf\u00e1ltica, amplia\u00e7\u00e3o das vagas de estacionamento, nova arboriza\u00e7\u00e3o e plantio de grama\u201d, anunciou Junior da Femac.<\/p>\n<p>&nbsp;<\/p>\n","protected":false},"excerpt":{"rendered":"<p>A Prefeitura de Apucarana, por meio da Secretaria de Obras, iniciou nesta sexta-feira (15) a concretagem da &uacute;ltima etapa das cal&ccedil;adas e pista de caminhada no entorno da Pra&ccedil;a Semiramis Braga, mais conhecida como &ldquo;pra&ccedil;a do bairro 28 de janeiro&rdquo;. O prefeito Junior da Femac acompanhou a execu&ccedil;&atilde;o dos servi&ccedil;os. Ele disse que se trata [&hellip;]<\/p>\n","protected":false},"author":7,"featured_media":87078,"comment_status":"closed","ping_status":"closed","sticky":false,"template":"","format":"standard","meta":{"footnotes":""},"categories":[24],"tags":[],"class_list":["post-87077","post","type-post","status-publish","format-standard","has-post-thumbnail","hentry","category-noticias"],"acf":[],"_links":{"self":[{"href":"http:\/\/www.apucarana.pr.gov.br\/site\/wp-json\/wp\/v2\/posts\/87077","targetHints":{"allow":["GET"]}}],"collection":[{"href":"http:\/\/www.apucarana.pr.gov.br\/site\/wp-json\/wp\/v2\/posts"}],"about":[{"href":"http:\/\/www.apucarana.pr.gov.br\/site\/wp-json\/wp\/v2\/types\/post"}],"author":[{"embeddable":true,"href":"http:\/\/www.apucarana.pr.gov.br\/site\/wp-json\/wp\/v2\/users\/7"}],"replies":[{"embeddable":true,"href":"http:\/\/www.apucarana.pr.gov.br\/site\/wp-json\/wp\/v2\/comments?post=87077"}],"version-history":[{"count":1,"href":"http:\/\/www.apucarana.pr.gov.br\/site\/wp-json\/wp\/v2\/posts\/87077\/revisions"}],"predecessor-version":[{"id":87079,"href":"http:\/\/www.apucarana.pr.gov.br\/site\/wp-json\/wp\/v2\/posts\/87077\/revisions\/87079"}],"wp:featuredmedia":[{"embeddable":true,"href":"http:\/\/www.apucarana.pr.gov.br\/site\/wp-json\/wp\/v2\/media\/87078"}],"wp:attachment":[{"href":"http:\/\/www.apucarana.pr.gov.br\/site\/wp-json\/wp\/v2\/media?parent=87077"}],"wp:term":[{"taxonomy":"category","embeddable":true,"href":"http:\/\/www.apucarana.pr.gov.br\/site\/wp-json\/wp\/v2\/categories?post=87077"},{"taxonomy":"post_tag","embeddable":true,"href":"http:\/\/www.apucarana.pr.gov.br\/site\/wp-json\/wp\/v2\/tags?post=87077"}],"curies":[{"name":"wp","href":"https:\/\/api.w.org\/{rel}","templated":true}]}}