{"id":86590,"date":"2023-09-04T19:39:31","date_gmt":"2023-09-04T22:39:31","guid":{"rendered":"http:\/\/www.apucarana.pr.gov.br\/site\/?p=86590"},"modified":"2024-10-08T09:31:41","modified_gmt":"2024-10-08T12:31:41","slug":"estamos-orgulhosos-por-estar-no-ranking-das-10-cidades-inteligentes-do-pr-diz-junior-da-femac","status":"publish","type":"post","link":"http:\/\/www.apucarana.pr.gov.br\/site\/estamos-orgulhosos-por-estar-no-ranking-das-10-cidades-inteligentes-do-pr-diz-junior-da-femac\/","title":{"rendered":"\u201cEstamos orgulhosos por estar no ranking das 10 Cidades Inteligentes do PR\u201d, diz Junior da Femac"},"content":{"rendered":"\n\t\t<!-- MasterSlider -->\n\t\t<div id=\"P_MS69f70a93228da\" class=\"master-slider-parent master-slider-gallery   ms-parent-id-0\" style=\"\" >\n\n\t\t\t\n\t\t\t<!-- MasterSlider Main -->\n\t\t\t<div id=\"MS69f70a93228da\" class=\"master-slider ms-skin-default\" >\n\t\t\t\t \t\t\t\t \n\t\t\t<div  class=\"ms-slide\" data-delay=\"3\"    >\n\t\t\t\t\t<img decoding=\"async\" src=\"http:\/\/www.apucarana.pr.gov.br\/site\/wp-content\/plugins\/masterslider\/public\/assets\/css\/blank.gif\" alt=\"default\" title=\"default\" data-src=\"http:\/\/www.apucarana.pr.gov.br\/site\/wp-content\/uploads\/2023\/09\/VISTA-AEREA-1-1024x768.jpg\" \/>\n\t<a href=\"http:\/\/www.apucarana.pr.gov.br\/site\/wp-content\/uploads\/2023\/09\/VISTA-AEREA-1-1024x768.jpg\" target=\"_self\"    >default<\/a>\n\n\n\t<img decoding=\"async\" class=\"ms-thumb\" src=\"http:\/\/www.apucarana.pr.gov.br\/site\/wp-content\/uploads\/2023\/09\/VISTA-AEREA-1-1024x768-140x80.jpg\" alt=\"default\" \/>\n\t\t\t\t<\/div>\n\t\t\t<div  class=\"ms-slide\" data-delay=\"3\"    >\n\t\t\t\t\t<img decoding=\"async\" src=\"http:\/\/www.apucarana.pr.gov.br\/site\/wp-content\/plugins\/masterslider\/public\/assets\/css\/blank.gif\" alt=\"default\" title=\"default\" data-src=\"http:\/\/www.apucarana.pr.gov.br\/site\/wp-content\/uploads\/2023\/09\/VISTA-AEREA-2-1024x768.jpg\" \/>\n\t<a href=\"http:\/\/www.apucarana.pr.gov.br\/site\/wp-content\/uploads\/2023\/09\/VISTA-AEREA-2-1024x768.jpg\" target=\"_self\"    >default<\/a>\n\n\n\t<img decoding=\"async\" class=\"ms-thumb\" src=\"http:\/\/www.apucarana.pr.gov.br\/site\/wp-content\/uploads\/2023\/09\/VISTA-AEREA-2-1024x768-140x80.jpg\" alt=\"default\" \/>\n\t\t\t\t<\/div>\n\n\t\t\t<\/div>\n\t\t\t<!-- END MasterSlider Main -->\n\n\t\t\t \n\t\t<\/div>\n\t\t<!-- END MasterSlider -->\n\n\t\t<script>\n\t\t( window.MSReady = window.MSReady || [] ).push( function( $ ) {\n\n\t\t\t\"use strict\";\n\t\t\tvar masterslider_28da = new MasterSlider();\n\n\t\t\t\/\/ slider controls\n\t\t\tmasterslider_28da.control('arrows'     ,{ autohide:true, overVideo:true  });\n\t\t\tmasterslider_28da.control('thumblist'  ,{ autohide:false, overVideo:true, dir:'h', speed:17, inset:false, arrows:false, hover:false, customClass:'', align:'bottom',type:'thumbs', margin:2, width:140, height:80, space:2, fillMode:'fill'  });\n\t\t\t\/\/ slider setup\n\t\t\tmasterslider_28da.setup(\"MS69f70a93228da\", {\n\t\t\t\twidth           : 960,\n\t\t\t\theight          : 540,\n\t\t\t\tminHeight       : 0,\n\t\t\t\tspace           : 0,\n\t\t\t\tstart           : 1,\n\t\t\t\tgrabCursor      : true,\n\t\t\t\tswipe           : true,\n\t\t\t\tmouse           : true,\n\t\t\t\tkeyboard        : false,\n\t\t\t\tlayout          : \"fillwidth\",\n\t\t\t\twheel           : false,\n\t\t\t\tautoplay        : true,\n                instantStartLayers:false,\n\t\t\t\tmobileBGVideo:false,\n\t\t\t\tloop            : true,\n\t\t\t\tshuffle         : false,\n\t\t\t\tpreload         : 3,\n\t\t\t\theightLimit     : false,\n\t\t\t\tautoHeight      : false,\n\t\t\t\tsmoothHeight    : true,\n\t\t\t\tendPause        : false,\n\t\t\t\toverPause       : false,\n\t\t\t\tfillMode        : \"fill\",\n\t\t\t\tcenterControls  : true,\n\t\t\t\tstartOnAppear   : false,\n\t\t\t\tlayersMode      : \"center\",\n\t\t\t\tautofillTarget  : \"\",\n\t\t\t\thideLayers      : false,\n\t\t\t\tfullscreenMargin: 0,\n\t\t\t\tspeed           : 17,\n\t\t\t\tdir             : \"h\",\n\t\t\t\tresponsive      : true,\n\t\t\t\ttabletWidth     : 768,\n\t\t\t\ttabletHeight    : null,\n\t\t\t\tphoneWidth      : 480,\n\t\t\t\tphoneHeight    : null,\n\t\t\t\tsizingReference : window,\n\t\t\t\tparallaxMode    : 'swipe',\n\t\t\t\tview            : \"basic\"\n\t\t\t});\n\n\t\t\t\n\t\t\twindow.masterslider_instances = window.masterslider_instances || [];\n\t\t\twindow.masterslider_instances.push( masterslider_28da );\n\t\t});\n\t\t<\/script>\n\n\n<p style=\"font-weight: 400\">Apucarana aparece com destaque no ranking das Cidades Inteligentes no Connected Smart Cities, estudo anual que avalia todos os munic\u00edpios do pa\u00eds com mais de 50 mil habitantes. Dos 75 indicadores pesquisados, Apucarana tem boa performance nos eixos de urbanismo, com o 16\u00ba lugar no Brasil e 4\u00ba lugar no Paran\u00e1; e 48\u00ba lugar no eixo de meio ambiente, ficando em 10\u00ba lugar no Estado.<\/p>\n<p style=\"font-weight: 400\">No geral, Apucarana obteve a 86\u00aa coloca\u00e7\u00e3o no Brasil e 9\u00ba lugar entre todas as cidades do Paran\u00e1. \u201cEstamos muito orgulhosos pela classifica\u00e7\u00e3o obtida por Apucarana no estudo \u201cConnected Smart Cities\u201d, da Urban Systems, neste ano de 2023\u201d, assinala o prefeito Junior da Femac.<\/p>\n<p style=\"font-weight: 400\">Conforme enfatiza ele, \u201cos bons resultados s\u00e3o fruto de um trabalho muito abrangente, realizado com diversas parcerias do poder p\u00fablico municipal com importantes parceiros, incluindo as institui\u00e7\u00f5es de ensino superior, associa\u00e7\u00f5es, sindicatos e igrejas\u201d.<\/p>\n<p style=\"font-weight: 400\">Conforme pontua o prefeito de Apucarana, s\u00e3o 75 indicadores avaliados em v\u00e1rios eixos, entre eles destacam-se mobilidade, urbanismo, meio ambiente, energia, tecnologia e inova\u00e7\u00e3o, economia, educa\u00e7\u00e3o, sa\u00fade, seguran\u00e7a, empreendedorismo e governan\u00e7a. \u201cSe manter entre o seleto grupo das 10 cidades inteligentes do Paran\u00e1, e das 100 melhores do Brasil, \u00e9 um resultado muito positivo para Apucarana e sua gente e que merece ser comemorado\u201d, observa Junior da Femac.<\/p>\n<p style=\"font-weight: 400\">Dez cidades paranaenses est\u00e3o entre as 100 primeiras do ranking geral, com Curitiba (2\u00ba lugar) e Londrina (19\u00ba) no top 20, sendo apenas o estado de S\u00e3o Paulo com mais cidades neste grupo. As outras cidades que aparecem na lista das mais inteligentes do Brasil s\u00e3o Pato Branco (34\u00ba), Maring\u00e1 (43\u00ba), Pinhais (48\u00ba), Ponta Grossa (55\u00ba), Cascavel (56\u00ba), Foz do Igua\u00e7u (82\u00ba), Apucarana (86\u00ba) e S\u00e3o Jos\u00e9 dos Pinhais (95\u00ba).<\/p>\n<p style=\"font-weight: 400\"><strong>RANKING<\/strong>\u00a0\u2013 O Connected Smart Cities envolve empresas, entidades e governos em uma plataforma que tem por miss\u00e3o encontrar o DNA de inova\u00e7\u00e3o e melhorias para cidades mais inteligentes e conectadas umas com as outras, sejam elas pequenas ou megacidades. Feito com o objetivo de mapear as cidades com maior potencial de desenvolvimento no Brasil, o Ranking Connected Smart Cities traz indicadores desenvolvidos pela consultoria Urban Systems, que qualificam as cidades mais inteligentes e conectadas do Pa\u00eds.<\/p>\n","protected":false},"excerpt":{"rendered":"<p>Apucarana aparece com destaque no ranking das Cidades Inteligentes no Connected Smart Cities, estudo anual que avalia todos os munic&iacute;pios do pa&iacute;s com mais de 50 mil habitantes. Dos 75 indicadores pesquisados, Apucarana tem boa performance nos eixos de urbanismo, com o 16&ordm; lugar no Brasil e 4&ordm; lugar no Paran&aacute;; e 48&ordm; lugar no [&hellip;]<\/p>\n","protected":false},"author":7,"featured_media":86592,"comment_status":"closed","ping_status":"closed","sticky":false,"template":"","format":"standard","meta":{"footnotes":""},"categories":[24],"tags":[],"class_list":["post-86590","post","type-post","status-publish","format-standard","has-post-thumbnail","hentry","category-noticias"],"acf":[],"_links":{"self":[{"href":"http:\/\/www.apucarana.pr.gov.br\/site\/wp-json\/wp\/v2\/posts\/86590","targetHints":{"allow":["GET"]}}],"collection":[{"href":"http:\/\/www.apucarana.pr.gov.br\/site\/wp-json\/wp\/v2\/posts"}],"about":[{"href":"http:\/\/www.apucarana.pr.gov.br\/site\/wp-json\/wp\/v2\/types\/post"}],"author":[{"embeddable":true,"href":"http:\/\/www.apucarana.pr.gov.br\/site\/wp-json\/wp\/v2\/users\/7"}],"replies":[{"embeddable":true,"href":"http:\/\/www.apucarana.pr.gov.br\/site\/wp-json\/wp\/v2\/comments?post=86590"}],"version-history":[{"count":1,"href":"http:\/\/www.apucarana.pr.gov.br\/site\/wp-json\/wp\/v2\/posts\/86590\/revisions"}],"predecessor-version":[{"id":86593,"href":"http:\/\/www.apucarana.pr.gov.br\/site\/wp-json\/wp\/v2\/posts\/86590\/revisions\/86593"}],"wp:featuredmedia":[{"embeddable":true,"href":"http:\/\/www.apucarana.pr.gov.br\/site\/wp-json\/wp\/v2\/media\/86592"}],"wp:attachment":[{"href":"http:\/\/www.apucarana.pr.gov.br\/site\/wp-json\/wp\/v2\/media?parent=86590"}],"wp:term":[{"taxonomy":"category","embeddable":true,"href":"http:\/\/www.apucarana.pr.gov.br\/site\/wp-json\/wp\/v2\/categories?post=86590"},{"taxonomy":"post_tag","embeddable":true,"href":"http:\/\/www.apucarana.pr.gov.br\/site\/wp-json\/wp\/v2\/tags?post=86590"}],"curies":[{"name":"wp","href":"https:\/\/api.w.org\/{rel}","templated":true}]}}