{"id":84535,"date":"2023-07-27T17:19:45","date_gmt":"2023-07-27T20:19:45","guid":{"rendered":"http:\/\/www.apucarana.pr.gov.br\/site\/?p=84535"},"modified":"2024-10-08T09:30:42","modified_gmt":"2024-10-08T12:30:42","slug":"conecta-divulga-nesta-sexta-feira-programacao-especial-de-aniversario","status":"publish","type":"post","link":"http:\/\/www.apucarana.pr.gov.br\/site\/conecta-divulga-nesta-sexta-feira-programacao-especial-de-aniversario\/","title":{"rendered":"Conecta divulga nesta sexta-feira programa\u00e7\u00e3o especial de anivers\u00e1rio"},"content":{"rendered":"\n\t\t<!-- MasterSlider -->\n\t\t<div id=\"P_MS69f46618744fd\" class=\"master-slider-parent master-slider-gallery   ms-parent-id-0\" style=\"\" >\n\n\t\t\t\n\t\t\t<!-- MasterSlider Main -->\n\t\t\t<div id=\"MS69f46618744fd\" class=\"master-slider ms-skin-default\" >\n\t\t\t\t \t\t\t\t \n\t\t\t<div  class=\"ms-slide\" data-delay=\"3\"    >\n\t\t\t\t\t<img decoding=\"async\" src=\"http:\/\/www.apucarana.pr.gov.br\/site\/wp-content\/plugins\/masterslider\/public\/assets\/css\/blank.gif\" alt=\"IMG_2378\" title=\"IMG_2378\" data-src=\"http:\/\/www.apucarana.pr.gov.br\/site\/wp-content\/uploads\/2023\/07\/IMG_2378-1024x686.jpg\" \/>\n\t<a href=\"http:\/\/www.apucarana.pr.gov.br\/site\/wp-content\/uploads\/2023\/07\/IMG_2378-1024x686.jpg\" target=\"_self\"    >IMG_2378<\/a>\n\n\n\t<img decoding=\"async\" class=\"ms-thumb\" src=\"http:\/\/www.apucarana.pr.gov.br\/site\/wp-content\/uploads\/2023\/07\/IMG_2378-1024x686-140x80.jpg\" alt=\"IMG_2378\" \/>\n\t\t\t\t<\/div>\n\t\t\t<div  class=\"ms-slide\" data-delay=\"3\"    >\n\t\t\t\t\t<img decoding=\"async\" src=\"http:\/\/www.apucarana.pr.gov.br\/site\/wp-content\/plugins\/masterslider\/public\/assets\/css\/blank.gif\" alt=\"IMG_2384\" title=\"IMG_2384\" data-src=\"http:\/\/www.apucarana.pr.gov.br\/site\/wp-content\/uploads\/2023\/07\/IMG_2384-1024x684.jpg\" \/>\n\t<a href=\"http:\/\/www.apucarana.pr.gov.br\/site\/wp-content\/uploads\/2023\/07\/IMG_2384-1024x684.jpg\" target=\"_self\"    >IMG_2384<\/a>\n\n\n\t<img decoding=\"async\" class=\"ms-thumb\" src=\"http:\/\/www.apucarana.pr.gov.br\/site\/wp-content\/uploads\/2023\/07\/IMG_2384-1024x684-140x80.jpg\" alt=\"IMG_2384\" \/>\n\t\t\t\t<\/div>\n\t\t\t<div  class=\"ms-slide\" data-delay=\"3\"    >\n\t\t\t\t\t<img decoding=\"async\" src=\"http:\/\/www.apucarana.pr.gov.br\/site\/wp-content\/plugins\/masterslider\/public\/assets\/css\/blank.gif\" alt=\"IMG_2405\" title=\"IMG_2405\" data-src=\"http:\/\/www.apucarana.pr.gov.br\/site\/wp-content\/uploads\/2023\/07\/IMG_2405-1024x683.jpg\" \/>\n\t<a href=\"http:\/\/www.apucarana.pr.gov.br\/site\/wp-content\/uploads\/2023\/07\/IMG_2405-1024x683.jpg\" target=\"_self\"    >IMG_2405<\/a>\n\n\n\t<img decoding=\"async\" class=\"ms-thumb\" src=\"http:\/\/www.apucarana.pr.gov.br\/site\/wp-content\/uploads\/2023\/07\/IMG_2405-1024x683-140x80.jpg\" alt=\"IMG_2405\" \/>\n\t\t\t\t<\/div>\n\t\t\t<div  class=\"ms-slide\" data-delay=\"3\"    >\n\t\t\t\t\t<img decoding=\"async\" src=\"http:\/\/www.apucarana.pr.gov.br\/site\/wp-content\/plugins\/masterslider\/public\/assets\/css\/blank.gif\" alt=\"IMG_2412\" title=\"IMG_2412\" data-src=\"http:\/\/www.apucarana.pr.gov.br\/site\/wp-content\/uploads\/2023\/07\/IMG_2412-1024x683.jpg\" \/>\n\t<a href=\"http:\/\/www.apucarana.pr.gov.br\/site\/wp-content\/uploads\/2023\/07\/IMG_2412-1024x683.jpg\" target=\"_self\"    >IMG_2412<\/a>\n\n\n\t<img decoding=\"async\" class=\"ms-thumb\" src=\"http:\/\/www.apucarana.pr.gov.br\/site\/wp-content\/uploads\/2023\/07\/IMG_2412-1024x683-140x80.jpg\" alt=\"IMG_2412\" \/>\n\t\t\t\t<\/div>\n\t\t\t<div  class=\"ms-slide\" data-delay=\"3\"    >\n\t\t\t\t\t<img decoding=\"async\" src=\"http:\/\/www.apucarana.pr.gov.br\/site\/wp-content\/plugins\/masterslider\/public\/assets\/css\/blank.gif\" alt=\"IMG_2417\" title=\"IMG_2417\" data-src=\"http:\/\/www.apucarana.pr.gov.br\/site\/wp-content\/uploads\/2023\/07\/IMG_2417-1024x683.jpg\" \/>\n\t<a href=\"http:\/\/www.apucarana.pr.gov.br\/site\/wp-content\/uploads\/2023\/07\/IMG_2417-1024x683.jpg\" target=\"_self\"    >IMG_2417<\/a>\n\n\n\t<img decoding=\"async\" class=\"ms-thumb\" src=\"http:\/\/www.apucarana.pr.gov.br\/site\/wp-content\/uploads\/2023\/07\/IMG_2417-1024x683-140x80.jpg\" alt=\"IMG_2417\" \/>\n\t\t\t\t<\/div>\n\t\t\t<div  class=\"ms-slide\" data-delay=\"3\"    >\n\t\t\t\t\t<img decoding=\"async\" src=\"http:\/\/www.apucarana.pr.gov.br\/site\/wp-content\/plugins\/masterslider\/public\/assets\/css\/blank.gif\" alt=\"IMG_2417-2\" title=\"IMG_2417-2\" data-src=\"http:\/\/www.apucarana.pr.gov.br\/site\/wp-content\/uploads\/2023\/07\/IMG_2417-2-1024x1024.jpg\" \/>\n\t<a href=\"http:\/\/www.apucarana.pr.gov.br\/site\/wp-content\/uploads\/2023\/07\/IMG_2417-2-1024x1024.jpg\" target=\"_self\"    >IMG_2417-2<\/a>\n\n\n\t<img decoding=\"async\" class=\"ms-thumb\" src=\"http:\/\/www.apucarana.pr.gov.br\/site\/wp-content\/uploads\/2023\/07\/IMG_2417-2-1024x1024-140x80.jpg\" alt=\"IMG_2417-2\" \/>\n\t\t\t\t<\/div>\n\n\t\t\t<\/div>\n\t\t\t<!-- END MasterSlider Main -->\n\n\t\t\t \n\t\t<\/div>\n\t\t<!-- END MasterSlider -->\n\n\t\t<script>\n\t\t( window.MSReady = window.MSReady || [] ).push( function( $ ) {\n\n\t\t\t\"use strict\";\n\t\t\tvar masterslider_44fd = new MasterSlider();\n\n\t\t\t\/\/ slider controls\n\t\t\tmasterslider_44fd.control('arrows'     ,{ autohide:true, overVideo:true  });\n\t\t\tmasterslider_44fd.control('thumblist'  ,{ autohide:false, overVideo:true, dir:'h', speed:17, inset:false, arrows:false, hover:false, customClass:'', align:'bottom',type:'thumbs', margin:2, width:140, height:80, space:2, fillMode:'fill'  });\n\t\t\t\/\/ slider setup\n\t\t\tmasterslider_44fd.setup(\"MS69f46618744fd\", {\n\t\t\t\twidth           : 960,\n\t\t\t\theight          : 540,\n\t\t\t\tminHeight       : 0,\n\t\t\t\tspace           : 0,\n\t\t\t\tstart           : 1,\n\t\t\t\tgrabCursor      : true,\n\t\t\t\tswipe           : true,\n\t\t\t\tmouse           : true,\n\t\t\t\tkeyboard        : false,\n\t\t\t\tlayout          : \"fillwidth\",\n\t\t\t\twheel           : false,\n\t\t\t\tautoplay        : true,\n                instantStartLayers:false,\n\t\t\t\tmobileBGVideo:false,\n\t\t\t\tloop            : true,\n\t\t\t\tshuffle         : false,\n\t\t\t\tpreload         : 3,\n\t\t\t\theightLimit     : false,\n\t\t\t\tautoHeight      : false,\n\t\t\t\tsmoothHeight    : true,\n\t\t\t\tendPause        : false,\n\t\t\t\toverPause       : false,\n\t\t\t\tfillMode        : \"fill\",\n\t\t\t\tcenterControls  : true,\n\t\t\t\tstartOnAppear   : false,\n\t\t\t\tlayersMode      : \"center\",\n\t\t\t\tautofillTarget  : \"\",\n\t\t\t\thideLayers      : false,\n\t\t\t\tfullscreenMargin: 0,\n\t\t\t\tspeed           : 17,\n\t\t\t\tdir             : \"h\",\n\t\t\t\tresponsive      : true,\n\t\t\t\ttabletWidth     : 768,\n\t\t\t\ttabletHeight    : null,\n\t\t\t\tphoneWidth      : 480,\n\t\t\t\tphoneHeight    : null,\n\t\t\t\tsizingReference : window,\n\t\t\t\tparallaxMode    : 'swipe',\n\t\t\t\tview            : \"basic\"\n\t\t\t});\n\n\t\t\t\n\t\t\twindow.masterslider_instances = window.masterslider_instances || [];\n\t\t\twindow.masterslider_instances.push( masterslider_44fd );\n\t\t});\n\t\t<\/script>\n\n\n<p>Os cinco anos do Conecta Apucarana ser\u00e3o celebrados com uma agenda de eventos diferenciada entre os dias 12 e 18 de agosto. Os detalhes da programa\u00e7\u00e3o, que ser\u00e1 oficialmente divulgada nesta sexta-feira (28\/07), \u00e0s 9 horas, na sala do Conecta (Edif\u00edcio Pal\u00e1cio do Com\u00e9rcio), foram apresentados ao prefeito J\u00fanior da Femac na tarde desta quinta-feira (27\/07), em evento no gabinete municipal.<\/p>\n<p>Est\u00e3o previstas palestras, oficinas, workshops e diversas atividades voltadas aos empres\u00e1rios, estudantes de n\u00edvel fundamental, m\u00e9dio, t\u00e9cnico e ensino superior, com a expectativa de impactar diretamente 3 mil pessoas. \u201cPensamos em uma programa\u00e7\u00e3o para celebrar tudo que foi constru\u00eddo nestes cinco anos e tamb\u00e9m para pensarmos e vislumbrarmos os pr\u00f3ximos cinco anos. Este \u00e9 o nosso desafio agora, criar um ambiente onde o jovem tenha o desejo de ficar em Apucarana\u201d, disse Wanderlei Faganello, presidente da Associa\u00e7\u00e3o Comercial, Industrial e de Servi\u00e7os de Apucarana (Acia), pontuando que o Conecta, com a ajuda da prefeitura, hoje est\u00e1 muito bem ranqueada em n\u00edvel estadual. \u201cTemos muito a comemorar\u201d, frisou.<\/p>\n<p>O prefeito J\u00fanior da Femac enalteceu a governan\u00e7a pela condu\u00e7\u00e3o do programa, que se configura como um ecossistema integrado por entidades da iniciativa privada, poder p\u00fablico e universidades locais voltada ao est\u00edmulo do desenvolvimento econ\u00f4mico e social da cidade atrav\u00e9s do fomento do empreendedorismo e inova\u00e7\u00e3o. \u201cCom uni\u00e3o, os trabalhos t\u00eam contribu\u00eddo para fortalecer o empreendedorismo local e atrair novos investimentos, proporcionando cada vez mais um ambiente para que a inova\u00e7\u00e3o aconte\u00e7a no munic\u00edpio. Um grande trabalho puxado pela iniciativa privada, que tem e continuar\u00e1 tendo total suporte da prefeitura no que for necess\u00e1rio \u2013 recursos, legisla\u00e7\u00e3o, apoio t\u00e9cnico \u2013 para que cada vez mais a inova\u00e7\u00e3o esteja nos produtos e processos apucaranenses\u201d, assinalou o prefeito.<\/p>\n<p>O encontro de detalhamento da programa\u00e7\u00e3o comemorativa contou a participa\u00e7\u00e3o de representantes de outros membros da governan\u00e7a, que tamb\u00e9m enalteceram o processo de constru\u00e7\u00e3o do Conecta Apucarana. \u201cTenho muito orgulho de integrar este grupo, pois \u00e9 uma governan\u00e7a que realmente faz acontecer, que colocou Apucarana no mapa da inova\u00e7\u00e3o do Paran\u00e1 e hoje \u00e9 reconhecido em todo o pa\u00eds\u201d, disse Tiago Cunha, consultor do Sebrae Apucarana. Ele destacou o papel da prefeitura na consolida\u00e7\u00e3o do projeto. \u201cApucarana tem um prefeito que atua com entusiasmo e vontade. Que concede apoio desde o in\u00edcio, atrav\u00e9s da cria\u00e7\u00e3o de importantes leis \u2013 Est\u00edmulo ao Empreendedorismo e Inova\u00e7\u00e3o, Sandbox -, fundo municipal e aporte de recursos, entre outras a\u00e7\u00f5es, sem as quais certamente n\u00e3o estar\u00edamos no atual est\u00e1gio. Pelos encontros e reuni\u00f5es regionais que participo, o Conecta Apucarana \u00e9 sempre referenciado e todos querem saber mais como ocorre essa operacionaliza\u00e7\u00e3o de sucesso\u201d, disse Cunha.<\/p>\n<p>Representantes das entidades de ensino superior, os professores Lisandro Modesto (diretor da Faculdade de Apucarana (FAP), Leonardo Sartori (vice-diretor da Unespar Apucarana) e Aloysio Gomes de Souza Filho (diretor de Rela\u00e7\u00f5es Empresariais e Comunit\u00e1rias do campus Apucarana da UTFPR), foram un\u00e2nimes na avalia\u00e7\u00e3o dos resultados dos cinco anos do programa, testemunhando ao prefeito J\u00fanior da Femac que \u201ca cria\u00e7\u00e3o do Conecta representa um marco na hist\u00f3ria de Apucarana, proporcionando a quebra de barreiras que existia entre o universo acad\u00eamico e o mercado de trabalho em rela\u00e7\u00e3o aos processos de inova\u00e7\u00e3o\u201d.<\/p>\n<p>&nbsp;<\/p>\n<p><strong>Cronologia do Conecta Apucarana<\/strong><\/p>\n<p><strong>\u00a0<\/strong><\/p>\n<p>2013 \u2013 Acia inicia discuss\u00f5es sobre a cria\u00e7\u00e3o de um ambiente colaborativo, participativo e inovativo na cidade.<\/p>\n<p>2015 \u2013 Comit\u00ea Gestor da Micro e Pequena Empresa inicia a estrutura\u00e7\u00e3o de um Sistema Municipal de Inova\u00e7\u00e3o (SMI).<\/p>\n<p>2016 \u2013 Iniciam-se as discuss\u00f5es sobre a Lei Municipal de Inova\u00e7\u00e3o.<\/p>\n<p>2017 \u2013 Cria\u00e7\u00e3o do escrit\u00f3rio de neg\u00f3cios da Acia visando estimular o ambiente na cidade.<\/p>\n<p>2018 \u2013 Nasce o Conecta Apucarana, atrav\u00e9s da Lei Municipal n\u00ba 119\/2018, que disp\u00f5e sobre o incentivo \u00e0 inova\u00e7\u00e3o, pesquisa cient\u00edfica e tecnol\u00f3gica.<\/p>\n","protected":false},"excerpt":{"rendered":"<p>Os cinco anos do Conecta Apucarana ser&atilde;o celebrados com uma agenda de eventos diferenciada entre os dias 12 e 18 de agosto. Os detalhes da programa&ccedil;&atilde;o, que ser&aacute; oficialmente divulgada nesta sexta-feira (28\/07), &agrave;s 9 horas, na sala do Conecta (Edif&iacute;cio Pal&aacute;cio do Com&eacute;rcio), foram apresentados ao prefeito J&uacute;nior da Femac na tarde desta quinta-feira [&hellip;]<\/p>\n","protected":false},"author":7,"featured_media":84541,"comment_status":"closed","ping_status":"closed","sticky":false,"template":"","format":"standard","meta":{"footnotes":""},"categories":[24],"tags":[],"class_list":["post-84535","post","type-post","status-publish","format-standard","has-post-thumbnail","hentry","category-noticias"],"acf":[],"_links":{"self":[{"href":"http:\/\/www.apucarana.pr.gov.br\/site\/wp-json\/wp\/v2\/posts\/84535","targetHints":{"allow":["GET"]}}],"collection":[{"href":"http:\/\/www.apucarana.pr.gov.br\/site\/wp-json\/wp\/v2\/posts"}],"about":[{"href":"http:\/\/www.apucarana.pr.gov.br\/site\/wp-json\/wp\/v2\/types\/post"}],"author":[{"embeddable":true,"href":"http:\/\/www.apucarana.pr.gov.br\/site\/wp-json\/wp\/v2\/users\/7"}],"replies":[{"embeddable":true,"href":"http:\/\/www.apucarana.pr.gov.br\/site\/wp-json\/wp\/v2\/comments?post=84535"}],"version-history":[{"count":3,"href":"http:\/\/www.apucarana.pr.gov.br\/site\/wp-json\/wp\/v2\/posts\/84535\/revisions"}],"predecessor-version":[{"id":84544,"href":"http:\/\/www.apucarana.pr.gov.br\/site\/wp-json\/wp\/v2\/posts\/84535\/revisions\/84544"}],"wp:featuredmedia":[{"embeddable":true,"href":"http:\/\/www.apucarana.pr.gov.br\/site\/wp-json\/wp\/v2\/media\/84541"}],"wp:attachment":[{"href":"http:\/\/www.apucarana.pr.gov.br\/site\/wp-json\/wp\/v2\/media?parent=84535"}],"wp:term":[{"taxonomy":"category","embeddable":true,"href":"http:\/\/www.apucarana.pr.gov.br\/site\/wp-json\/wp\/v2\/categories?post=84535"},{"taxonomy":"post_tag","embeddable":true,"href":"http:\/\/www.apucarana.pr.gov.br\/site\/wp-json\/wp\/v2\/tags?post=84535"}],"curies":[{"name":"wp","href":"https:\/\/api.w.org\/{rel}","templated":true}]}}