{"id":82221,"date":"2023-06-07T15:04:02","date_gmt":"2023-06-07T18:04:02","guid":{"rendered":"http:\/\/www.apucarana.pr.gov.br\/site\/?p=82221"},"modified":"2024-10-08T09:29:53","modified_gmt":"2024-10-08T12:29:53","slug":"apucarana-empossa-aos-novos-membros-do-conselho-municipal-de-educacao","status":"publish","type":"post","link":"http:\/\/www.apucarana.pr.gov.br\/site\/apucarana-empossa-aos-novos-membros-do-conselho-municipal-de-educacao\/","title":{"rendered":"Apucarana empossa aos novos membros do Conselho Municipal de Educa\u00e7\u00e3o"},"content":{"rendered":"\n\t\t<!-- MasterSlider -->\n\t\t<div id=\"P_MS69f23007dadc6\" class=\"master-slider-parent master-slider-gallery   ms-parent-id-0\" style=\"\" >\n\n\t\t\t\n\t\t\t<!-- MasterSlider Main -->\n\t\t\t<div id=\"MS69f23007dadc6\" class=\"master-slider ms-skin-default\" >\n\t\t\t\t \t\t\t\t \n\t\t\t<div  class=\"ms-slide\" data-delay=\"3\"    >\n\t\t\t\t\t<img decoding=\"async\" src=\"http:\/\/www.apucarana.pr.gov.br\/site\/wp-content\/plugins\/masterslider\/public\/assets\/css\/blank.gif\" alt=\"posse (16)\" title=\"posse (16)\" data-src=\"http:\/\/www.apucarana.pr.gov.br\/site\/wp-content\/uploads\/2023\/06\/posse-16-1024x575.jpg\" \/>\n\t<a href=\"http:\/\/www.apucarana.pr.gov.br\/site\/wp-content\/uploads\/2023\/06\/posse-16-1024x575.jpg\" target=\"_self\"    >posse (16)<\/a>\n\n\n\t<img decoding=\"async\" class=\"ms-thumb\" src=\"http:\/\/www.apucarana.pr.gov.br\/site\/wp-content\/uploads\/2023\/06\/posse-16-1024x575-140x80.jpg\" alt=\"posse (16)\" \/>\n\t\t\t\t<\/div>\n\t\t\t<div  class=\"ms-slide\" data-delay=\"3\"    >\n\t\t\t\t\t<img decoding=\"async\" src=\"http:\/\/www.apucarana.pr.gov.br\/site\/wp-content\/plugins\/masterslider\/public\/assets\/css\/blank.gif\" alt=\"posse (17)\" title=\"posse (17)\" data-src=\"http:\/\/www.apucarana.pr.gov.br\/site\/wp-content\/uploads\/2023\/06\/posse-17-1024x575.jpg\" \/>\n\t<a href=\"http:\/\/www.apucarana.pr.gov.br\/site\/wp-content\/uploads\/2023\/06\/posse-17-1024x575.jpg\" target=\"_self\"    >posse (17)<\/a>\n\n\n\t<img decoding=\"async\" class=\"ms-thumb\" src=\"http:\/\/www.apucarana.pr.gov.br\/site\/wp-content\/uploads\/2023\/06\/posse-17-1024x575-140x80.jpg\" alt=\"posse (17)\" \/>\n\t\t\t\t<\/div>\n\t\t\t<div  class=\"ms-slide\" data-delay=\"3\"    >\n\t\t\t\t\t<img decoding=\"async\" src=\"http:\/\/www.apucarana.pr.gov.br\/site\/wp-content\/plugins\/masterslider\/public\/assets\/css\/blank.gif\" alt=\"posse (19)\" title=\"posse (19)\" data-src=\"http:\/\/www.apucarana.pr.gov.br\/site\/wp-content\/uploads\/2023\/06\/posse-19-1024x575.jpg\" \/>\n\t<a href=\"http:\/\/www.apucarana.pr.gov.br\/site\/wp-content\/uploads\/2023\/06\/posse-19-1024x575.jpg\" target=\"_self\"    >posse (19)<\/a>\n\n\n\t<img decoding=\"async\" class=\"ms-thumb\" src=\"http:\/\/www.apucarana.pr.gov.br\/site\/wp-content\/uploads\/2023\/06\/posse-19-1024x575-140x80.jpg\" alt=\"posse (19)\" \/>\n\t\t\t\t<\/div>\n\t\t\t<div  class=\"ms-slide\" data-delay=\"3\"    >\n\t\t\t\t\t<img decoding=\"async\" src=\"http:\/\/www.apucarana.pr.gov.br\/site\/wp-content\/plugins\/masterslider\/public\/assets\/css\/blank.gif\" alt=\"posse (25)\" title=\"posse (25)\" data-src=\"http:\/\/www.apucarana.pr.gov.br\/site\/wp-content\/uploads\/2023\/06\/posse-25-1024x575.jpg\" \/>\n\t<a href=\"http:\/\/www.apucarana.pr.gov.br\/site\/wp-content\/uploads\/2023\/06\/posse-25-1024x575.jpg\" target=\"_self\"    >posse (25)<\/a>\n\n\n\t<img decoding=\"async\" class=\"ms-thumb\" src=\"http:\/\/www.apucarana.pr.gov.br\/site\/wp-content\/uploads\/2023\/06\/posse-25-1024x575-140x80.jpg\" alt=\"posse (25)\" \/>\n\t\t\t\t<\/div>\n\n\t\t\t<\/div>\n\t\t\t<!-- END MasterSlider Main -->\n\n\t\t\t \n\t\t<\/div>\n\t\t<!-- END MasterSlider -->\n\n\t\t<script>\n\t\t( window.MSReady = window.MSReady || [] ).push( function( $ ) {\n\n\t\t\t\"use strict\";\n\t\t\tvar masterslider_adc6 = new MasterSlider();\n\n\t\t\t\/\/ slider controls\n\t\t\tmasterslider_adc6.control('arrows'     ,{ autohide:true, overVideo:true  });\n\t\t\tmasterslider_adc6.control('thumblist'  ,{ autohide:false, overVideo:true, dir:'h', speed:17, inset:false, arrows:false, hover:false, customClass:'', align:'bottom',type:'thumbs', margin:2, width:140, height:80, space:2, fillMode:'fill'  });\n\t\t\t\/\/ slider setup\n\t\t\tmasterslider_adc6.setup(\"MS69f23007dadc6\", {\n\t\t\t\twidth           : 960,\n\t\t\t\theight          : 540,\n\t\t\t\tminHeight       : 0,\n\t\t\t\tspace           : 0,\n\t\t\t\tstart           : 1,\n\t\t\t\tgrabCursor      : true,\n\t\t\t\tswipe           : true,\n\t\t\t\tmouse           : true,\n\t\t\t\tkeyboard        : false,\n\t\t\t\tlayout          : \"fillwidth\",\n\t\t\t\twheel           : false,\n\t\t\t\tautoplay        : true,\n                instantStartLayers:false,\n\t\t\t\tmobileBGVideo:false,\n\t\t\t\tloop            : true,\n\t\t\t\tshuffle         : false,\n\t\t\t\tpreload         : 3,\n\t\t\t\theightLimit     : false,\n\t\t\t\tautoHeight      : false,\n\t\t\t\tsmoothHeight    : true,\n\t\t\t\tendPause        : false,\n\t\t\t\toverPause       : false,\n\t\t\t\tfillMode        : \"fill\",\n\t\t\t\tcenterControls  : true,\n\t\t\t\tstartOnAppear   : false,\n\t\t\t\tlayersMode      : \"center\",\n\t\t\t\tautofillTarget  : \"\",\n\t\t\t\thideLayers      : false,\n\t\t\t\tfullscreenMargin: 0,\n\t\t\t\tspeed           : 17,\n\t\t\t\tdir             : \"h\",\n\t\t\t\tresponsive      : true,\n\t\t\t\ttabletWidth     : 768,\n\t\t\t\ttabletHeight    : null,\n\t\t\t\tphoneWidth      : 480,\n\t\t\t\tphoneHeight    : null,\n\t\t\t\tsizingReference : window,\n\t\t\t\tparallaxMode    : 'swipe',\n\t\t\t\tview            : \"basic\"\n\t\t\t});\n\n\t\t\t\n\t\t\twindow.masterslider_instances = window.masterslider_instances || [];\n\t\t\twindow.masterslider_instances.push( masterslider_adc6 );\n\t\t});\n\t\t<\/script>\n\n\n<p>O prefeito Junior da Femac e a secret\u00e1ria Marli Fernandes deram posse, na manh\u00e3 de hoje (7\/6), em solenidade realizada no gabinete do executivo, aos novos membros do Conselho Municipal de Educa\u00e7\u00e3o de Apucarana (CMEA).<\/p>\n<p>Institu\u00eddo pela lei n\u00ba 149\/2014, o CMEA tem como principais atribui\u00e7\u00f5es propor pol\u00edticas p\u00fablicas para a educa\u00e7\u00e3o, acompanhar o processo de elabora\u00e7\u00e3o do Plano Plurianual, da Lei de Diretrizes Or\u00e7ament\u00e1rias e do or\u00e7amento anual do munic\u00edpio, fiscalizar a execu\u00e7\u00e3o do Plano Municipal de Educa\u00e7\u00e3o, avaliar o desenvolvimento de programas, projetos e experi\u00eancias inovadoras na \u00e1rea de educa\u00e7\u00e3o municipal, opinar sobre a abertura de novos estabelecimentos de ensino e interagir com os Conselhos Municipais do FUNDEB e da Alimenta\u00e7\u00e3o Escolar.<\/p>\n<p>O grupo \u00e9 composto por 24 membros, entre titulares e suplentes, que representam o Poder Executivo, a Secretaria Municipal de A\u00e7\u00e3o Social, a Autarquia Municipal de Sa\u00fade, o Conselho Tutelar, os diretores, professores e funcion\u00e1rios das redes municipal, estadual e particular, os pais de alunos, o ensino superior e a sociedade civil organizada. O mandato tem dura\u00e7\u00e3o de quatro anos.<\/p>\n<p>A secret\u00e1ria Marli Fernandes explicou que o CMEA tem car\u00e1ter consultivo. \u201cUma vez que a educa\u00e7\u00e3o municipal n\u00e3o est\u00e1 organizada sob a forma de sistema independente e sim subordinada \u00e0 Secretaria de Estado da Educa\u00e7\u00e3o (SEED-PR), o conselho tem a fun\u00e7\u00e3o de apresentar e discutir propostas e tamb\u00e9m aconselhar os l\u00edderes e gestores em suas decis\u00f5es. Eu gostaria de desejar boas-vindas aos novos membros e destacar que, em Apucarana, n\u00f3s valorizamos a gest\u00e3o democr\u00e1tica,\u201d disse a secret\u00e1ria Marli Fernandes.<\/p>\n<p>O prefeito Junior da Femac, por seu turno, destacou que a educa\u00e7\u00e3o municipal apucaranense \u00e9 considerada refer\u00eancia no estado e no pa\u00eds. \u201cOs nossos estudantes obtiveram a melhor nota, entre os munic\u00edpios de m\u00e9dio e grande porte do Paran\u00e1, na \u00faltima edi\u00e7\u00e3o do IDEB (\u00cdndice de Desenvolvimento da Educa\u00e7\u00e3o B\u00e1sica), em 2021. E, no ano passado, um levantamento do portal QEdu tamb\u00e9m apontou que estamos em primeiro lugar no ranking paranaense, entre as cidades com mais de cem mil habitantes, que oferecem a melhor forma\u00e7\u00e3o, nas \u00e1reas de l\u00edngua portuguesa e matem\u00e1tica, \u00e0s suas crian\u00e7as. O Conselho Municipal de Educa\u00e7\u00e3o, por meio de seus membros, faz parte dessas conquistas!\u201d afirmou.<\/p>\n<p>Acompanharam ainda a solenidade os professores da rede estadual de ensino, Jorge Marques e Lic\u00ednio Martins Ramos da Silva, que est\u00e3o encerrando seus mandatos junto ao Conselho Municipal de Educa\u00e7\u00e3o. \u201cMuito obrigada a voc\u00eas pelo trabalho desempenhado nos \u00faltimos quatro anos, sobretudo no per\u00edodo da pandemia de Covid-19, que foi muito desafiador para a educa\u00e7\u00e3o,\u201d agradeceu a secret\u00e1ria Marli Fernandes.<\/p>\n<p>Conhe\u00e7a a nova composi\u00e7\u00e3o do Conselho Municipal de Educa\u00e7\u00e3o de Apucarana:<\/p>\n<p>PODER EXECUTIVO<br \/>\nTitular: Ivanildo da Silva<br \/>\nSuplente: La\u00e9rcio de Morais<br \/>\nTitular: Margarete Maria Baldini<br \/>\nSuplente: Lucas Antonio Chiarelli<\/p>\n<p>SECRETARIA MUNICIPAL DE A\u00c7\u00c3O SOCIAL<br \/>\nTitular: Susana Aparecida de Oliveira Soares Lima<br \/>\nSuplente: Brunno Balieiro Ferreira<\/p>\n<p>AUTARQUIA MUNICIPAL DE SA\u00daDE<br \/>\nTitular: Ang\u00e9lica Ferreira Domingues<br \/>\nSuplente: Adriana Prestes do Nascimento Pal\u00fa<\/p>\n<p>CONSELHO TUTELAR<br \/>\nTitular: Andr\u00e9 Reis Avelar<br \/>\nSuplente: Maria Luzinete Carvalho do Nascimento Pereira<\/p>\n<p>DIRETORES\/PROFESSORES DA REDE MUNICIPAL DE ENSINO<br \/>\nTitular: Ad\u00e9lia Rosina Alencar<br \/>\nSuplente: Amanda Cristina da Costa Tavares<\/p>\n<p>DIRETORES\/PROFESSORES DA REDE ESTADUAL DE ENSINO<br \/>\nTitular: Daniele Cristina Hegeto de Freitas Violin<br \/>\nSuplente: Robson Antonio Desider\u00e1<\/p>\n<p>FUNCION\u00c1RIOS DA REDE MUNICIPAL OU ESTADUAL DE ENSINO<br \/>\nTitular: Cristiane Costa Moreira<br \/>\nSuplente: Adalir Correia Martinez<\/p>\n<p>DIRETORES\/PROFESSORES DAS ESCOLAS PRIVADAS<br \/>\nTitular: Tiago Lu\u00eds de Almeida<br \/>\nSuplente: Fl\u00e1via Maria Pivetta Monteiro Rodrigues<\/p>\n<p>PAIS DE ALUNOS COM FREQU\u00caNCIA REGULAR NAS ESCOLAS DA REDE MUNICIPAL<br \/>\nTitular: Adriana Silva da Cunha<br \/>\nSuplente: Rafael L\u00facio de Souza<\/p>\n<p>ENSINO SUPERIOR P\u00daBLICO OU PRIVADO<br \/>\nTitular: Edmilson Antonio Canesin<br \/>\nSuplente: Vanessa Alves Bertolleti<\/p>\n<p>SOCIEDADE CIVIL ORGANIZADA DE APUCARANA<br \/>\nTitular: Edna Garcia Gomes Ferreira<br \/>\nSuplente: Sueli Gomes Reis Gon\u00e7alves<\/p>\n","protected":false},"excerpt":{"rendered":"<p>O prefeito Junior da Femac e a secret&aacute;ria Marli Fernandes deram posse, na manh&atilde; de hoje (7\/6), em solenidade realizada no gabinete do executivo, aos novos membros do Conselho Municipal de Educa&ccedil;&atilde;o de Apucarana (CMEA). Institu&iacute;do pela lei n&ordm; 149\/2014, o CMEA tem como principais atribui&ccedil;&otilde;es propor pol&iacute;ticas p&uacute;blicas para a educa&ccedil;&atilde;o, acompanhar o processo [&hellip;]<\/p>\n","protected":false},"author":8,"featured_media":82241,"comment_status":"closed","ping_status":"closed","sticky":false,"template":"","format":"standard","meta":{"footnotes":""},"categories":[24],"tags":[106,266,268,218,267,39],"class_list":["post-82221","post","type-post","status-publish","format-standard","has-post-thumbnail","hentry","category-noticias","tag-cmeis","tag-conselho-municipal-de-educacao","tag-escolas","tag-fe-esperanca-e-trabalho","tag-posse","tag-prefeitura-de-apucarana"],"acf":[],"_links":{"self":[{"href":"http:\/\/www.apucarana.pr.gov.br\/site\/wp-json\/wp\/v2\/posts\/82221","targetHints":{"allow":["GET"]}}],"collection":[{"href":"http:\/\/www.apucarana.pr.gov.br\/site\/wp-json\/wp\/v2\/posts"}],"about":[{"href":"http:\/\/www.apucarana.pr.gov.br\/site\/wp-json\/wp\/v2\/types\/post"}],"author":[{"embeddable":true,"href":"http:\/\/www.apucarana.pr.gov.br\/site\/wp-json\/wp\/v2\/users\/8"}],"replies":[{"embeddable":true,"href":"http:\/\/www.apucarana.pr.gov.br\/site\/wp-json\/wp\/v2\/comments?post=82221"}],"version-history":[{"count":3,"href":"http:\/\/www.apucarana.pr.gov.br\/site\/wp-json\/wp\/v2\/posts\/82221\/revisions"}],"predecessor-version":[{"id":82244,"href":"http:\/\/www.apucarana.pr.gov.br\/site\/wp-json\/wp\/v2\/posts\/82221\/revisions\/82244"}],"wp:featuredmedia":[{"embeddable":true,"href":"http:\/\/www.apucarana.pr.gov.br\/site\/wp-json\/wp\/v2\/media\/82241"}],"wp:attachment":[{"href":"http:\/\/www.apucarana.pr.gov.br\/site\/wp-json\/wp\/v2\/media?parent=82221"}],"wp:term":[{"taxonomy":"category","embeddable":true,"href":"http:\/\/www.apucarana.pr.gov.br\/site\/wp-json\/wp\/v2\/categories?post=82221"},{"taxonomy":"post_tag","embeddable":true,"href":"http:\/\/www.apucarana.pr.gov.br\/site\/wp-json\/wp\/v2\/tags?post=82221"}],"curies":[{"name":"wp","href":"https:\/\/api.w.org\/{rel}","templated":true}]}}