{"id":8215,"date":"2017-07-12T17:05:34","date_gmt":"2017-07-12T20:05:34","guid":{"rendered":"http:\/\/172.16.0.7\/site-antigo\/?p=8215"},"modified":"2024-10-08T09:14:49","modified_gmt":"2024-10-08T12:14:49","slug":"arraia-da-saude-reune-mais-de-200-pessoas","status":"publish","type":"post","link":"http:\/\/www.apucarana.pr.gov.br\/site\/arraia-da-saude-reune-mais-de-200-pessoas\/","title":{"rendered":"Arrai\u00e1 da Sa\u00fade re\u00fane mais de 200 pessoas"},"content":{"rendered":"<p>Trajes, comida e m\u00fasica t\u00edpicas; sorteio de brindes; concurso de melhor caracteriza\u00e7\u00e3o e muita anima\u00e7\u00e3o marcaram hoje a Festa Julina da Sa\u00fade, no centro comunit\u00e1rio da Par\u00f3quia Cristo Rei, no Jardim Diamantina. Com a participa\u00e7\u00e3o de cerca de 200 usu\u00e1rios do SUS que frequentam os grupos de atividade f\u00edsica das Unidades B\u00e1sicas de Sa\u00fade (UBSs), o Arrai\u00e1 da Sa\u00fade foi organizado pelos educadores f\u00edsicos do N\u00facleo de Apoio \u00e0 Sa\u00fade da Fam\u00edlia (Nasf) e do Programa de Resid\u00eancia Multiprofissional em Aten\u00e7\u00e3o B\u00e1sica\/Sa\u00fade da Fam\u00edlia, da Autarquia Municipal da Sa\u00fade.<br \/>\n\u201cA festa foi organizada para aquelas pessoas que frequentam os grupos de atividade f\u00edsica presentes em 22 UBSs, mas tamb\u00e9m estava aberta a toda comunidade. O resultado foi surpreendente, com a presen\u00e7a de mais de 200 pessoas muito animadas e participativas das atividades, como a quadrilha\u201d, comemora o educador f\u00edsico F\u00e1bio Jos\u00e9 Antonio da Silva.<br \/>\nDevidamente caracterizados para a ocasi\u00e3o, o casal Frida e Cantidio Andrade, de 80 e 77 anos, respectivamente, era s\u00f3 anima\u00e7\u00e3o no Arrai\u00e1 da Sa\u00fade. \u201cIsso est\u00e1 muito bom e divertido. Estamos aproveitando muito\u201d, disse Frida que junto com o marido faz parte do grupo de atividade f\u00edsica da UBS do N\u00facleo Parigot de Souza.<br \/>\n&nbsp;<\/p>\n","protected":false},"excerpt":{"rendered":"<p>Festa teve a participa\u00e7\u00e3o de usu\u00e1rios do SUS que frequentam os grupos de atividade f\u00edsica das Unidades B\u00e1sicas de Sa\u00fade (Fotos &#8211; Profeta) <\/p>\n","protected":false},"author":4,"featured_media":8214,"comment_status":"closed","ping_status":"open","sticky":false,"template":"","format":"standard","meta":{"footnotes":""},"categories":[24],"tags":[],"class_list":["post-8215","post","type-post","status-publish","format-standard","has-post-thumbnail","hentry","category-noticias"],"acf":[],"_links":{"self":[{"href":"http:\/\/www.apucarana.pr.gov.br\/site\/wp-json\/wp\/v2\/posts\/8215","targetHints":{"allow":["GET"]}}],"collection":[{"href":"http:\/\/www.apucarana.pr.gov.br\/site\/wp-json\/wp\/v2\/posts"}],"about":[{"href":"http:\/\/www.apucarana.pr.gov.br\/site\/wp-json\/wp\/v2\/types\/post"}],"author":[{"embeddable":true,"href":"http:\/\/www.apucarana.pr.gov.br\/site\/wp-json\/wp\/v2\/users\/4"}],"replies":[{"embeddable":true,"href":"http:\/\/www.apucarana.pr.gov.br\/site\/wp-json\/wp\/v2\/comments?post=8215"}],"version-history":[{"count":1,"href":"http:\/\/www.apucarana.pr.gov.br\/site\/wp-json\/wp\/v2\/posts\/8215\/revisions"}],"predecessor-version":[{"id":102228,"href":"http:\/\/www.apucarana.pr.gov.br\/site\/wp-json\/wp\/v2\/posts\/8215\/revisions\/102228"}],"wp:featuredmedia":[{"embeddable":true,"href":"http:\/\/www.apucarana.pr.gov.br\/site\/wp-json\/"}],"wp:attachment":[{"href":"http:\/\/www.apucarana.pr.gov.br\/site\/wp-json\/wp\/v2\/media?parent=8215"}],"wp:term":[{"taxonomy":"category","embeddable":true,"href":"http:\/\/www.apucarana.pr.gov.br\/site\/wp-json\/wp\/v2\/categories?post=8215"},{"taxonomy":"post_tag","embeddable":true,"href":"http:\/\/www.apucarana.pr.gov.br\/site\/wp-json\/wp\/v2\/tags?post=8215"}],"curies":[{"name":"wp","href":"https:\/\/api.w.org\/{rel}","templated":true}]}}