{"id":82134,"date":"2023-06-05T17:04:28","date_gmt":"2023-06-05T20:04:28","guid":{"rendered":"http:\/\/www.apucarana.pr.gov.br\/site\/?p=82134"},"modified":"2024-10-08T09:29:53","modified_gmt":"2024-10-08T12:29:53","slug":"dia-mundial-do-meio-ambiente-e-marcado-por-atividades-de-conscientizacao-nos-cmeis-e-escolas","status":"publish","type":"post","link":"http:\/\/www.apucarana.pr.gov.br\/site\/dia-mundial-do-meio-ambiente-e-marcado-por-atividades-de-conscientizacao-nos-cmeis-e-escolas\/","title":{"rendered":"Dia Mundial do Meio Ambiente \u00e9 marcado por atividades de conscientiza\u00e7\u00e3o nos CMEIs e Escolas"},"content":{"rendered":"\n\t\t<!-- MasterSlider -->\n\t\t<div id=\"P_MS69f52cab5946b\" class=\"master-slider-parent master-slider-gallery   ms-parent-id-0\" style=\"\" >\n\n\t\t\t\n\t\t\t<!-- MasterSlider Main -->\n\t\t\t<div id=\"MS69f52cab5946b\" class=\"master-slider ms-skin-default\" >\n\t\t\t\t \t\t\t\t \n\t\t\t<div  class=\"ms-slide\" data-delay=\"3\"    >\n\t\t\t\t\t<img decoding=\"async\" src=\"http:\/\/www.apucarana.pr.gov.br\/site\/wp-content\/plugins\/masterslider\/public\/assets\/css\/blank.gif\" alt=\"DIA DO MEIO AMBIENTE 4\" title=\"DIA DO MEIO AMBIENTE 4\" data-src=\"http:\/\/www.apucarana.pr.gov.br\/site\/wp-content\/uploads\/2023\/06\/DIA-DO-MEIO-AMBIENTE-4-1024x768.jpg\" \/>\n\t<a href=\"http:\/\/www.apucarana.pr.gov.br\/site\/wp-content\/uploads\/2023\/06\/DIA-DO-MEIO-AMBIENTE-4-1024x768.jpg\" target=\"_self\"    >DIA DO MEIO AMBIENTE 4<\/a>\n\n\n\t<img decoding=\"async\" class=\"ms-thumb\" src=\"http:\/\/www.apucarana.pr.gov.br\/site\/wp-content\/uploads\/2023\/06\/DIA-DO-MEIO-AMBIENTE-4-1024x768-140x80.jpg\" alt=\"DIA DO MEIO AMBIENTE 4\" \/>\n\t\t\t\t<\/div>\n\t\t\t<div  class=\"ms-slide\" data-delay=\"3\"    >\n\t\t\t\t\t<img decoding=\"async\" src=\"http:\/\/www.apucarana.pr.gov.br\/site\/wp-content\/plugins\/masterslider\/public\/assets\/css\/blank.gif\" alt=\"DIA DO MEIO AMBIENTE 2\" title=\"DIA DO MEIO AMBIENTE 2\" data-src=\"http:\/\/www.apucarana.pr.gov.br\/site\/wp-content\/uploads\/2023\/06\/DIA-DO-MEIO-AMBIENTE-2-1024x768.jpg\" \/>\n\t<a href=\"http:\/\/www.apucarana.pr.gov.br\/site\/wp-content\/uploads\/2023\/06\/DIA-DO-MEIO-AMBIENTE-2-1024x768.jpg\" target=\"_self\"    >DIA DO MEIO AMBIENTE 2<\/a>\n\n\n\t<img decoding=\"async\" class=\"ms-thumb\" src=\"http:\/\/www.apucarana.pr.gov.br\/site\/wp-content\/uploads\/2023\/06\/DIA-DO-MEIO-AMBIENTE-2-1024x768-140x80.jpg\" alt=\"DIA DO MEIO AMBIENTE 2\" \/>\n\t\t\t\t<\/div>\n\t\t\t<div  class=\"ms-slide\" data-delay=\"3\"    >\n\t\t\t\t\t<img decoding=\"async\" src=\"http:\/\/www.apucarana.pr.gov.br\/site\/wp-content\/plugins\/masterslider\/public\/assets\/css\/blank.gif\" alt=\"DIA DO MEIO AMBIENTE 1\" title=\"DIA DO MEIO AMBIENTE 1\" data-src=\"http:\/\/www.apucarana.pr.gov.br\/site\/wp-content\/uploads\/2023\/06\/DIA-DO-MEIO-AMBIENTE-1-1024x768.jpg\" \/>\n\t<a href=\"http:\/\/www.apucarana.pr.gov.br\/site\/wp-content\/uploads\/2023\/06\/DIA-DO-MEIO-AMBIENTE-1-1024x768.jpg\" target=\"_self\"    >DIA DO MEIO AMBIENTE 1<\/a>\n\n\n\t<img decoding=\"async\" class=\"ms-thumb\" src=\"http:\/\/www.apucarana.pr.gov.br\/site\/wp-content\/uploads\/2023\/06\/DIA-DO-MEIO-AMBIENTE-1-1024x768-140x80.jpg\" alt=\"DIA DO MEIO AMBIENTE 1\" \/>\n\t\t\t\t<\/div>\n\t\t\t<div  class=\"ms-slide\" data-delay=\"3\"    >\n\t\t\t\t\t<img decoding=\"async\" src=\"http:\/\/www.apucarana.pr.gov.br\/site\/wp-content\/plugins\/masterslider\/public\/assets\/css\/blank.gif\" alt=\"IMG_5866\" title=\"IMG_5866\" data-src=\"http:\/\/www.apucarana.pr.gov.br\/site\/wp-content\/uploads\/2023\/06\/IMG_5866-1024x683.jpg\" \/>\n\t<a href=\"http:\/\/www.apucarana.pr.gov.br\/site\/wp-content\/uploads\/2023\/06\/IMG_5866-1024x683.jpg\" target=\"_self\"    >IMG_5866<\/a>\n\n\n\t<img decoding=\"async\" class=\"ms-thumb\" src=\"http:\/\/www.apucarana.pr.gov.br\/site\/wp-content\/uploads\/2023\/06\/IMG_5866-1024x683-140x80.jpg\" alt=\"IMG_5866\" \/>\n\t\t\t\t<\/div>\n\t\t\t<div  class=\"ms-slide\" data-delay=\"3\"    >\n\t\t\t\t\t<img decoding=\"async\" src=\"http:\/\/www.apucarana.pr.gov.br\/site\/wp-content\/plugins\/masterslider\/public\/assets\/css\/blank.gif\" alt=\"IMG_5828\" title=\"IMG_5828\" data-src=\"http:\/\/www.apucarana.pr.gov.br\/site\/wp-content\/uploads\/2023\/06\/IMG_5828-1024x683.jpg\" \/>\n\t<a href=\"http:\/\/www.apucarana.pr.gov.br\/site\/wp-content\/uploads\/2023\/06\/IMG_5828-1024x683.jpg\" target=\"_self\"    >IMG_5828<\/a>\n\n\n\t<img decoding=\"async\" class=\"ms-thumb\" src=\"http:\/\/www.apucarana.pr.gov.br\/site\/wp-content\/uploads\/2023\/06\/IMG_5828-1024x683-140x80.jpg\" alt=\"IMG_5828\" \/>\n\t\t\t\t<\/div>\n\t\t\t<div  class=\"ms-slide\" data-delay=\"3\"    >\n\t\t\t\t\t<img decoding=\"async\" src=\"http:\/\/www.apucarana.pr.gov.br\/site\/wp-content\/plugins\/masterslider\/public\/assets\/css\/blank.gif\" alt=\"IMG_5910\" title=\"IMG_5910\" data-src=\"http:\/\/www.apucarana.pr.gov.br\/site\/wp-content\/uploads\/2023\/06\/IMG_5910-1024x683.jpg\" \/>\n\t<a href=\"http:\/\/www.apucarana.pr.gov.br\/site\/wp-content\/uploads\/2023\/06\/IMG_5910-1024x683.jpg\" target=\"_self\"    >IMG_5910<\/a>\n\n\n\t<img decoding=\"async\" class=\"ms-thumb\" src=\"http:\/\/www.apucarana.pr.gov.br\/site\/wp-content\/uploads\/2023\/06\/IMG_5910-1024x683-140x80.jpg\" alt=\"IMG_5910\" \/>\n\t\t\t\t<\/div>\n\t\t\t<div  class=\"ms-slide\" data-delay=\"3\"    >\n\t\t\t\t\t<img decoding=\"async\" src=\"http:\/\/www.apucarana.pr.gov.br\/site\/wp-content\/plugins\/masterslider\/public\/assets\/css\/blank.gif\" alt=\"IMG_5812\" title=\"IMG_5812\" data-src=\"http:\/\/www.apucarana.pr.gov.br\/site\/wp-content\/uploads\/2023\/06\/IMG_5812-1024x683.jpg\" \/>\n\t<a href=\"http:\/\/www.apucarana.pr.gov.br\/site\/wp-content\/uploads\/2023\/06\/IMG_5812-1024x683.jpg\" target=\"_self\"    >IMG_5812<\/a>\n\n\n\t<img decoding=\"async\" class=\"ms-thumb\" src=\"http:\/\/www.apucarana.pr.gov.br\/site\/wp-content\/uploads\/2023\/06\/IMG_5812-1024x683-140x80.jpg\" alt=\"IMG_5812\" \/>\n\t\t\t\t<\/div>\n\t\t\t<div  class=\"ms-slide\" data-delay=\"3\"    >\n\t\t\t\t\t<img decoding=\"async\" src=\"http:\/\/www.apucarana.pr.gov.br\/site\/wp-content\/plugins\/masterslider\/public\/assets\/css\/blank.gif\" alt=\"IMG_5798\" title=\"IMG_5798\" data-src=\"http:\/\/www.apucarana.pr.gov.br\/site\/wp-content\/uploads\/2023\/06\/IMG_5798-1024x683.jpg\" \/>\n\t<a href=\"http:\/\/www.apucarana.pr.gov.br\/site\/wp-content\/uploads\/2023\/06\/IMG_5798-1024x683.jpg\" target=\"_self\"    >IMG_5798<\/a>\n\n\n\t<img decoding=\"async\" class=\"ms-thumb\" src=\"http:\/\/www.apucarana.pr.gov.br\/site\/wp-content\/uploads\/2023\/06\/IMG_5798-1024x683-140x80.jpg\" alt=\"IMG_5798\" \/>\n\t\t\t\t<\/div>\n\t\t\t<div  class=\"ms-slide\" data-delay=\"3\"    >\n\t\t\t\t\t<img decoding=\"async\" src=\"http:\/\/www.apucarana.pr.gov.br\/site\/wp-content\/plugins\/masterslider\/public\/assets\/css\/blank.gif\" alt=\"IMG_5885\" title=\"IMG_5885\" data-src=\"http:\/\/www.apucarana.pr.gov.br\/site\/wp-content\/uploads\/2023\/06\/IMG_5885-1024x683.jpg\" \/>\n\t<a href=\"http:\/\/www.apucarana.pr.gov.br\/site\/wp-content\/uploads\/2023\/06\/IMG_5885-1024x683.jpg\" target=\"_self\"    >IMG_5885<\/a>\n\n\n\t<img decoding=\"async\" class=\"ms-thumb\" src=\"http:\/\/www.apucarana.pr.gov.br\/site\/wp-content\/uploads\/2023\/06\/IMG_5885-1024x683-140x80.jpg\" alt=\"IMG_5885\" \/>\n\t\t\t\t<\/div>\n\n\t\t\t<\/div>\n\t\t\t<!-- END MasterSlider Main -->\n\n\t\t\t \n\t\t<\/div>\n\t\t<!-- END MasterSlider -->\n\n\t\t<script>\n\t\t( window.MSReady = window.MSReady || [] ).push( function( $ ) {\n\n\t\t\t\"use strict\";\n\t\t\tvar masterslider_946b = new MasterSlider();\n\n\t\t\t\/\/ slider controls\n\t\t\tmasterslider_946b.control('arrows'     ,{ autohide:true, overVideo:true  });\n\t\t\tmasterslider_946b.control('thumblist'  ,{ autohide:false, overVideo:true, dir:'h', speed:17, inset:false, arrows:false, hover:false, customClass:'', align:'bottom',type:'thumbs', margin:2, width:140, height:80, space:2, fillMode:'fill'  });\n\t\t\t\/\/ slider setup\n\t\t\tmasterslider_946b.setup(\"MS69f52cab5946b\", {\n\t\t\t\twidth           : 960,\n\t\t\t\theight          : 540,\n\t\t\t\tminHeight       : 0,\n\t\t\t\tspace           : 0,\n\t\t\t\tstart           : 1,\n\t\t\t\tgrabCursor      : true,\n\t\t\t\tswipe           : true,\n\t\t\t\tmouse           : true,\n\t\t\t\tkeyboard        : false,\n\t\t\t\tlayout          : \"fillwidth\",\n\t\t\t\twheel           : false,\n\t\t\t\tautoplay        : true,\n                instantStartLayers:false,\n\t\t\t\tmobileBGVideo:false,\n\t\t\t\tloop            : true,\n\t\t\t\tshuffle         : false,\n\t\t\t\tpreload         : 3,\n\t\t\t\theightLimit     : false,\n\t\t\t\tautoHeight      : false,\n\t\t\t\tsmoothHeight    : true,\n\t\t\t\tendPause        : false,\n\t\t\t\toverPause       : false,\n\t\t\t\tfillMode        : \"fill\",\n\t\t\t\tcenterControls  : true,\n\t\t\t\tstartOnAppear   : false,\n\t\t\t\tlayersMode      : \"center\",\n\t\t\t\tautofillTarget  : \"\",\n\t\t\t\thideLayers      : false,\n\t\t\t\tfullscreenMargin: 0,\n\t\t\t\tspeed           : 17,\n\t\t\t\tdir             : \"h\",\n\t\t\t\tresponsive      : true,\n\t\t\t\ttabletWidth     : 768,\n\t\t\t\ttabletHeight    : null,\n\t\t\t\tphoneWidth      : 480,\n\t\t\t\tphoneHeight    : null,\n\t\t\t\tsizingReference : window,\n\t\t\t\tparallaxMode    : 'swipe',\n\t\t\t\tview            : \"basic\"\n\t\t\t});\n\n\t\t\t\n\t\t\twindow.masterslider_instances = window.masterslider_instances || [];\n\t\t\twindow.masterslider_instances.push( masterslider_946b );\n\t\t});\n\t\t<\/script>\n\n\n<p>O Dia Mundial do Meio Ambiente \u00e9 celebrado em 5 de junho. Institu\u00edda pela Organiza\u00e7\u00e3o das Na\u00e7\u00f5es Unidas (ONU) em 1972, a data visa conscientizar a popula\u00e7\u00e3o sobre a import\u00e2ncia da preserva\u00e7\u00e3o dos recursos naturais. Em Apucarana, os 24 centros infantis (CMEIs) e 36 escolas da rede municipal de educa\u00e7\u00e3o promoveram atividades alusivas ao tema nesta segunda-feira (5\/6). O prefeito Junior da Femac e a secret\u00e1ria Marli Fernandes acompanharam o plantio de girass\u00f3is na Escola Augusto Weyand e a distribui\u00e7\u00e3o de mudas de \u00e1rvores frut\u00edferas na Escola Professora Marta Pereira da Silva.<\/p>\n<p>\u201cN\u00f3s vivemos em um munic\u00edpio privilegiado por Deus com uma natureza muito rica. Para que voc\u00eas tenham ideia, Apucarana \u00e9 cortada por tr\u00eas bacias hidrogr\u00e1ficas \u2013 Pirap\u00f3, Iva\u00ed e Tibagi \u2013 e possui dois tipos de vegeta\u00e7\u00e3o nativa \u2013 a Mata Atl\u00e2ntica e a Mata das Arauc\u00e1rias. A altitude em que a cidade se encontra, h\u00e1 quase mil metros acima do n\u00edvel do mar, tamb\u00e9m confere ao nosso meio ambiente caracter\u00edsticas \u00fanicas,\u201d explicou o prefeito Junior da Femac aos estudantes.<\/p>\n<p>A secret\u00e1ria Marli Fernandes acrescentou que a Educa\u00e7\u00e3o Ambiental faz parte do curr\u00edculo da rede municipal de educa\u00e7\u00e3o. \u201cN\u00f3s desenvolvemos o projeto Sementes do Futuro com os mais de doze mil estudantes da nossa rede, matriculados tanto nos CMEIs como nas Escolas. Em cada s\u00e9rie, eles aprendem conte\u00fados diferentes, como a separar corretamente o lixo, a fazer compostagem, a plantar e cultivar hortas e jardins e a utilizar racionalmente os recursos h\u00eddricos. O objetivo \u00e9 que, ao chegarem ao 5\u00ba Ano do Ensino Fundamental, as crian\u00e7as tenham participado de todas as atividades e aprendido que a preserva\u00e7\u00e3o do meio ambiente depende das a\u00e7\u00f5es cotidianas de cada um de n\u00f3s,\u201d afirmou.<\/p>\n<p>Na manh\u00e3 de hoje, os estudantes do 5\u00ba Ano plantaram girass\u00f3is no terreno da Escola Municipal Augusto Weyand. O canteiro foi adubado com o h\u00famus da compostagem feita pela pr\u00f3pria turma.<\/p>\n<p>\u201cPrimeiramente, a gente buscou terra com minhocas l\u00e1 no Col\u00e9gio Agr\u00edcola. Depois, fomos separando o lixo e colocando restos de alimentos na composteira. Eu gostei bastante do projeto e vou levar essa experi\u00eancia para a minha vida,\u201d detalhou a estudante Maria Rita Bertasso da Fonseca.<\/p>\n<p>A Escola Municipal Professora Marta Pereira da Silva, por seu turno, distribuiu mudas de \u00e1rvores frut\u00edferas aos estudantes das turmas de 3\u00ba, 4\u00ba e 5\u00ba Ano. \u201cA professora combinou com as crian\u00e7as que elas devem levar as mudas para casa, plant\u00e1-las com o aux\u00edlio da fam\u00edlia e registrar a atividade por meio de fotos. Eu aproveito para agradecer \u00e0 Secretaria de Meio Ambiente que disponibilizou as plantas para a escola, por meio do Horto Municipal,\u201d acrescentou a secret\u00e1ria Marli Fernandes.<\/p>\n<p>O prefeito Junior da Femac ainda destacou que o munic\u00edpio mant\u00e9m diversos programas de cuidado com o meio ambiente. \u201cO programa Apucarana Mais Verde, da Secretaria Municipal de Meio Ambiente, por exemplo, congrega a\u00e7\u00f5es como a coleta de pneus inserv\u00edveis, o recebimento de res\u00edduos t\u00eaxteis, o plantio de \u00e1rvores e a soltura de alevinos nos lagos e rios. J\u00e1 a Secret\u00e1ria Municipal de Agricultura tem o programa Feira Verde, que possibilita que a popula\u00e7\u00e3o troque materiais recicl\u00e1veis, como papel, papel\u00e3o e pl\u00e1stico, por produtos hortifrutigranjeiros. E a Autarquia Municipal de Educa\u00e7\u00e3o desenvolve esse belo trabalho de conscientiza\u00e7\u00e3o ambiental com as nossas crian\u00e7as,\u201d concluiu.<\/p>\n","protected":false},"excerpt":{"rendered":"<p>O Dia Mundial do Meio Ambiente &eacute; celebrado em 5 de junho. Institu&iacute;da pela Organiza&ccedil;&atilde;o das Na&ccedil;&otilde;es Unidas (ONU) em 1972, a data visa conscientizar a popula&ccedil;&atilde;o sobre a import&acirc;ncia da preserva&ccedil;&atilde;o dos recursos naturais. Em Apucarana, os 24 centros infantis (CMEIs) e 36 escolas da rede municipal de educa&ccedil;&atilde;o promoveram atividades alusivas ao tema [&hellip;]<\/p>\n","protected":false},"author":8,"featured_media":82139,"comment_status":"closed","ping_status":"closed","sticky":false,"template":"","format":"standard","meta":{"footnotes":""},"categories":[24],"tags":[262,263,261,265,264,218,39,183],"class_list":["post-82134","post","type-post","status-publish","format-standard","has-post-thumbnail","hentry","category-noticias","tag-biodiversidade","tag-desenvolvimento-sustentavel","tag-dia-do-meio-ambiente","tag-ecossistema","tag-educacao-ambiental","tag-fe-esperanca-e-trabalho","tag-prefeitura-de-apucarana","tag-preservacao-ambiental"],"acf":[],"_links":{"self":[{"href":"http:\/\/www.apucarana.pr.gov.br\/site\/wp-json\/wp\/v2\/posts\/82134","targetHints":{"allow":["GET"]}}],"collection":[{"href":"http:\/\/www.apucarana.pr.gov.br\/site\/wp-json\/wp\/v2\/posts"}],"about":[{"href":"http:\/\/www.apucarana.pr.gov.br\/site\/wp-json\/wp\/v2\/types\/post"}],"author":[{"embeddable":true,"href":"http:\/\/www.apucarana.pr.gov.br\/site\/wp-json\/wp\/v2\/users\/8"}],"replies":[{"embeddable":true,"href":"http:\/\/www.apucarana.pr.gov.br\/site\/wp-json\/wp\/v2\/comments?post=82134"}],"version-history":[{"count":1,"href":"http:\/\/www.apucarana.pr.gov.br\/site\/wp-json\/wp\/v2\/posts\/82134\/revisions"}],"predecessor-version":[{"id":82144,"href":"http:\/\/www.apucarana.pr.gov.br\/site\/wp-json\/wp\/v2\/posts\/82134\/revisions\/82144"}],"wp:featuredmedia":[{"embeddable":true,"href":"http:\/\/www.apucarana.pr.gov.br\/site\/wp-json\/wp\/v2\/media\/82139"}],"wp:attachment":[{"href":"http:\/\/www.apucarana.pr.gov.br\/site\/wp-json\/wp\/v2\/media?parent=82134"}],"wp:term":[{"taxonomy":"category","embeddable":true,"href":"http:\/\/www.apucarana.pr.gov.br\/site\/wp-json\/wp\/v2\/categories?post=82134"},{"taxonomy":"post_tag","embeddable":true,"href":"http:\/\/www.apucarana.pr.gov.br\/site\/wp-json\/wp\/v2\/tags?post=82134"}],"curies":[{"name":"wp","href":"https:\/\/api.w.org\/{rel}","templated":true}]}}