{"id":82105,"date":"2023-06-05T16:19:48","date_gmt":"2023-06-05T19:19:48","guid":{"rendered":"http:\/\/www.apucarana.pr.gov.br\/site\/?p=82105"},"modified":"2024-10-08T09:29:54","modified_gmt":"2024-10-08T12:29:54","slug":"apucarana-se-classifica-no-futsal-e-no-volei-na-fase-regional-dos-jojups","status":"publish","type":"post","link":"http:\/\/www.apucarana.pr.gov.br\/site\/apucarana-se-classifica-no-futsal-e-no-volei-na-fase-regional-dos-jojups\/","title":{"rendered":"Apucarana se classifica no futsal e no v\u00f4lei na fase regional dos Jojups"},"content":{"rendered":"\n\t\t<!-- MasterSlider -->\n\t\t<div id=\"P_MS69f52cb8f187f\" class=\"master-slider-parent master-slider-gallery   ms-parent-id-0\" style=\"\" >\n\n\t\t\t\n\t\t\t<!-- MasterSlider Main -->\n\t\t\t<div id=\"MS69f52cb8f187f\" class=\"master-slider ms-skin-default\" >\n\t\t\t\t \t\t\t\t \n\t\t\t<div  class=\"ms-slide\" data-delay=\"3\"    >\n\t\t\t\t\t<img decoding=\"async\" src=\"http:\/\/www.apucarana.pr.gov.br\/site\/wp-content\/plugins\/masterslider\/public\/assets\/css\/blank.gif\" alt=\"WhatsApp Image 2023-06-05 at 11.14.41\" title=\"WhatsApp Image 2023-06-05 at 11.14.41\" data-src=\"http:\/\/www.apucarana.pr.gov.br\/site\/wp-content\/uploads\/2023\/06\/WhatsApp-Image-2023-06-05-at-11.14.41-1024x668.jpeg\" \/>\n\t<a href=\"http:\/\/www.apucarana.pr.gov.br\/site\/wp-content\/uploads\/2023\/06\/WhatsApp-Image-2023-06-05-at-11.14.41-1024x668.jpeg\" target=\"_self\"    >WhatsApp Image 2023-06-05 at 11.14.41<\/a>\n\n\n\t<img decoding=\"async\" class=\"ms-thumb\" src=\"http:\/\/www.apucarana.pr.gov.br\/site\/wp-content\/uploads\/2023\/06\/WhatsApp-Image-2023-06-05-at-11.14.41-1024x668-140x80.jpeg\" alt=\"WhatsApp Image 2023-06-05 at 11.14.41\" \/>\n\t\t\t\t<\/div>\n\t\t\t<div  class=\"ms-slide\" data-delay=\"3\"    >\n\t\t\t\t\t<img decoding=\"async\" src=\"http:\/\/www.apucarana.pr.gov.br\/site\/wp-content\/plugins\/masterslider\/public\/assets\/css\/blank.gif\" alt=\"WhatsApp Image 2023-06-05 at 11.15.42\" title=\"WhatsApp Image 2023-06-05 at 11.15.42\" data-src=\"http:\/\/www.apucarana.pr.gov.br\/site\/wp-content\/uploads\/2023\/06\/WhatsApp-Image-2023-06-05-at-11.15.42-1-1024x697.jpeg\" \/>\n\t<a href=\"http:\/\/www.apucarana.pr.gov.br\/site\/wp-content\/uploads\/2023\/06\/WhatsApp-Image-2023-06-05-at-11.15.42-1-1024x697.jpeg\" target=\"_self\"    >WhatsApp Image 2023-06-05 at 11.15.42<\/a>\n\n\n\t<img decoding=\"async\" class=\"ms-thumb\" src=\"http:\/\/www.apucarana.pr.gov.br\/site\/wp-content\/uploads\/2023\/06\/WhatsApp-Image-2023-06-05-at-11.15.42-1-1024x697-140x80.jpeg\" alt=\"WhatsApp Image 2023-06-05 at 11.15.42\" \/>\n\t\t\t\t<\/div>\n\t\t\t<div  class=\"ms-slide\" data-delay=\"3\"    >\n\t\t\t\t\t<img decoding=\"async\" src=\"http:\/\/www.apucarana.pr.gov.br\/site\/wp-content\/plugins\/masterslider\/public\/assets\/css\/blank.gif\" alt=\"WhatsApp Image 2023-06-05 at 11.17.05\" title=\"WhatsApp Image 2023-06-05 at 11.17.05\" data-src=\"http:\/\/www.apucarana.pr.gov.br\/site\/wp-content\/uploads\/2023\/06\/WhatsApp-Image-2023-06-05-at-11.17.05-1024x713.jpeg\" \/>\n\t<a href=\"http:\/\/www.apucarana.pr.gov.br\/site\/wp-content\/uploads\/2023\/06\/WhatsApp-Image-2023-06-05-at-11.17.05-1024x713.jpeg\" target=\"_self\"    >WhatsApp Image 2023-06-05 at 11.17.05<\/a>\n\n\n\t<img decoding=\"async\" class=\"ms-thumb\" src=\"http:\/\/www.apucarana.pr.gov.br\/site\/wp-content\/uploads\/2023\/06\/WhatsApp-Image-2023-06-05-at-11.17.05-1024x713-140x80.jpeg\" alt=\"WhatsApp Image 2023-06-05 at 11.17.05\" \/>\n\t\t\t\t<\/div>\n\t\t\t<div  class=\"ms-slide\" data-delay=\"3\"    >\n\t\t\t\t\t<img decoding=\"async\" src=\"http:\/\/www.apucarana.pr.gov.br\/site\/wp-content\/plugins\/masterslider\/public\/assets\/css\/blank.gif\" alt=\"WhatsApp Image 2023-06-05 at 11.19.18\" title=\"WhatsApp Image 2023-06-05 at 11.19.18\" data-src=\"http:\/\/www.apucarana.pr.gov.br\/site\/wp-content\/uploads\/2023\/06\/WhatsApp-Image-2023-06-05-at-11.19.18.jpeg\" \/>\n\t<a href=\"http:\/\/www.apucarana.pr.gov.br\/site\/wp-content\/uploads\/2023\/06\/WhatsApp-Image-2023-06-05-at-11.19.18.jpeg\" target=\"_self\"    >WhatsApp Image 2023-06-05 at 11.19.18<\/a>\n\n\n\t<img decoding=\"async\" class=\"ms-thumb\" src=\"http:\/\/www.apucarana.pr.gov.br\/site\/wp-content\/uploads\/2023\/06\/WhatsApp-Image-2023-06-05-at-11.19.18-140x80.jpeg\" alt=\"WhatsApp Image 2023-06-05 at 11.19.18\" \/>\n\t\t\t\t<\/div>\n\t\t\t<div  class=\"ms-slide\" data-delay=\"3\"    >\n\t\t\t\t\t<img decoding=\"async\" src=\"http:\/\/www.apucarana.pr.gov.br\/site\/wp-content\/plugins\/masterslider\/public\/assets\/css\/blank.gif\" alt=\"WhatsApp Image 2023-06-05 at 14.04.34\" title=\"WhatsApp Image 2023-06-05 at 14.04.34\" data-src=\"http:\/\/www.apucarana.pr.gov.br\/site\/wp-content\/uploads\/2023\/06\/WhatsApp-Image-2023-06-05-at-14.04.34-1024x731.jpeg\" \/>\n\t<a href=\"http:\/\/www.apucarana.pr.gov.br\/site\/wp-content\/uploads\/2023\/06\/WhatsApp-Image-2023-06-05-at-14.04.34-1024x731.jpeg\" target=\"_self\"    >WhatsApp Image 2023-06-05 at 14.04.34<\/a>\n\n\n\t<img decoding=\"async\" class=\"ms-thumb\" src=\"http:\/\/www.apucarana.pr.gov.br\/site\/wp-content\/uploads\/2023\/06\/WhatsApp-Image-2023-06-05-at-14.04.34-1024x731-140x80.jpeg\" alt=\"WhatsApp Image 2023-06-05 at 14.04.34\" \/>\n\t\t\t\t<\/div>\n\n\t\t\t<\/div>\n\t\t\t<!-- END MasterSlider Main -->\n\n\t\t\t \n\t\t<\/div>\n\t\t<!-- END MasterSlider -->\n\n\t\t<script>\n\t\t( window.MSReady = window.MSReady || [] ).push( function( $ ) {\n\n\t\t\t\"use strict\";\n\t\t\tvar masterslider_187f = new MasterSlider();\n\n\t\t\t\/\/ slider controls\n\t\t\tmasterslider_187f.control('arrows'     ,{ autohide:true, overVideo:true  });\n\t\t\tmasterslider_187f.control('thumblist'  ,{ autohide:false, overVideo:true, dir:'h', speed:17, inset:false, arrows:false, hover:false, customClass:'', align:'bottom',type:'thumbs', margin:2, width:140, height:80, space:2, fillMode:'fill'  });\n\t\t\t\/\/ slider setup\n\t\t\tmasterslider_187f.setup(\"MS69f52cb8f187f\", {\n\t\t\t\twidth           : 960,\n\t\t\t\theight          : 540,\n\t\t\t\tminHeight       : 0,\n\t\t\t\tspace           : 0,\n\t\t\t\tstart           : 1,\n\t\t\t\tgrabCursor      : true,\n\t\t\t\tswipe           : true,\n\t\t\t\tmouse           : true,\n\t\t\t\tkeyboard        : false,\n\t\t\t\tlayout          : \"fillwidth\",\n\t\t\t\twheel           : false,\n\t\t\t\tautoplay        : true,\n                instantStartLayers:false,\n\t\t\t\tmobileBGVideo:false,\n\t\t\t\tloop            : true,\n\t\t\t\tshuffle         : false,\n\t\t\t\tpreload         : 3,\n\t\t\t\theightLimit     : false,\n\t\t\t\tautoHeight      : false,\n\t\t\t\tsmoothHeight    : true,\n\t\t\t\tendPause        : false,\n\t\t\t\toverPause       : false,\n\t\t\t\tfillMode        : \"fill\",\n\t\t\t\tcenterControls  : true,\n\t\t\t\tstartOnAppear   : false,\n\t\t\t\tlayersMode      : \"center\",\n\t\t\t\tautofillTarget  : \"\",\n\t\t\t\thideLayers      : false,\n\t\t\t\tfullscreenMargin: 0,\n\t\t\t\tspeed           : 17,\n\t\t\t\tdir             : \"h\",\n\t\t\t\tresponsive      : true,\n\t\t\t\ttabletWidth     : 768,\n\t\t\t\ttabletHeight    : null,\n\t\t\t\tphoneWidth      : 480,\n\t\t\t\tphoneHeight    : null,\n\t\t\t\tsizingReference : window,\n\t\t\t\tparallaxMode    : 'swipe',\n\t\t\t\tview            : \"basic\"\n\t\t\t});\n\n\t\t\t\n\t\t\twindow.masterslider_instances = window.masterslider_instances || [];\n\t\t\twindow.masterslider_instances.push( masterslider_187f );\n\t\t});\n\t\t<\/script>\n\n\n<p>As equipes de futsal masculino e feminino e de voleibol feminino de Apucarana se classificaram nesse final de semana para a segunda e decisiva etapa da 35\u00aa edi\u00e7\u00e3o da fase regional dos Jogos da Juventude do Paran\u00e1 (Jojups), que acontecer\u00e1 de 23 a 25 de junho em Centen\u00e1rio do Sul. Os campe\u00f5es de cada modalidade garantem vagas para a macrorregional que ocorrer\u00e1 de 17 a 20 de agosto em Ibipor\u00e3.<\/p>\n<p>\u201cDas cinco equipes que representaram Apucarana na primeira etapa dos Jojups, tr\u00eas conseguiram avan\u00e7ar para a fase decisiva que acontecer\u00e1 no final desse m\u00eas e que com certeza lutar\u00e3o por vagas na macrorregional. Tamb\u00e9m no final de junho teremos as estreias nas categorias masculina e feminina do handebol, com todos os times contando com apoio total do prefeito Junior da Femac\u201d, destaca o professor Tom Barros, secret\u00e1rio municipal de Esportes de Apucarana.<\/p>\n<p>Na etapa inicial do futsal pela categoria masculina, o time de Apucarana venceu Guaraci por 2 a 1 e derrotou Sab\u00e1udia por 3 a 0. Na mesma modalidade na categoria feminina, Apucarana tamb\u00e9m conquistou duas vit\u00f3rias derrotando Guaraci por 5 a 3 e goleando Centen\u00e1rio do Sul pelo placar de 4 a 1.<\/p>\n<p>No dia 23 de junho, \u00e0s 14h15, em Centen\u00e1rio do Sul, Apucarana joga contra Rol\u00e2ndia pelas quartas de final do futsal masculino. J\u00e1 no dia 24 de junho, \u00e0s 13 horas, na semifinal do futsal feminino, Apucarana enfrenta Jaguapit\u00e3.<\/p>\n<p>Na primeira etapa do voleibol feminino, a equipe apucaranense conseguiu tr\u00eas triunfos em Centen\u00e1rio do Sul, vencendo por 2 sets a 0 os times de Florest\u00f3polis, Lupion\u00f3polis e Porecatu. No dia 24 de junho, \u00e0s 14 horas, Apucarana duela contra Camb\u00e9 na semifinal da modalidade.<\/p>\n<p>Tamb\u00e9m nesse final de semana, Apucarana competiu nas modalidades de basquetebol masculino e voleibol masculino. A equipe de basquetebol perdeu para as agremia\u00e7\u00f5es de Camb\u00e9 e Arapongas, enquanto o voleibol foi derrotado pelos times de Bom Sucesso e Arapongas.<\/p>\n<p>A modalidade de handebol na fase regional dos Jojups iniciar\u00e1 no dia 23 de junho no Gin\u00e1sio de Esportes \u00c1lvaro Martins de Azevedo, em Centen\u00e1rio do Sul. \u00c0s 8h30, Apucarana encara Alvorada do Sul na categoria feminina. Em seguida, \u00e0s 9h50, na categoria masculina, Apucarana joga contra Arapongas.<\/p>\n<p><strong>\u00a0<\/strong><\/p>\n","protected":false},"excerpt":{"rendered":"<p>As equipes de futsal masculino e feminino e de voleibol feminino de Apucarana se classificaram nesse final de semana para a segunda e decisiva etapa da 35&ordf; edi&ccedil;&atilde;o da fase regional dos Jogos da Juventude do Paran&aacute; (Jojups), que acontecer&aacute; de 23 a 25 de junho em Centen&aacute;rio do Sul. Os campe&otilde;es de cada modalidade [&hellip;]<\/p>\n","protected":false},"author":12,"featured_media":82108,"comment_status":"closed","ping_status":"closed","sticky":false,"template":"","format":"standard","meta":{"footnotes":""},"categories":[24],"tags":[],"class_list":["post-82105","post","type-post","status-publish","format-standard","has-post-thumbnail","hentry","category-noticias"],"acf":[],"_links":{"self":[{"href":"http:\/\/www.apucarana.pr.gov.br\/site\/wp-json\/wp\/v2\/posts\/82105","targetHints":{"allow":["GET"]}}],"collection":[{"href":"http:\/\/www.apucarana.pr.gov.br\/site\/wp-json\/wp\/v2\/posts"}],"about":[{"href":"http:\/\/www.apucarana.pr.gov.br\/site\/wp-json\/wp\/v2\/types\/post"}],"author":[{"embeddable":true,"href":"http:\/\/www.apucarana.pr.gov.br\/site\/wp-json\/wp\/v2\/users\/12"}],"replies":[{"embeddable":true,"href":"http:\/\/www.apucarana.pr.gov.br\/site\/wp-json\/wp\/v2\/comments?post=82105"}],"version-history":[{"count":1,"href":"http:\/\/www.apucarana.pr.gov.br\/site\/wp-json\/wp\/v2\/posts\/82105\/revisions"}],"predecessor-version":[{"id":82115,"href":"http:\/\/www.apucarana.pr.gov.br\/site\/wp-json\/wp\/v2\/posts\/82105\/revisions\/82115"}],"wp:featuredmedia":[{"embeddable":true,"href":"http:\/\/www.apucarana.pr.gov.br\/site\/wp-json\/wp\/v2\/media\/82108"}],"wp:attachment":[{"href":"http:\/\/www.apucarana.pr.gov.br\/site\/wp-json\/wp\/v2\/media?parent=82105"}],"wp:term":[{"taxonomy":"category","embeddable":true,"href":"http:\/\/www.apucarana.pr.gov.br\/site\/wp-json\/wp\/v2\/categories?post=82105"},{"taxonomy":"post_tag","embeddable":true,"href":"http:\/\/www.apucarana.pr.gov.br\/site\/wp-json\/wp\/v2\/tags?post=82105"}],"curies":[{"name":"wp","href":"https:\/\/api.w.org\/{rel}","templated":true}]}}