{"id":82093,"date":"2023-06-05T16:06:00","date_gmt":"2023-06-05T19:06:00","guid":{"rendered":"http:\/\/www.apucarana.pr.gov.br\/site\/?p=82093"},"modified":"2024-10-08T09:29:54","modified_gmt":"2024-10-08T12:29:54","slug":"programa-mais-verde-leva-solucoes-ambientais-e-promove-a-sustentabilidade","status":"publish","type":"post","link":"http:\/\/www.apucarana.pr.gov.br\/site\/programa-mais-verde-leva-solucoes-ambientais-e-promove-a-sustentabilidade\/","title":{"rendered":"Programa Mais Verde leva solu\u00e7\u00f5es ambientais e promove a sustentabilidade"},"content":{"rendered":"\n\t\t<!-- MasterSlider -->\n\t\t<div id=\"P_MS69f52b49725a1\" class=\"master-slider-parent master-slider-gallery   ms-parent-id-0\" style=\"\" >\n\n\t\t\t\n\t\t\t<!-- MasterSlider Main -->\n\t\t\t<div id=\"MS69f52b49725a1\" class=\"master-slider ms-skin-default\" >\n\t\t\t\t \t\t\t\t \n\t\t\t<div  class=\"ms-slide\" data-delay=\"3\"    >\n\t\t\t\t\t<img decoding=\"async\" src=\"http:\/\/www.apucarana.pr.gov.br\/site\/wp-content\/plugins\/masterslider\/public\/assets\/css\/blank.gif\" alt=\"ALEVINO(EDSON DENOBI) (12)\" title=\"ALEVINO(EDSON DENOBI) (12)\" data-src=\"http:\/\/www.apucarana.pr.gov.br\/site\/wp-content\/uploads\/2023\/06\/ALEVINOEDSON-DENOBI-12-1024x1024.jpg\" \/>\n\t<a href=\"http:\/\/www.apucarana.pr.gov.br\/site\/wp-content\/uploads\/2023\/06\/ALEVINOEDSON-DENOBI-12-1024x1024.jpg\" target=\"_self\"    >ALEVINO(EDSON DENOBI) (12)<\/a>\n\n\n\t<img decoding=\"async\" class=\"ms-thumb\" src=\"http:\/\/www.apucarana.pr.gov.br\/site\/wp-content\/uploads\/2023\/06\/ALEVINOEDSON-DENOBI-12-1024x1024-140x80.jpg\" alt=\"ALEVINO(EDSON DENOBI) (12)\" \/>\n\t\t\t\t<\/div>\n\t\t\t<div  class=\"ms-slide\" data-delay=\"3\"    >\n\t\t\t\t\t<img decoding=\"async\" src=\"http:\/\/www.apucarana.pr.gov.br\/site\/wp-content\/plugins\/masterslider\/public\/assets\/css\/blank.gif\" alt=\"ALEVINO(EDSON DENOBI) (13)\" title=\"ALEVINO(EDSON DENOBI) (13)\" data-src=\"http:\/\/www.apucarana.pr.gov.br\/site\/wp-content\/uploads\/2023\/06\/ALEVINOEDSON-DENOBI-13-1024x688.jpg\" \/>\n\t<a href=\"http:\/\/www.apucarana.pr.gov.br\/site\/wp-content\/uploads\/2023\/06\/ALEVINOEDSON-DENOBI-13-1024x688.jpg\" target=\"_self\"    >ALEVINO(EDSON DENOBI) (13)<\/a>\n\n\n\t<img decoding=\"async\" class=\"ms-thumb\" src=\"http:\/\/www.apucarana.pr.gov.br\/site\/wp-content\/uploads\/2023\/06\/ALEVINOEDSON-DENOBI-13-1024x688-140x80.jpg\" alt=\"ALEVINO(EDSON DENOBI) (13)\" \/>\n\t\t\t\t<\/div>\n\t\t\t<div  class=\"ms-slide\" data-delay=\"3\"    >\n\t\t\t\t\t<img decoding=\"async\" src=\"http:\/\/www.apucarana.pr.gov.br\/site\/wp-content\/plugins\/masterslider\/public\/assets\/css\/blank.gif\" alt=\"ALEVINO(EDSON DENOBI) (15)\" title=\"ALEVINO(EDSON DENOBI) (15)\" data-src=\"http:\/\/www.apucarana.pr.gov.br\/site\/wp-content\/uploads\/2023\/06\/ALEVINOEDSON-DENOBI-15-1024x1024.jpg\" \/>\n\t<a href=\"http:\/\/www.apucarana.pr.gov.br\/site\/wp-content\/uploads\/2023\/06\/ALEVINOEDSON-DENOBI-15-1024x1024.jpg\" target=\"_self\"    >ALEVINO(EDSON DENOBI) (15)<\/a>\n\n\n\t<img decoding=\"async\" class=\"ms-thumb\" src=\"http:\/\/www.apucarana.pr.gov.br\/site\/wp-content\/uploads\/2023\/06\/ALEVINOEDSON-DENOBI-15-1024x1024-140x80.jpg\" alt=\"ALEVINO(EDSON DENOBI) (15)\" \/>\n\t\t\t\t<\/div>\n\t\t\t<div  class=\"ms-slide\" data-delay=\"3\"    >\n\t\t\t\t\t<img decoding=\"async\" src=\"http:\/\/www.apucarana.pr.gov.br\/site\/wp-content\/plugins\/masterslider\/public\/assets\/css\/blank.gif\" alt=\"ALEVINO(EDSON DENOBI) (19)\" title=\"ALEVINO(EDSON DENOBI) (19)\" data-src=\"http:\/\/www.apucarana.pr.gov.br\/site\/wp-content\/uploads\/2023\/06\/ALEVINOEDSON-DENOBI-19-1024x697.jpg\" \/>\n\t<a href=\"http:\/\/www.apucarana.pr.gov.br\/site\/wp-content\/uploads\/2023\/06\/ALEVINOEDSON-DENOBI-19-1024x697.jpg\" target=\"_self\"    >ALEVINO(EDSON DENOBI) (19)<\/a>\n\n\n\t<img decoding=\"async\" class=\"ms-thumb\" src=\"http:\/\/www.apucarana.pr.gov.br\/site\/wp-content\/uploads\/2023\/06\/ALEVINOEDSON-DENOBI-19-1024x697-140x80.jpg\" alt=\"ALEVINO(EDSON DENOBI) (19)\" \/>\n\t\t\t\t<\/div>\n\t\t\t<div  class=\"ms-slide\" data-delay=\"3\"    >\n\t\t\t\t\t<img decoding=\"async\" src=\"http:\/\/www.apucarana.pr.gov.br\/site\/wp-content\/plugins\/masterslider\/public\/assets\/css\/blank.gif\" alt=\"ALEVINO(EDSON DENOBI)24\" title=\"ALEVINO(EDSON DENOBI)24\" data-src=\"http:\/\/www.apucarana.pr.gov.br\/site\/wp-content\/uploads\/2023\/06\/ALEVINOEDSON-DENOBI24-1024x683.jpg\" \/>\n\t<a href=\"http:\/\/www.apucarana.pr.gov.br\/site\/wp-content\/uploads\/2023\/06\/ALEVINOEDSON-DENOBI24-1024x683.jpg\" target=\"_self\"    >ALEVINO(EDSON DENOBI)24<\/a>\n\n\n\t<img decoding=\"async\" class=\"ms-thumb\" src=\"http:\/\/www.apucarana.pr.gov.br\/site\/wp-content\/uploads\/2023\/06\/ALEVINOEDSON-DENOBI24-1024x683-140x80.jpg\" alt=\"ALEVINO(EDSON DENOBI)24\" \/>\n\t\t\t\t<\/div>\n\t\t\t<div  class=\"ms-slide\" data-delay=\"3\"    >\n\t\t\t\t\t<img decoding=\"async\" src=\"http:\/\/www.apucarana.pr.gov.br\/site\/wp-content\/plugins\/masterslider\/public\/assets\/css\/blank.gif\" alt=\"BALAN\u00c7O(EDSON DENOBI) (11)\" title=\"BALAN\u00c7O(EDSON DENOBI) (11)\" data-src=\"http:\/\/www.apucarana.pr.gov.br\/site\/wp-content\/uploads\/2023\/06\/BALANCOEDSON-DENOBI-11.jpg\" \/>\n\t<a href=\"http:\/\/www.apucarana.pr.gov.br\/site\/wp-content\/uploads\/2023\/06\/BALANCOEDSON-DENOBI-11.jpg\" target=\"_self\"    >BALAN\u00c7O(EDSON DENOBI) (11)<\/a>\n\n\n\t<img decoding=\"async\" class=\"ms-thumb\" src=\"http:\/\/www.apucarana.pr.gov.br\/site\/wp-content\/uploads\/2023\/06\/BALANCOEDSON-DENOBI-11-140x80.jpg\" alt=\"BALAN\u00c7O(EDSON DENOBI) (11)\" \/>\n\t\t\t\t<\/div>\n\t\t\t<div  class=\"ms-slide\" data-delay=\"3\"    >\n\t\t\t\t\t<img decoding=\"async\" src=\"http:\/\/www.apucarana.pr.gov.br\/site\/wp-content\/plugins\/masterslider\/public\/assets\/css\/blank.gif\" alt=\"MEIO AMBIENTE (9)\" title=\"MEIO AMBIENTE (9)\" data-src=\"http:\/\/www.apucarana.pr.gov.br\/site\/wp-content\/uploads\/2023\/06\/MEIO-AMBIENTE-9.jpg\" \/>\n\t<a href=\"http:\/\/www.apucarana.pr.gov.br\/site\/wp-content\/uploads\/2023\/06\/MEIO-AMBIENTE-9.jpg\" target=\"_self\"    >MEIO AMBIENTE (9)<\/a>\n\n\n\t<img decoding=\"async\" class=\"ms-thumb\" src=\"http:\/\/www.apucarana.pr.gov.br\/site\/wp-content\/uploads\/2023\/06\/MEIO-AMBIENTE-9-140x80.jpg\" alt=\"MEIO AMBIENTE (9)\" \/>\n\t\t\t\t<\/div>\n\t\t\t<div  class=\"ms-slide\" data-delay=\"3\"    >\n\t\t\t\t\t<img decoding=\"async\" src=\"http:\/\/www.apucarana.pr.gov.br\/site\/wp-content\/plugins\/masterslider\/public\/assets\/css\/blank.gif\" alt=\"plantio (13)\" title=\"plantio (13)\" data-src=\"http:\/\/www.apucarana.pr.gov.br\/site\/wp-content\/uploads\/2023\/06\/plantio-13-1024x575.jpg\" \/>\n\t<a href=\"http:\/\/www.apucarana.pr.gov.br\/site\/wp-content\/uploads\/2023\/06\/plantio-13-1024x575.jpg\" target=\"_self\"    >plantio (13)<\/a>\n\n\n\t<img decoding=\"async\" class=\"ms-thumb\" src=\"http:\/\/www.apucarana.pr.gov.br\/site\/wp-content\/uploads\/2023\/06\/plantio-13-1024x575-140x80.jpg\" alt=\"plantio (13)\" \/>\n\t\t\t\t<\/div>\n\t\t\t<div  class=\"ms-slide\" data-delay=\"3\"    >\n\t\t\t\t\t<img decoding=\"async\" src=\"http:\/\/www.apucarana.pr.gov.br\/site\/wp-content\/plugins\/masterslider\/public\/assets\/css\/blank.gif\" alt=\"PLANTIO (80)\" title=\"PLANTIO (80)\" data-src=\"http:\/\/www.apucarana.pr.gov.br\/site\/wp-content\/uploads\/2023\/06\/PLANTIO-80-1024x1024.jpg\" \/>\n\t<a href=\"http:\/\/www.apucarana.pr.gov.br\/site\/wp-content\/uploads\/2023\/06\/PLANTIO-80-1024x1024.jpg\" target=\"_self\"    >PLANTIO (80)<\/a>\n\n\n\t<img decoding=\"async\" class=\"ms-thumb\" src=\"http:\/\/www.apucarana.pr.gov.br\/site\/wp-content\/uploads\/2023\/06\/PLANTIO-80-1024x1024-140x80.jpg\" alt=\"PLANTIO (80)\" \/>\n\t\t\t\t<\/div>\n\n\t\t\t<\/div>\n\t\t\t<!-- END MasterSlider Main -->\n\n\t\t\t \n\t\t<\/div>\n\t\t<!-- END MasterSlider -->\n\n\t\t<script>\n\t\t( window.MSReady = window.MSReady || [] ).push( function( $ ) {\n\n\t\t\t\"use strict\";\n\t\t\tvar masterslider_25a1 = new MasterSlider();\n\n\t\t\t\/\/ slider controls\n\t\t\tmasterslider_25a1.control('arrows'     ,{ autohide:true, overVideo:true  });\n\t\t\tmasterslider_25a1.control('thumblist'  ,{ autohide:false, overVideo:true, dir:'h', speed:17, inset:false, arrows:false, hover:false, customClass:'', align:'bottom',type:'thumbs', margin:2, width:140, height:80, space:2, fillMode:'fill'  });\n\t\t\t\/\/ slider setup\n\t\t\tmasterslider_25a1.setup(\"MS69f52b49725a1\", {\n\t\t\t\twidth           : 960,\n\t\t\t\theight          : 540,\n\t\t\t\tminHeight       : 0,\n\t\t\t\tspace           : 0,\n\t\t\t\tstart           : 1,\n\t\t\t\tgrabCursor      : true,\n\t\t\t\tswipe           : true,\n\t\t\t\tmouse           : true,\n\t\t\t\tkeyboard        : false,\n\t\t\t\tlayout          : \"fillwidth\",\n\t\t\t\twheel           : false,\n\t\t\t\tautoplay        : true,\n                instantStartLayers:false,\n\t\t\t\tmobileBGVideo:false,\n\t\t\t\tloop            : true,\n\t\t\t\tshuffle         : false,\n\t\t\t\tpreload         : 3,\n\t\t\t\theightLimit     : false,\n\t\t\t\tautoHeight      : false,\n\t\t\t\tsmoothHeight    : true,\n\t\t\t\tendPause        : false,\n\t\t\t\toverPause       : false,\n\t\t\t\tfillMode        : \"fill\",\n\t\t\t\tcenterControls  : true,\n\t\t\t\tstartOnAppear   : false,\n\t\t\t\tlayersMode      : \"center\",\n\t\t\t\tautofillTarget  : \"\",\n\t\t\t\thideLayers      : false,\n\t\t\t\tfullscreenMargin: 0,\n\t\t\t\tspeed           : 17,\n\t\t\t\tdir             : \"h\",\n\t\t\t\tresponsive      : true,\n\t\t\t\ttabletWidth     : 768,\n\t\t\t\ttabletHeight    : null,\n\t\t\t\tphoneWidth      : 480,\n\t\t\t\tphoneHeight    : null,\n\t\t\t\tsizingReference : window,\n\t\t\t\tparallaxMode    : 'swipe',\n\t\t\t\tview            : \"basic\"\n\t\t\t});\n\n\t\t\t\n\t\t\twindow.masterslider_instances = window.masterslider_instances || [];\n\t\t\twindow.masterslider_instances.push( masterslider_25a1 );\n\t\t});\n\t\t<\/script>\n\n\n<p>No Dia do Meio Ambiente, comemorado nesta segunda-feira (05\/06), Apucarana comemora os avan\u00e7os no setor. Em 2020, as principais a\u00e7\u00f5es de defesa, preserva\u00e7\u00e3o e valoriza\u00e7\u00e3o do meio ambiente foram integradas no Programa Apucarana Mais Verde. A iniciativa re\u00fane desde solu\u00e7\u00f5es ambientais para a destina\u00e7\u00e3o de res\u00edduos &#8211; pneus, t\u00eaxteis, lixo recicl\u00e1vel e m\u00f3veis e inserv\u00edveis \u2013 \u00e0 soltura de alevinos em lagos e rios e o plantio de \u00e1rvores.<\/p>\n<p>O prefeito Junior da Femac afirma que Apucarana vem se desenvolvendo e busca atrelar esse crescimento com a preserva\u00e7\u00e3o ambiental. \u201cO trabalho do Apucarana Mais Verde foi reconhecido em 2021, quando o programa\u00a0 recebeu\u00a0 o Pr\u00eamio Gestor P\u00fablico do Estado do Paran\u00e1, promovido pela Associa\u00e7\u00e3o dos Auditores da Receita Estadual do Paran\u00e1\u201d, ressalta Junior da Femac.<\/p>\n<p>Junior da Femac reitera que as solu\u00e7\u00f5es ambientais foram criadas sem onerar a popula\u00e7\u00e3o ou o setor produtivo, sendo que os servi\u00e7os de recolhimento s\u00e3o oferecidos gratuitamente. \u201cDesde a implanta\u00e7\u00e3o do Apucarana Mais Verde, j\u00e1 foram recolhidos 196 mil pneus e 2.500 toneladas de retalhos de tecidos, al\u00e9m de centenas de fam\u00edlias que foram atendidas com a coleta gratuita de m\u00f3veis e inserv\u00edveis\u201d, cita Junior da Femac.<\/p>\n<p>O prefeito afirma que o programa busca melhorar a qualidade de vida do cidad\u00e3o, atrav\u00e9s de a\u00e7\u00f5es sustent\u00e1veis. \u201cApucarana \u00e9 o maior polo do vestu\u00e1rio do Paran\u00e1 e a produ\u00e7\u00e3o t\u00eaxtil gera res\u00edduos que precisam ter uma destina\u00e7\u00e3o correta. Historicamente, Apucarana conviveu com o descarte irregular de retalhos de tecidos, problema que foi solucionado com disponibiliza\u00e7\u00e3o de um servi\u00e7o gratuito de recolhimento\u201d, pontua Junior da Femac.<\/p>\n<p>O secret\u00e1rio Municipal de Meio Ambiente, Gentil Pereira, afirma ainda que o Programa Apucarana Mais Verde tamb\u00e9m j\u00e1 fez o plantio de 16.540 \u00e1rvores. \u201cEsse n\u00famero abrange a arboriza\u00e7\u00e3o urbana, o plantio de mudas nativas em \u00e1reas de preserva\u00e7\u00e3o e a doa\u00e7\u00e3o de mudas a produtores rurais visando a recupera\u00e7\u00e3o de nascentes e \u00e1reas degradadas\u201d, explica Pereira.<\/p>\n<p>O secret\u00e1rio tamb\u00e9m destaca a parceria com a Cooperativa dos Catadores de Materiais Recicl\u00e1veis de\u00a0Apucarana\u00a0(Cocap), que fez em pouco mais de tr\u00eas anos o recolhimento de 5.500 toneladas de recicl\u00e1veis. \u201cA cidade foi dividida\u00a0em seis regi\u00f5es e, de segunda a s\u00e1bado, a equipe da Cocap est\u00e1 percorrendo uma dessas regi\u00f5es. Al\u00e9m disso, h\u00e1 o Programa Feira Verde, coordenado pela Secretaria da Agricultura, que faz a troca de recicl\u00e1veis por hortifrutigranjeiros\u201d, completa Pereira.<\/p>\n<p>O Programa tamb\u00e9m fez a soltura, em pouco mais de tr\u00eas anos, de 900 mil alevinos. \u201cA soltura foi feita nos lagos do Jaboti, da Raposa, nas represas do Tarum\u00e3 e do Schmidt e nos rios do Cerne e Pirap\u00f3\u201d, cita S\u00e9rgio Bobig, superintendente municipal de Meio Ambiente.<\/p>\n<p>Bobig tamb\u00e9m lembra que nesta Semana do Meio Ambiente tamb\u00e9m est\u00e1 sendo feito o recolhimento de embalagens de agrodefensivos, atrav\u00e9s da Associa\u00e7\u00e3o Norte Paranaense de Revendedores de Agroqu\u00edmicos. \u201cJuntamente com a ind\u00fastria de pneus, a de agrot\u00f3xicos foi uma das primeiras a estabelecer a log\u00edstica reversa. Em Apucarana esta quest\u00e3o j\u00e1 est\u00e1 bem resolvida e existe uma conscientiza\u00e7\u00e3o dos produtores\u00a0 no tocante ao correto manejo e descarte das embalagens\u201d, reitera Bobig.<\/p>\n<p>&nbsp;<\/p>\n<p>APUCARANA MAIS VERDE<\/p>\n<p>&#8211; <strong>196 mil<\/strong> pneus recolhidos<br \/>\n&#8211; destina\u00e7\u00e3o correta de <strong>2.500 toneladas<\/strong> de retalhos de tecidos<br \/>\n&#8211; coleta de <strong>5.500 toneladas<\/strong> de recicl\u00e1veis<br \/>\n&#8211; soltura de <strong>900 mil<\/strong> alevinos<br \/>\n&#8211; plantio de <strong>16.540 <\/strong>\u00e1rvores<\/p>\n","protected":false},"excerpt":{"rendered":"<p>No Dia do Meio Ambiente, comemorado nesta segunda-feira (05\/06), Apucarana comemora os avan&ccedil;os no setor. Em 2020, as principais a&ccedil;&otilde;es de defesa, preserva&ccedil;&atilde;o e valoriza&ccedil;&atilde;o do meio ambiente foram integradas no Programa Apucarana Mais Verde. A iniciativa re&uacute;ne desde solu&ccedil;&otilde;es ambientais para a destina&ccedil;&atilde;o de res&iacute;duos &ndash; pneus, t&ecirc;xteis, lixo recicl&aacute;vel e m&oacute;veis e inserv&iacute;veis [&hellip;]<\/p>\n","protected":false},"author":7,"featured_media":82100,"comment_status":"closed","ping_status":"closed","sticky":false,"template":"","format":"standard","meta":{"footnotes":""},"categories":[24],"tags":[],"class_list":["post-82093","post","type-post","status-publish","format-standard","has-post-thumbnail","hentry","category-noticias"],"acf":[],"_links":{"self":[{"href":"http:\/\/www.apucarana.pr.gov.br\/site\/wp-json\/wp\/v2\/posts\/82093","targetHints":{"allow":["GET"]}}],"collection":[{"href":"http:\/\/www.apucarana.pr.gov.br\/site\/wp-json\/wp\/v2\/posts"}],"about":[{"href":"http:\/\/www.apucarana.pr.gov.br\/site\/wp-json\/wp\/v2\/types\/post"}],"author":[{"embeddable":true,"href":"http:\/\/www.apucarana.pr.gov.br\/site\/wp-json\/wp\/v2\/users\/7"}],"replies":[{"embeddable":true,"href":"http:\/\/www.apucarana.pr.gov.br\/site\/wp-json\/wp\/v2\/comments?post=82093"}],"version-history":[{"count":4,"href":"http:\/\/www.apucarana.pr.gov.br\/site\/wp-json\/wp\/v2\/posts\/82093\/revisions"}],"predecessor-version":[{"id":82109,"href":"http:\/\/www.apucarana.pr.gov.br\/site\/wp-json\/wp\/v2\/posts\/82093\/revisions\/82109"}],"wp:featuredmedia":[{"embeddable":true,"href":"http:\/\/www.apucarana.pr.gov.br\/site\/wp-json\/wp\/v2\/media\/82100"}],"wp:attachment":[{"href":"http:\/\/www.apucarana.pr.gov.br\/site\/wp-json\/wp\/v2\/media?parent=82093"}],"wp:term":[{"taxonomy":"category","embeddable":true,"href":"http:\/\/www.apucarana.pr.gov.br\/site\/wp-json\/wp\/v2\/categories?post=82093"},{"taxonomy":"post_tag","embeddable":true,"href":"http:\/\/www.apucarana.pr.gov.br\/site\/wp-json\/wp\/v2\/tags?post=82093"}],"curies":[{"name":"wp","href":"https:\/\/api.w.org\/{rel}","templated":true}]}}