{"id":82087,"date":"2023-06-05T14:17:23","date_gmt":"2023-06-05T17:17:23","guid":{"rendered":"http:\/\/www.apucarana.pr.gov.br\/site\/?p=82087"},"modified":"2024-10-08T09:29:54","modified_gmt":"2024-10-08T12:29:54","slug":"apucarana-aplicou-quase-3-mil-vacinas-no-ultimo-sabado","status":"publish","type":"post","link":"http:\/\/www.apucarana.pr.gov.br\/site\/apucarana-aplicou-quase-3-mil-vacinas-no-ultimo-sabado\/","title":{"rendered":"Apucarana aplicou quase 3 mil vacinas no \u00faltimo s\u00e1bado"},"content":{"rendered":"\n\t\t<!-- MasterSlider -->\n\t\t<div id=\"P_MS69f52b3b6e6bb\" class=\"master-slider-parent master-slider-gallery   ms-parent-id-0\" style=\"\" >\n\n\t\t\t\n\t\t\t<!-- MasterSlider Main -->\n\t\t\t<div id=\"MS69f52b3b6e6bb\" class=\"master-slider ms-skin-default\" >\n\t\t\t\t \t\t\t\t \n\t\t\t<div  class=\"ms-slide\" data-delay=\"3\"    >\n\t\t\t\t\t<img decoding=\"async\" src=\"http:\/\/www.apucarana.pr.gov.br\/site\/wp-content\/plugins\/masterslider\/public\/assets\/css\/blank.gif\" alt=\"IMG_5746\" title=\"IMG_5746\" data-src=\"http:\/\/www.apucarana.pr.gov.br\/site\/wp-content\/uploads\/2023\/06\/IMG_5746-1024x683.jpg\" \/>\n\t<a href=\"http:\/\/www.apucarana.pr.gov.br\/site\/wp-content\/uploads\/2023\/06\/IMG_5746-1024x683.jpg\" target=\"_self\"    >IMG_5746<\/a>\n\n\n\t<img decoding=\"async\" class=\"ms-thumb\" src=\"http:\/\/www.apucarana.pr.gov.br\/site\/wp-content\/uploads\/2023\/06\/IMG_5746-1024x683-140x80.jpg\" alt=\"IMG_5746\" \/>\n\t\t\t\t<\/div>\n\t\t\t<div  class=\"ms-slide\" data-delay=\"3\"    >\n\t\t\t\t\t<img decoding=\"async\" src=\"http:\/\/www.apucarana.pr.gov.br\/site\/wp-content\/plugins\/masterslider\/public\/assets\/css\/blank.gif\" alt=\"IMG_5710\" title=\"IMG_5710\" data-src=\"http:\/\/www.apucarana.pr.gov.br\/site\/wp-content\/uploads\/2023\/06\/IMG_5710-1024x683.jpg\" \/>\n\t<a href=\"http:\/\/www.apucarana.pr.gov.br\/site\/wp-content\/uploads\/2023\/06\/IMG_5710-1024x683.jpg\" target=\"_self\"    >IMG_5710<\/a>\n\n\n\t<img decoding=\"async\" class=\"ms-thumb\" src=\"http:\/\/www.apucarana.pr.gov.br\/site\/wp-content\/uploads\/2023\/06\/IMG_5710-1024x683-140x80.jpg\" alt=\"IMG_5710\" \/>\n\t\t\t\t<\/div>\n\n\t\t\t<\/div>\n\t\t\t<!-- END MasterSlider Main -->\n\n\t\t\t \n\t\t<\/div>\n\t\t<!-- END MasterSlider -->\n\n\t\t<script>\n\t\t( window.MSReady = window.MSReady || [] ).push( function( $ ) {\n\n\t\t\t\"use strict\";\n\t\t\tvar masterslider_e6bb = new MasterSlider();\n\n\t\t\t\/\/ slider controls\n\t\t\tmasterslider_e6bb.control('arrows'     ,{ autohide:true, overVideo:true  });\n\t\t\tmasterslider_e6bb.control('thumblist'  ,{ autohide:false, overVideo:true, dir:'h', speed:17, inset:false, arrows:false, hover:false, customClass:'', align:'bottom',type:'thumbs', margin:2, width:140, height:80, space:2, fillMode:'fill'  });\n\t\t\t\/\/ slider setup\n\t\t\tmasterslider_e6bb.setup(\"MS69f52b3b6e6bb\", {\n\t\t\t\twidth           : 960,\n\t\t\t\theight          : 540,\n\t\t\t\tminHeight       : 0,\n\t\t\t\tspace           : 0,\n\t\t\t\tstart           : 1,\n\t\t\t\tgrabCursor      : true,\n\t\t\t\tswipe           : true,\n\t\t\t\tmouse           : true,\n\t\t\t\tkeyboard        : false,\n\t\t\t\tlayout          : \"fillwidth\",\n\t\t\t\twheel           : false,\n\t\t\t\tautoplay        : true,\n                instantStartLayers:false,\n\t\t\t\tmobileBGVideo:false,\n\t\t\t\tloop            : true,\n\t\t\t\tshuffle         : false,\n\t\t\t\tpreload         : 3,\n\t\t\t\theightLimit     : false,\n\t\t\t\tautoHeight      : false,\n\t\t\t\tsmoothHeight    : true,\n\t\t\t\tendPause        : false,\n\t\t\t\toverPause       : false,\n\t\t\t\tfillMode        : \"fill\",\n\t\t\t\tcenterControls  : true,\n\t\t\t\tstartOnAppear   : false,\n\t\t\t\tlayersMode      : \"center\",\n\t\t\t\tautofillTarget  : \"\",\n\t\t\t\thideLayers      : false,\n\t\t\t\tfullscreenMargin: 0,\n\t\t\t\tspeed           : 17,\n\t\t\t\tdir             : \"h\",\n\t\t\t\tresponsive      : true,\n\t\t\t\ttabletWidth     : 768,\n\t\t\t\ttabletHeight    : null,\n\t\t\t\tphoneWidth      : 480,\n\t\t\t\tphoneHeight    : null,\n\t\t\t\tsizingReference : window,\n\t\t\t\tparallaxMode    : 'swipe',\n\t\t\t\tview            : \"basic\"\n\t\t\t});\n\n\t\t\t\n\t\t\twindow.masterslider_instances = window.masterslider_instances || [];\n\t\t\twindow.masterslider_instances.push( masterslider_e6bb );\n\t\t});\n\t\t<\/script>\n\n\n<p>Com quase 3 mil doses aplicadas (2.926), o resultado da vacina\u00e7\u00e3o contra a gripe, promovida pela Prefeitura de Apucarana no \u00faltimo s\u00e1bado, \u00e9 comemorado pela sa\u00fade de Apucarana. Por determina\u00e7\u00e3o do prefeito Junior da Femac, a Autarquia Municipal de Sa\u00fade (AMS) lan\u00e7ou a estrat\u00e9gia de abrir Unidades B\u00e1sicas de Sa\u00fade UBSs em quatro finais de semanas.<\/p>\n<p>\u201cNosso objetivo de aumentar a cobertura da vacina\u00e7\u00e3o contra gripe no munic\u00edpio, em especial entre as crian\u00e7as de 6 meses a 6 anos incompletos, est\u00e1 sendo alcan\u00e7ado\u201d, comemora Junior da Femac. A mobiliza\u00e7\u00e3o de ofertar a imuniza\u00e7\u00e3o em quadro finais de semana j\u00e1 foi realizada durante tr\u00eas s\u00e1bados, nos dias 20 e 27 de maio e 3 de junho, que somaram 5.106 doses aplicadas.<\/p>\n<p>Somente no \u00faltimo s\u00e1bado 2.103 apucaranenses receberam a vacina da gripe, 486 atualizaram o esquema de vacina\u00e7\u00e3o contra a Covid, e 337 tomaram doses de rotina. A imuniza\u00e7\u00e3o em dia especial foi realizada em 11 UBSs e 4 CMEIs.<\/p>\n<p>A a\u00e7\u00e3o de ofertar vacina\u00e7\u00e3o aos s\u00e1bados \u00e9 coordenada pelas Autarquias Municipais de Sa\u00fade e da Educa\u00e7\u00e3o e est\u00e1 acontecendo diferentes bairros a cada final de semana. No pr\u00f3ximo dia 17 de junho, um s\u00e1bado, haver\u00e1 imuniza\u00e7\u00e3o novamente. Os locais e os hor\u00e1rios ser\u00e3o amplamente divulgados pela prefeitura.<\/p>\n","protected":false},"excerpt":{"rendered":"<p>Com quase 3 mil doses aplicadas (2.926), o resultado da vacina&ccedil;&atilde;o contra a gripe, promovida pela Prefeitura de Apucarana no &uacute;ltimo s&aacute;bado, &eacute; comemorado pela sa&uacute;de de Apucarana. Por determina&ccedil;&atilde;o do prefeito Junior da Femac, a Autarquia Municipal de Sa&uacute;de (AMS) lan&ccedil;ou a estrat&eacute;gia de abrir Unidades B&aacute;sicas de Sa&uacute;de UBSs em quatro finais de [&hellip;]<\/p>\n","protected":false},"author":10,"featured_media":82090,"comment_status":"closed","ping_status":"closed","sticky":false,"template":"","format":"standard","meta":{"footnotes":""},"categories":[24],"tags":[],"class_list":["post-82087","post","type-post","status-publish","format-standard","has-post-thumbnail","hentry","category-noticias"],"acf":[],"_links":{"self":[{"href":"http:\/\/www.apucarana.pr.gov.br\/site\/wp-json\/wp\/v2\/posts\/82087","targetHints":{"allow":["GET"]}}],"collection":[{"href":"http:\/\/www.apucarana.pr.gov.br\/site\/wp-json\/wp\/v2\/posts"}],"about":[{"href":"http:\/\/www.apucarana.pr.gov.br\/site\/wp-json\/wp\/v2\/types\/post"}],"author":[{"embeddable":true,"href":"http:\/\/www.apucarana.pr.gov.br\/site\/wp-json\/wp\/v2\/users\/10"}],"replies":[{"embeddable":true,"href":"http:\/\/www.apucarana.pr.gov.br\/site\/wp-json\/wp\/v2\/comments?post=82087"}],"version-history":[{"count":1,"href":"http:\/\/www.apucarana.pr.gov.br\/site\/wp-json\/wp\/v2\/posts\/82087\/revisions"}],"predecessor-version":[{"id":82091,"href":"http:\/\/www.apucarana.pr.gov.br\/site\/wp-json\/wp\/v2\/posts\/82087\/revisions\/82091"}],"wp:featuredmedia":[{"embeddable":true,"href":"http:\/\/www.apucarana.pr.gov.br\/site\/wp-json\/wp\/v2\/media\/82090"}],"wp:attachment":[{"href":"http:\/\/www.apucarana.pr.gov.br\/site\/wp-json\/wp\/v2\/media?parent=82087"}],"wp:term":[{"taxonomy":"category","embeddable":true,"href":"http:\/\/www.apucarana.pr.gov.br\/site\/wp-json\/wp\/v2\/categories?post=82087"},{"taxonomy":"post_tag","embeddable":true,"href":"http:\/\/www.apucarana.pr.gov.br\/site\/wp-json\/wp\/v2\/tags?post=82087"}],"curies":[{"name":"wp","href":"https:\/\/api.w.org\/{rel}","templated":true}]}}