{"id":82072,"date":"2023-06-04T15:10:23","date_gmt":"2023-06-04T18:10:23","guid":{"rendered":"http:\/\/www.apucarana.pr.gov.br\/site\/?p=82072"},"modified":"2024-10-08T09:29:54","modified_gmt":"2024-10-08T12:29:54","slug":"prefeito-lamenta-morte-da-professora-cassia-cessel","status":"publish","type":"post","link":"http:\/\/www.apucarana.pr.gov.br\/site\/prefeito-lamenta-morte-da-professora-cassia-cessel\/","title":{"rendered":"Prefeito lamenta morte da professora C\u00e1ssia Cessel"},"content":{"rendered":"<p><span style=\"font-size: 1rem\">O prefeito Junior da Femac emitiu neste domingo nota de pesar, lamentando o falecimento da professora apucaranense C\u00e1ssia Martins Gomes Cessel, aos 55 anos de idade.<\/span><\/p>\n<p>O corpo foi velado na Capela Central e o sepultamento acontece na tarde deste domingo, a partir das 15 horas, no Cemit\u00e9rio da Saudade.<\/p>\n<p>&#8220;Em nome dos apucaranenses apresentamos nossas condol\u00eancias \u00e0 fam\u00edlia e amigos da professora C\u00e1ssia Martins Gomes Cessel, que dedicou sua vida \u00e0 educa\u00e7\u00e3o de crian\u00e7as e jovens em v\u00e1rias escolas p\u00fablicas de Apucarana&#8221;, citou o prefeito Junior da Femac.<\/p>\n<p>A professora C\u00e1ssia trabalhou por muitos anos no Col\u00e9gio Estadual Professor Izidoro Luiz Ceravolo e tamb\u00e9m no Col\u00e9gio Estadual Prefeito Carlos Massaretto.<\/p>\n<p>Ela deixa o esposo, Joacy Cessel, tamb\u00e9m professor e diretor do Col\u00e9gio Estadual Coronel Luiz Jos\u00e9 dos Santos (Pirap\u00f3), e a filha Gabriela.<\/p>\n","protected":false},"excerpt":{"rendered":"<p>O prefeito Junior da Femac emitiu neste domingo nota de pesar, lamentando o falecimento da professora apucaranense C&aacute;ssia Martins Gomes Cessel, aos 55 anos de idade. O corpo foi velado na Capela Central e o sepultamento acontece na tarde deste domingo, a partir das 15 horas, no Cemit&eacute;rio da Saudade. &ldquo;Em nome dos apucaranenses apresentamos [&hellip;]<\/p>\n","protected":false},"author":7,"featured_media":82073,"comment_status":"closed","ping_status":"closed","sticky":false,"template":"","format":"standard","meta":{"footnotes":""},"categories":[24],"tags":[],"class_list":["post-82072","post","type-post","status-publish","format-standard","has-post-thumbnail","hentry","category-noticias"],"acf":[],"_links":{"self":[{"href":"http:\/\/www.apucarana.pr.gov.br\/site\/wp-json\/wp\/v2\/posts\/82072","targetHints":{"allow":["GET"]}}],"collection":[{"href":"http:\/\/www.apucarana.pr.gov.br\/site\/wp-json\/wp\/v2\/posts"}],"about":[{"href":"http:\/\/www.apucarana.pr.gov.br\/site\/wp-json\/wp\/v2\/types\/post"}],"author":[{"embeddable":true,"href":"http:\/\/www.apucarana.pr.gov.br\/site\/wp-json\/wp\/v2\/users\/7"}],"replies":[{"embeddable":true,"href":"http:\/\/www.apucarana.pr.gov.br\/site\/wp-json\/wp\/v2\/comments?post=82072"}],"version-history":[{"count":2,"href":"http:\/\/www.apucarana.pr.gov.br\/site\/wp-json\/wp\/v2\/posts\/82072\/revisions"}],"predecessor-version":[{"id":82080,"href":"http:\/\/www.apucarana.pr.gov.br\/site\/wp-json\/wp\/v2\/posts\/82072\/revisions\/82080"}],"wp:featuredmedia":[{"embeddable":true,"href":"http:\/\/www.apucarana.pr.gov.br\/site\/wp-json\/wp\/v2\/media\/82073"}],"wp:attachment":[{"href":"http:\/\/www.apucarana.pr.gov.br\/site\/wp-json\/wp\/v2\/media?parent=82072"}],"wp:term":[{"taxonomy":"category","embeddable":true,"href":"http:\/\/www.apucarana.pr.gov.br\/site\/wp-json\/wp\/v2\/categories?post=82072"},{"taxonomy":"post_tag","embeddable":true,"href":"http:\/\/www.apucarana.pr.gov.br\/site\/wp-json\/wp\/v2\/tags?post=82072"}],"curies":[{"name":"wp","href":"https:\/\/api.w.org\/{rel}","templated":true}]}}