{"id":82050,"date":"2023-06-02T16:19:53","date_gmt":"2023-06-02T19:19:53","guid":{"rendered":"http:\/\/www.apucarana.pr.gov.br\/site\/?p=82050"},"modified":"2024-10-08T09:29:54","modified_gmt":"2024-10-08T12:29:54","slug":"apucarana-organiza-workshop-academico-voltado-a-aprovacao-de-projetos-na-area-da-engenharia-civil","status":"publish","type":"post","link":"http:\/\/www.apucarana.pr.gov.br\/site\/apucarana-organiza-workshop-academico-voltado-a-aprovacao-de-projetos-na-area-da-engenharia-civil\/","title":{"rendered":"Apucarana organiza workshop acad\u00eamico voltado \u00e0 aprova\u00e7\u00e3o de projetos na \u00e1rea da engenharia civil"},"content":{"rendered":"\n\t\t<!-- MasterSlider -->\n\t\t<div id=\"P_MS69f2efe793c9e\" class=\"master-slider-parent master-slider-gallery   ms-parent-id-0\" style=\"\" >\n\n\t\t\t\n\t\t\t<!-- MasterSlider Main -->\n\t\t\t<div id=\"MS69f2efe793c9e\" class=\"master-slider ms-skin-default\" >\n\t\t\t\t \t\t\t\t \n\t\t\t<div  class=\"ms-slide\" data-delay=\"3\"    >\n\t\t\t\t\t<img decoding=\"async\" src=\"http:\/\/www.apucarana.pr.gov.br\/site\/wp-content\/plugins\/masterslider\/public\/assets\/css\/blank.gif\" alt=\"workshop projetos\" title=\"workshop projetos\" data-src=\"http:\/\/www.apucarana.pr.gov.br\/site\/wp-content\/uploads\/2023\/06\/workshop-projetos-2-1024x598.jpg\" \/>\n\t<a href=\"http:\/\/www.apucarana.pr.gov.br\/site\/wp-content\/uploads\/2023\/06\/workshop-projetos-2-1024x598.jpg\" target=\"_self\"    >workshop projetos<\/a>\n\n\n\t<img decoding=\"async\" class=\"ms-thumb\" src=\"http:\/\/www.apucarana.pr.gov.br\/site\/wp-content\/uploads\/2023\/06\/workshop-projetos-2-1024x598-140x80.jpg\" alt=\"workshop projetos\" \/>\n\t\t\t\t<\/div>\n\n\t\t\t<\/div>\n\t\t\t<!-- END MasterSlider Main -->\n\n\t\t\t \n\t\t<\/div>\n\t\t<!-- END MasterSlider -->\n\n\t\t<script>\n\t\t( window.MSReady = window.MSReady || [] ).push( function( $ ) {\n\n\t\t\t\"use strict\";\n\t\t\tvar masterslider_3c9e = new MasterSlider();\n\n\t\t\t\/\/ slider controls\n\t\t\tmasterslider_3c9e.control('arrows'     ,{ autohide:true, overVideo:true  });\n\t\t\tmasterslider_3c9e.control('thumblist'  ,{ autohide:false, overVideo:true, dir:'h', speed:17, inset:false, arrows:false, hover:false, customClass:'', align:'bottom',type:'thumbs', margin:2, width:140, height:80, space:2, fillMode:'fill'  });\n\t\t\t\/\/ slider setup\n\t\t\tmasterslider_3c9e.setup(\"MS69f2efe793c9e\", {\n\t\t\t\twidth           : 960,\n\t\t\t\theight          : 540,\n\t\t\t\tminHeight       : 0,\n\t\t\t\tspace           : 0,\n\t\t\t\tstart           : 1,\n\t\t\t\tgrabCursor      : true,\n\t\t\t\tswipe           : true,\n\t\t\t\tmouse           : true,\n\t\t\t\tkeyboard        : false,\n\t\t\t\tlayout          : \"fillwidth\",\n\t\t\t\twheel           : false,\n\t\t\t\tautoplay        : true,\n                instantStartLayers:false,\n\t\t\t\tmobileBGVideo:false,\n\t\t\t\tloop            : true,\n\t\t\t\tshuffle         : false,\n\t\t\t\tpreload         : 3,\n\t\t\t\theightLimit     : false,\n\t\t\t\tautoHeight      : false,\n\t\t\t\tsmoothHeight    : true,\n\t\t\t\tendPause        : false,\n\t\t\t\toverPause       : false,\n\t\t\t\tfillMode        : \"fill\",\n\t\t\t\tcenterControls  : true,\n\t\t\t\tstartOnAppear   : false,\n\t\t\t\tlayersMode      : \"center\",\n\t\t\t\tautofillTarget  : \"\",\n\t\t\t\thideLayers      : false,\n\t\t\t\tfullscreenMargin: 0,\n\t\t\t\tspeed           : 17,\n\t\t\t\tdir             : \"h\",\n\t\t\t\tresponsive      : true,\n\t\t\t\ttabletWidth     : 768,\n\t\t\t\ttabletHeight    : null,\n\t\t\t\tphoneWidth      : 480,\n\t\t\t\tphoneHeight    : null,\n\t\t\t\tsizingReference : window,\n\t\t\t\tparallaxMode    : 'swipe',\n\t\t\t\tview            : \"basic\"\n\t\t\t});\n\n\t\t\t\n\t\t\twindow.masterslider_instances = window.masterslider_instances || [];\n\t\t\twindow.masterslider_instances.push( masterslider_3c9e );\n\t\t});\n\t\t<\/script>\n\n\n<p>A Prefeitura de Apucarana, atrav\u00e9s do Instituto de Desenvolvimento, Pesquisa e Planejamento (Idepplan), anunciou nesta semana a realiza\u00e7\u00e3o do 1\u00ba Workshop para Acad\u00eamicos da Constru\u00e7\u00e3o Civil. A iniciativa, que j\u00e1 tem parceria da Universidade Tecnol\u00f3gica Federal do Paran\u00e1 (UTFPR), atrav\u00e9s do campus Apucarana, ter\u00e1 como p\u00fablico alvo alunos de todos os cursos de gradua\u00e7\u00e3o em Engenharia Civil da cidade.<\/p>\n<p>A organiza\u00e7\u00e3o inicial do evento, que est\u00e1 previsto para o m\u00eas de agosto no audit\u00f3rio da UTFPR Apucarana, em dia a ser definido, foi discutida nesta semana em reuni\u00e3o entre o diretor-presidente do Idepplan, Ivan Silva, e o diretor-geral da UTFPR Apucarana, professor Marcelo Ferreira da Silva. \u201cEstamos iniciando a organiza\u00e7\u00e3o e j\u00e1 temos como primeira parceira a UTFPR. Atrav\u00e9s de palestras e oficinas, o objetivo \u00e9 oferecer orienta\u00e7\u00e3o sobre os caminhos e tr\u00e2mites que envolvem a aprova\u00e7\u00e3o de projetos na \u00e1rea de constru\u00e7\u00e3o civil junto aos \u00f3rg\u00e3os da prefeitura\u201d, explica o diretor-presidente do Idepplan, salientando que at\u00e9 a realiza\u00e7\u00e3o do workshop outras parcerias ser\u00e3o estabelecidas, envolvendo mais institui\u00e7\u00f5es de ensino superior e conselhos do segmento.<\/p>\n<p>Da primeira agenda de planejamento, realizado na UTFPR, tamb\u00e9m participaram servidores do instituto municipal, a diretora de Gradua\u00e7\u00e3o Adjunta da UTFPR, coordenadora do curso e tamb\u00e9m engenheira civil, professora Dra. Sarah Honorato Lopes da Silva e o Diretor de Rela\u00e7\u00f5es Empresariais e Comunit\u00e1rias do campus, professor Dr. Aloysio Gomes de Souza Filho. Entre os conte\u00fados da programa\u00e7\u00e3o, que est\u00e1 em fase de elabora\u00e7\u00e3o, v\u00e3o estar orienta\u00e7\u00f5es sobre como emitir um protocolo visando aprova\u00e7\u00e3o de projetos arquitet\u00f4nicos na \u00e1rea de constru\u00e7\u00e3o civil, bem como de loteamentos urbanos. \u201cAcreditamos que este workshop vai contribuir para agilizar os processos, j\u00e1 que grande parte do tempo consumido atualmente &#8211; tanto pelos profissionais, quanto pelo munic\u00edpio &#8211; , entre o protocolo e a aprova\u00e7\u00e3o do projeto, compreende erros ocasionados por desconhecimento de exig\u00eancias impostas pela legisla\u00e7\u00e3o vigente\u201d, pontua Ivan Silva, esclarecendo que o Idepplan \u00e9 uma autarquia municipal respons\u00e1vel por promover, planejar e fomentar o desenvolvimento urbano.<\/p>\n<p>\u201cAl\u00e9m de aprova\u00e7\u00e3o de projetos arquitet\u00f4nicos em geral e loteamentos urbanos, diariamente somos respons\u00e1veis pela emiss\u00e3o de certid\u00f5es e laudos, como por exemplo, estudo de impacto de vizinhan\u00e7a, laudo de viabilidade de loteamento, pr\u00e9-an\u00e1lise de projetos arquitet\u00f4nicos, topogr\u00e1ficos, certid\u00e3o de uso e ocupa\u00e7\u00e3o do solo, consulta pr\u00e9via de localiza\u00e7\u00e3o (Empresa F\u00e1cil), diretriz de loteamento e certid\u00e3o de endere\u00e7o\u201d, enumera, pontuando que as seis leis que complementam o Plano Diretor de Desenvolvimento Urbano de Apucarana tamb\u00e9m v\u00e3o ser alvo de explana\u00e7\u00e3o do workshop.<\/p>\n<p>O diretor-geral da UTFPR Apucarana, professor Marcelo Ferreira da Silva, diz que a universidade estar\u00e1 dando todo apoio necess\u00e1rio \u00e0 iniciativa. \u201cSem d\u00favidas trata-se de uma a\u00e7\u00e3o importante, que vai agregar na forma\u00e7\u00e3o e in\u00edcio de vida profissional de nossos acad\u00eamicos\u201d, parabenizou.<\/p>\n<p>A proposta do Idepplan tamb\u00e9m foi enaltecida pela coordenadora do curso de gradua\u00e7\u00e3o em Engenharia Civil da universidade federal. \u201cUm evento relevante, que nasce de uma iniciativa not\u00f3ria do Idepplan de ensinar aos nossos discentes os processos de aprova\u00e7\u00e3o de projetos na prefeitura e que est\u00e1 em conson\u00e2ncia com a expectativa da institui\u00e7\u00e3o, que \u00e9 ver os egressos absorvidos pelo mercado de trabalho, em especial pelo mercado local\u201d, disse professora Dra. Sarah da Silva.<\/p>\n<p>Na avalia\u00e7\u00e3o da coordenadora acad\u00eamica, o workshop ser\u00e1 uma importante atividade complementar \u00e0 forma\u00e7\u00e3o dos alunos. \u201cAl\u00e9m disso, contribuir\u00e1 com o posicionamento dos novos profissionais no mercado de trabalho, facilitando seus primeiros trabalhos\u201d, reconhece a professora.<\/p>\n<p>O canal de inscri\u00e7\u00e3o para o workshop ainda ser\u00e1 definido pela organiza\u00e7\u00e3o. Todos os participantes ter\u00e3o direito a certificado emitido pelo Idepplan, com validade de horas-cr\u00e9ditos para a forma\u00e7\u00e3o acad\u00eamica.<\/p>\n","protected":false},"excerpt":{"rendered":"<p>A Prefeitura de Apucarana, atrav&eacute;s do Instituto de Desenvolvimento, Pesquisa e Planejamento (Idepplan), anunciou nesta semana a realiza&ccedil;&atilde;o do 1&ordm; Workshop para Acad&ecirc;micos da Constru&ccedil;&atilde;o Civil. A iniciativa, que j&aacute; tem parceria da Universidade Tecnol&oacute;gica Federal do Paran&aacute; (UTFPR), atrav&eacute;s do campus Apucarana, ter&aacute; como p&uacute;blico alvo alunos de todos os cursos de gradua&ccedil;&atilde;o em [&hellip;]<\/p>\n","protected":false},"author":7,"featured_media":82059,"comment_status":"closed","ping_status":"closed","sticky":false,"template":"","format":"standard","meta":{"footnotes":""},"categories":[24],"tags":[],"class_list":["post-82050","post","type-post","status-publish","format-standard","has-post-thumbnail","hentry","category-noticias"],"acf":[],"_links":{"self":[{"href":"http:\/\/www.apucarana.pr.gov.br\/site\/wp-json\/wp\/v2\/posts\/82050","targetHints":{"allow":["GET"]}}],"collection":[{"href":"http:\/\/www.apucarana.pr.gov.br\/site\/wp-json\/wp\/v2\/posts"}],"about":[{"href":"http:\/\/www.apucarana.pr.gov.br\/site\/wp-json\/wp\/v2\/types\/post"}],"author":[{"embeddable":true,"href":"http:\/\/www.apucarana.pr.gov.br\/site\/wp-json\/wp\/v2\/users\/7"}],"replies":[{"embeddable":true,"href":"http:\/\/www.apucarana.pr.gov.br\/site\/wp-json\/wp\/v2\/comments?post=82050"}],"version-history":[{"count":4,"href":"http:\/\/www.apucarana.pr.gov.br\/site\/wp-json\/wp\/v2\/posts\/82050\/revisions"}],"predecessor-version":[{"id":82061,"href":"http:\/\/www.apucarana.pr.gov.br\/site\/wp-json\/wp\/v2\/posts\/82050\/revisions\/82061"}],"wp:featuredmedia":[{"embeddable":true,"href":"http:\/\/www.apucarana.pr.gov.br\/site\/wp-json\/wp\/v2\/media\/82059"}],"wp:attachment":[{"href":"http:\/\/www.apucarana.pr.gov.br\/site\/wp-json\/wp\/v2\/media?parent=82050"}],"wp:term":[{"taxonomy":"category","embeddable":true,"href":"http:\/\/www.apucarana.pr.gov.br\/site\/wp-json\/wp\/v2\/categories?post=82050"},{"taxonomy":"post_tag","embeddable":true,"href":"http:\/\/www.apucarana.pr.gov.br\/site\/wp-json\/wp\/v2\/tags?post=82050"}],"curies":[{"name":"wp","href":"https:\/\/api.w.org\/{rel}","templated":true}]}}