{"id":8203,"date":"2017-07-12T15:31:14","date_gmt":"2017-07-12T18:31:14","guid":{"rendered":"http:\/\/172.16.0.7\/site-antigo\/?p=8203"},"modified":"2024-10-08T09:14:49","modified_gmt":"2024-10-08T12:14:49","slug":"campeonatos-de-futsal-reunem-38-equipes-em-apucarana","status":"publish","type":"post","link":"http:\/\/www.apucarana.pr.gov.br\/site\/campeonatos-de-futsal-reunem-38-equipes-em-apucarana\/","title":{"rendered":"Campeonatos de futsal re\u00fanem 38 equipes em Apucarana"},"content":{"rendered":"<p>Congresso t\u00e9cnico realizado nesta ter\u00e7a-feira (11\/07), no Centro da Juventude, definiu o n\u00famero de equipes e a forma de disputa da edi\u00e7\u00e3o 2017 da primeira divis\u00e3o dos campeonatos municipais de futsal nas categorias \u201cAdulto\u201d e \u201cMenores\u201d. As competi\u00e7\u00f5es s\u00e3o organizadas pela Secretaria de Esportes e Juventude da Prefeitura de Apucarana. Ap\u00f3s apresenta\u00e7\u00e3o dos regulamentos, foi confirmada a participa\u00e7\u00e3o de 38 equipes, sendo 12 do \u201cAdulto\u201d e 26 equipes \u201cMenores\u201d: Sub-9, Sub-13 e Sub-17.<br \/>\nEntre atletas, dirigentes colaboradores e coordenadores estar\u00e3o envolvidos na competi\u00e7\u00e3o cerca de 700 pessoas. Em nome do prefeito Beto Preto, a secret\u00e1ria de Esportes e Juventude, professora Jossuela Martins Pirelli Pinheiro, deu as boas vindas a todos os dirigentes. \u201cQuero agradecer a confian\u00e7a depositada no trabalho que a secretaria vem desenvolvendo. Vamos estar juntos durante tr\u00eas meses de competi\u00e7\u00e3o e contamos desde j\u00e1 com a parceria de todos para que o campeonato seja um sucesso\u201d, disse Jossuela.<br \/>\nEla ressaltou o incentivo ao Esporte em Apucarana. \u201cO prefeito Beto Preto nos pede sempre que n\u00e3o me\u00e7amos esfor\u00e7os para promovemos sempre o melhor por todas as modalidades\u201d, afirmou a secret\u00e1ria, destacando as parcerias das equipes da Autarquia de Sa\u00fade e da Guarda Municipal. \u201cProfissionais sempre presentes, dando todo apoio ao longo de nossas competi\u00e7\u00f5es esportivas\u201d, agradeceu Jossuela.<br \/>\nAs informa\u00e7\u00f5es gerais sobre a f\u00f3rmula dos campeonatos foram detalhadas pelos coordenadores Emerson Garcia e Jeans Carlos Aguiar. A composi\u00e7\u00e3o dos grupos foi feita atrav\u00e9s de sorteio com a participa\u00e7\u00e3o efetiva de todos os dirigentes. \u201cFicou definido que o prazo final para as inscri\u00e7\u00f5es de atletas ser\u00e1 o dia 29 deste m\u00eas e o pontap\u00e9 inicial ser\u00e1 na primeira semana de outubro\u201d, afirmou a secret\u00e1ria de Esportes e Juventude de Apucarana.<br \/>\nServi\u00e7o: Mais informa\u00e7\u00f5es sobre a competi\u00e7\u00e3o e outros eventos esportivos, bem como participar das escolinhas de base da prefeitura podem ser verificadas pelo site www.apucarana.pr.gov.br\/esporte ou diretamente no Centro da Juventude, localizado na rua Piratininga, 464. Os telefones de contato s\u00e3o: 3422-5184 e 3424-0269, das 8 as 21 horas..<br \/>\nNa categoria \u201cAdulto\u201d as equipes foram dividas em tr\u00eas grupos:<br \/>\nNa primeira fase jogam entre si dentro do grupo, classificando-se para a pr\u00f3xima fase as duas melhores de cada grupo e as duas melhores terceiras colocadas.<br \/>\nGRUPO \u201cA\u201d: Marmoraria New Porto, Palmeirinhas\/L2 Confec\u00e7\u00f5es, Stivar e Seven Jeans.<br \/>\nGRUPO \u201cB\u201d: Kolumbus, Renato Lanches, Santos Surf\/Volts e Estampe\/Estamparia Digital.<br \/>\nGRUPO \u201cC\u201d: Fast Car Funilaria, Baterias Scarp, Plenitude e All Blacks.<br \/>\nJ\u00e1 as categorias \u201cMenores\u201d ficaram definidas da seguinte forma:<br \/>\nCategoria Sub-9<br \/>\nFormada por dois grupos que jogar\u00e3o entre si, ser\u00e3o classificadas as duas melhores equipes de cada grupo para a pr\u00f3xima fase.<br \/>\nOs grupos s\u00e3o:<br \/>\nGRUPO A: Clube 28 (2009), Gr\u00eamio da Vila Regina, Plat\u00e3o e Clube 28 (2008).<br \/>\nGRUPO B: Escola Furac\u00e3o, Col\u00e9gio Chamberlain e Bento Fernandes.<br \/>\nCategoria Sub-13<br \/>\nGrupo \u00fanico com seis equipes que jogam entre si e classificam-se as quatro melhores para a segunda fase.<br \/>\nAs equipes confirmadas s\u00e3o as seguintes: Col\u00e9gio Mater Dei, Gr\u00eamio da Vila Regina, Escola Furac\u00e3o, Col\u00e9gio Polivalente, Comander e Col\u00e9gio Plat\u00e3o.<br \/>\nCategoria Sub-17<br \/>\nFoi divida em tr\u00eas grupos sendo um grupo com cinco equipes e dois grupos com quatro equipes. Na primeira fase jogam entre si dentro do grupo, classificando-se para a pr\u00f3xima fase as duas melhores de cada grupo e as duas melhores terceiras colocadas.<br \/>\nOs grupos s\u00e3o:<br \/>\nGRUPO A: Santos Dumont \u201cB\u201d, Col\u00e9gio Mater Dei, Mec\u00e2nica Irm\u00e3os Isidoro, Col\u00e9gio Polivalente \u201cB\u201d.<br \/>\nGRUPO B: Col\u00e9gio Polivalente \u201cA\u201d, Comander \u201cB\u201d, Col\u00e9gio Cer\u00e1volo, Col\u00e9gio Cobra e Alexandria Store.<br \/>\nGRUPO C: Comander \u201cA\u201d, Santos Dummont \u201cA\u201d, Escola Furac\u00e3o e Bento Fernandes<\/p>\n","protected":false},"excerpt":{"rendered":"<p>Entre atletas, dirigentes colaboradores e coordenadores estar\u00e3o envolvidos na competi\u00e7\u00e3o cerca de 700 pessoas (Foto: divulga\u00e7\u00e3o)<\/p>\n","protected":false},"author":4,"featured_media":8210,"comment_status":"closed","ping_status":"open","sticky":false,"template":"","format":"standard","meta":{"footnotes":""},"categories":[24],"tags":[],"class_list":["post-8203","post","type-post","status-publish","format-standard","has-post-thumbnail","hentry","category-noticias"],"acf":[],"_links":{"self":[{"href":"http:\/\/www.apucarana.pr.gov.br\/site\/wp-json\/wp\/v2\/posts\/8203","targetHints":{"allow":["GET"]}}],"collection":[{"href":"http:\/\/www.apucarana.pr.gov.br\/site\/wp-json\/wp\/v2\/posts"}],"about":[{"href":"http:\/\/www.apucarana.pr.gov.br\/site\/wp-json\/wp\/v2\/types\/post"}],"author":[{"embeddable":true,"href":"http:\/\/www.apucarana.pr.gov.br\/site\/wp-json\/wp\/v2\/users\/4"}],"replies":[{"embeddable":true,"href":"http:\/\/www.apucarana.pr.gov.br\/site\/wp-json\/wp\/v2\/comments?post=8203"}],"version-history":[{"count":1,"href":"http:\/\/www.apucarana.pr.gov.br\/site\/wp-json\/wp\/v2\/posts\/8203\/revisions"}],"predecessor-version":[{"id":102229,"href":"http:\/\/www.apucarana.pr.gov.br\/site\/wp-json\/wp\/v2\/posts\/8203\/revisions\/102229"}],"wp:featuredmedia":[{"embeddable":true,"href":"http:\/\/www.apucarana.pr.gov.br\/site\/wp-json\/"}],"wp:attachment":[{"href":"http:\/\/www.apucarana.pr.gov.br\/site\/wp-json\/wp\/v2\/media?parent=8203"}],"wp:term":[{"taxonomy":"category","embeddable":true,"href":"http:\/\/www.apucarana.pr.gov.br\/site\/wp-json\/wp\/v2\/categories?post=8203"},{"taxonomy":"post_tag","embeddable":true,"href":"http:\/\/www.apucarana.pr.gov.br\/site\/wp-json\/wp\/v2\/tags?post=8203"}],"curies":[{"name":"wp","href":"https:\/\/api.w.org\/{rel}","templated":true}]}}