{"id":8194,"date":"2017-07-12T11:19:18","date_gmt":"2017-07-12T14:19:18","guid":{"rendered":"http:\/\/172.16.0.7\/site-antigo\/?p=8194"},"modified":"2024-10-08T09:14:49","modified_gmt":"2024-10-08T12:14:49","slug":"13o-salario-da-prefeitura-injeta-mais-de-r-4-milhoes-no-comercio","status":"publish","type":"post","link":"http:\/\/www.apucarana.pr.gov.br\/site\/13o-salario-da-prefeitura-injeta-mais-de-r-4-milhoes-no-comercio\/","title":{"rendered":"13\u00ba sal\u00e1rio da Prefeitura injeta  mais de R$ 4 milh\u00f5es no com\u00e9rcio"},"content":{"rendered":"<p style=\"text-align: justify;background: white;vertical-align: baseline;margin: 0cm 0cm 11.25pt 0cm\"><span style=\"font-size: 13.5pt;color: #333333\">No m\u00eas em que n\u00e3o h\u00e1 uma data comemorativa especial para incrementar as vendas, a Prefeitura de Apucarana injeta R$ 4.360.867,65 no com\u00e9rcio local. Trata-se da primeira parcela do 13\u00ba sal\u00e1rio dos servidores municipais, que estar\u00e1 dispon\u00edvel para saque a partir desta quinta-feira (13\/07).<\/span><\/p>\n<p style=\"text-align: justify;background: white;vertical-align: baseline;margin: 0cm 0cm 11.25pt 0cm\"><span style=\"font-size: 13.5pt;color: #333333\">O an\u00fancio foi feito pelo secret\u00e1rio municipal de Fazenda, Marcello Machado, que esteve acompanhado na entrevista coletiva concedida \u00e0 imprensa pela equipe de recursos humanos, tesouraria e contabilidade. Os recursos beneficiam 3.262 funcion\u00e1rios, abrangendo funcion\u00e1rios da Prefeitura (866), da Autarquia Municipal de Educa\u00e7\u00e3o (1.562), Autarquia Municipal de Sa\u00fade (819) e do Idepplan (15).<\/span><\/p>\n<p style=\"text-align: justify;background: white;vertical-align: baseline;margin: 0cm 0cm 11.25pt 0cm\"><span style=\"font-size: 13.5pt;color: #333333\">Machado lembrou que neste ano a dificuldade aumentou para os munic\u00edpios, com a queda na arrecada\u00e7\u00e3o provocada pela crise econ\u00f4mica pela qual o pa\u00eds atravessa. \u201cEsse \u00e9 um dos piores anos em termos de arrecada\u00e7\u00e3o, mas seguindo o que o prefeito Beto Preto determina cumprimos mais uma vez o planejamento, sempre com austeridade e economizando recursos\u201d, frisa o secret\u00e1rio municipal de Fazenda. <\/span><\/p>\n<p style=\"text-align: justify;background: white;vertical-align: baseline;margin: 0cm 0cm 11.25pt 0cm\"><span style=\"font-size: 13.5pt;color: #333333\">A prioridade da atual administra\u00e7\u00e3o, conforme Machado, \u00e9 o pagamento em dia da folha salarial, dos encargos trabalhistas e dos fornecedores. \u201cJ\u00e1 fizemos o pagamento de 54 folhas e nove vezes o 13\u00ba sal\u00e1rio, tudo rigorosamente em dia e ainda iniciando a concess\u00e3o de avan\u00e7os funcionais. Al\u00e9m disso, j\u00e1 pagamos R$ 55 milh\u00f5es de d\u00edvidas herdadas e investimos outros R$ 50 milh\u00f5es em obras, servi\u00e7os, equipamentos e ve\u00edculos\u201d, frisa.<\/span><\/p>\n<p style=\"text-align: justify;background: white;vertical-align: baseline;margin: 0cm 0cm 11.25pt 0cm\"><span style=\"font-size: 13.5pt;color: #333333\">De acordo com ele, a primeira parcela representa 50% do sal\u00e1rio extra, sendo os valores repassados integralmente, ou seja, sem os descontos referentes ao Imposto de Renda (IR) e INSS. J\u00e1 a segunda parcela dever\u00e1 ser liberada em meados de dezembro. <\/span><\/p>\n<p style=\"text-align: justify;background: white;vertical-align: baseline;margin: 0cm 0cm 11.25pt 0cm\"><span style=\"font-size: 13.5pt;color: #333333\">O montante liberado aquece a economia local, favorecendo o consumo de produtos e servi\u00e7os na cidade. \u201cIsso \u00e9 muito importante para movimentar o com\u00e9rcio, pois o recurso entra no m\u00eas de julho, \u00e9poca em que n\u00e3o tem nenhuma data comemorativa especial para fomentar as vendas\u201d, avalia Machado. <\/span><\/p>\n","protected":false},"excerpt":{"rendered":"<p>Valores estar\u00e3o dispon\u00edveis para saque a partir desta quinta-feira (13\/07). Foto: Edson Denobi<\/p>\n","protected":false},"author":4,"featured_media":8196,"comment_status":"closed","ping_status":"open","sticky":false,"template":"","format":"standard","meta":{"footnotes":""},"categories":[24],"tags":[],"class_list":["post-8194","post","type-post","status-publish","format-standard","has-post-thumbnail","hentry","category-noticias"],"acf":[],"_links":{"self":[{"href":"http:\/\/www.apucarana.pr.gov.br\/site\/wp-json\/wp\/v2\/posts\/8194","targetHints":{"allow":["GET"]}}],"collection":[{"href":"http:\/\/www.apucarana.pr.gov.br\/site\/wp-json\/wp\/v2\/posts"}],"about":[{"href":"http:\/\/www.apucarana.pr.gov.br\/site\/wp-json\/wp\/v2\/types\/post"}],"author":[{"embeddable":true,"href":"http:\/\/www.apucarana.pr.gov.br\/site\/wp-json\/wp\/v2\/users\/4"}],"replies":[{"embeddable":true,"href":"http:\/\/www.apucarana.pr.gov.br\/site\/wp-json\/wp\/v2\/comments?post=8194"}],"version-history":[{"count":1,"href":"http:\/\/www.apucarana.pr.gov.br\/site\/wp-json\/wp\/v2\/posts\/8194\/revisions"}],"predecessor-version":[{"id":102230,"href":"http:\/\/www.apucarana.pr.gov.br\/site\/wp-json\/wp\/v2\/posts\/8194\/revisions\/102230"}],"wp:featuredmedia":[{"embeddable":true,"href":"http:\/\/www.apucarana.pr.gov.br\/site\/wp-json\/"}],"wp:attachment":[{"href":"http:\/\/www.apucarana.pr.gov.br\/site\/wp-json\/wp\/v2\/media?parent=8194"}],"wp:term":[{"taxonomy":"category","embeddable":true,"href":"http:\/\/www.apucarana.pr.gov.br\/site\/wp-json\/wp\/v2\/categories?post=8194"},{"taxonomy":"post_tag","embeddable":true,"href":"http:\/\/www.apucarana.pr.gov.br\/site\/wp-json\/wp\/v2\/tags?post=8194"}],"curies":[{"name":"wp","href":"https:\/\/api.w.org\/{rel}","templated":true}]}}