{"id":8187,"date":"2017-07-11T18:03:36","date_gmt":"2017-07-11T21:03:36","guid":{"rendered":"http:\/\/172.16.0.7\/site-antigo\/?p=8187"},"modified":"2024-10-08T09:14:49","modified_gmt":"2024-10-08T12:14:49","slug":"extensao-do-festival-de-musica-de-londrina-tem-sequencia-em-apucarana","status":"publish","type":"post","link":"http:\/\/www.apucarana.pr.gov.br\/site\/extensao-do-festival-de-musica-de-londrina-tem-sequencia-em-apucarana\/","title":{"rendered":"Extens\u00e3o do Festival de M\u00fasica de Londrina tem sequencia em Apucarana"},"content":{"rendered":"<p>Tem sequencia no \u00a0Cine Teatro F\u00eanix, de Apucarana, a s\u00e9rie de espet\u00e1culos dentro do 37\u00ba Festival Internacional de M\u00fasica de Londrina (FML). \u201cTodos ter\u00e3o entrada gratuita e os ingressos dever\u00e3o ser retirados a partir de uma hora antes de cada espet\u00e1culo, que ter\u00e3o in\u00edcio sempre \u00e0s 20 horas, limitados a 480 lugares que \u00e9 a capacidade do local\u201d, informa Maria Agar Borba Ferreira, secret\u00e1ria Municipal da Promatur.<br \/>\nA segunda atra\u00e7\u00e3o que acontece nesta quinta-feira (13), ser\u00e1 o \u201cDuo de Piano Gomez Lee\u201d, com a sul-coreana Jaeeun Lee e o espanhol Javier Gomez Dolera, pianistas solistas que colecionam pr\u00eamios em competi\u00e7\u00f5es internacionais tocando em concertos e recitais em todo mundo . Dia 17 de julho, o espet\u00e1culo ser\u00e1 com \u201cCida Moreira\u201d \u2013 Show Soledade Solo, cantora, atriz e pianista brasileira que tem uma carreira premiada desde a d\u00e9cada de 70. Ela estreou nos palcos brasileiros na d\u00e9cada de 1970. Seu primeiro trabalho musical, \u201cSummertime\u201d, independente e ao vivo, foi lan\u00e7ado em 1981, com cl\u00e1ssicos do jazz e do blues, al\u00e9m da vers\u00e3o censurada de \u201cGeni e o Zepelim\u201d, de Chico Buarque. Cantora, pianista e atriz, lan\u00e7ou dez \u00e1lbuns, dentre os quais \u201cCida Moreira interpreta Brecht\u201d (1988), \u201cCida Moreira canta Chico Buarque\u201d (1993) e \u201cA Dama Indigna\u201d (2011). Ganhou o pr\u00eamio de Melhor Atriz pelo filme \u201cO Que Se Move\u201d (2013) no Lakino Film Festival, em Berlim.<br \/>\n\u201cDa R\u00e1dio Marconi, de Paragua\u00e7u Paulista, \u00e0 era de ouro da MPB, passando por festivais interioranos e shows universit\u00e1rios, Cida foi desembocar nos palcos de S\u00e3o Paulo, Rio e outras pra\u00e7as, sempre ligada ao que de mais avan\u00e7ado se fazia no pa\u00eds e no mundo, tendo bebido de todos os mananciais mais substanciosos e convivido com pessoas \u00e0 altura das suas aspira\u00e7\u00f5es. E s\u00f3 poderia mesmo ter surpreendido com o ecletismo de suas escolhas, provando ser, em todas elas, a artista completa que \u00e9, senhora absoluta de sua voz, de sua emo\u00e7\u00e3o e do espa\u00e7o que ocupa nos palcos e na vida dos que a rodeiam. E n\u00e3o sei se no plano mundial se vai encontrar express\u00e3o t\u00e3o acabada do casamento de m\u00fasica e teatro, com um repert\u00f3rio que inclui Brecht e Kurt Weill (\u00e0s vezes, Hans Eissler ou Paul Dessau), Chico Buarque, as can\u00e7\u00f5es do cinema brasileiro, Adoniran Barbosa, as modinhas de M\u00e1rio de Andrade, Tom Waits e Cartola. Para n\u00e3o falar de suas participa\u00e7\u00f5es em homenagens a Paulinho da Viola, Maysa e Dolores Duran. Deveras, um repert\u00f3rio consider\u00e1vel, sendo ela, a int\u00e9rprete singular, express\u00e3o de algo que, entre n\u00f3s, apenas os circos-teatro e os chamados teatros de alum\u00ednio das nossas inf\u00e2ncias tiveram. Enfim, uma cantora de repert\u00f3rio, como se diz que o teatro alem\u00e3o, por exemplo, \u00e9 um teatro de repert\u00f3rio\u201d (Jos\u00e9 Pedro Antunes no livro \u201cCida Moreira: a dona das can\u00e7\u00f5es\u201d (2012), de Thiago Sogayar Bechara).<br \/>\nDia 18 de julho, \u00e0s 20 horas, o teatro apucaranense receber\u00e1 recital de piano com a ucraniana \u201cJulija Botchkovskaia\u201d. Quando pequena, tocou em v\u00e1rios lugares da antiga Uni\u00e3o Sovi\u00e9tica, tanto em recitais solo como acompanhada por v\u00e1rias orquestras. Atualmente, tem se apresentado em salas de concerto por todo o mundo, inclusive Jap\u00e3o e Am\u00e9rica do Sul. E, finalmente, no dia 21 de julho, \u00e0s 20 horas, \u201cDuo Clavis\u201d, que apresenta uma rara forma\u00e7\u00e3o e combina\u00e7\u00e3o sonora usada na m\u00fasica brasileira instrumental (vibrafone\/marimba &amp; piano) atrav\u00e9s de sua criatividade e improvisa\u00e7\u00f5es apresentadas por seu repert\u00f3rio e releituras. O Duo foi formado em 2011 pelos m\u00fasicos londrinenses: Marcello Casagrande e Mateus Gonsales.<br \/>\nSegundo o diretor de cultura, Orisvaldo Cesar \u201cesses mesmo espet\u00e1culos que estamos oferecendo gratuitamente para a popula\u00e7\u00e3o apucaranense, s\u00e3o cobrados durante o festival em Londrina\u201d, informou o diretor.<br \/>\nO FML \u00e9 uma realiza\u00e7\u00e3o do Governo do Paran\u00e1, Prefeitura do Munic\u00edpio de Londrina, Universidade Estadual de Londrina (UEL) e Associa\u00e7\u00e3o de Amigos do FML, a realiza\u00e7\u00e3o da extens\u00e3o do festival em Apucarana \u00e9 da Secretaria Municipal de Promo\u00e7\u00e3o Art\u00edstica, Cultural e Tur\u00edstica de Apucarana. \u00a0Mais detalhes sobre os espet\u00e1culos da extens\u00e3o Apucarana podem ser obtidas no site www.apucarana.pr.gov.br ou pelo telefone 3423-2944.<\/p>\n","protected":false},"excerpt":{"rendered":"<p>Os espet\u00e1culos come\u00e7am sempre \u00e0s 20 horas e o ingresso pode ser retirado uma hora antes (Fotos: Josias Profeta) <\/p>\n","protected":false},"author":4,"featured_media":8188,"comment_status":"closed","ping_status":"open","sticky":false,"template":"","format":"standard","meta":{"footnotes":""},"categories":[24],"tags":[],"class_list":["post-8187","post","type-post","status-publish","format-standard","has-post-thumbnail","hentry","category-noticias"],"acf":[],"_links":{"self":[{"href":"http:\/\/www.apucarana.pr.gov.br\/site\/wp-json\/wp\/v2\/posts\/8187","targetHints":{"allow":["GET"]}}],"collection":[{"href":"http:\/\/www.apucarana.pr.gov.br\/site\/wp-json\/wp\/v2\/posts"}],"about":[{"href":"http:\/\/www.apucarana.pr.gov.br\/site\/wp-json\/wp\/v2\/types\/post"}],"author":[{"embeddable":true,"href":"http:\/\/www.apucarana.pr.gov.br\/site\/wp-json\/wp\/v2\/users\/4"}],"replies":[{"embeddable":true,"href":"http:\/\/www.apucarana.pr.gov.br\/site\/wp-json\/wp\/v2\/comments?post=8187"}],"version-history":[{"count":1,"href":"http:\/\/www.apucarana.pr.gov.br\/site\/wp-json\/wp\/v2\/posts\/8187\/revisions"}],"predecessor-version":[{"id":102231,"href":"http:\/\/www.apucarana.pr.gov.br\/site\/wp-json\/wp\/v2\/posts\/8187\/revisions\/102231"}],"wp:featuredmedia":[{"embeddable":true,"href":"http:\/\/www.apucarana.pr.gov.br\/site\/wp-json\/"}],"wp:attachment":[{"href":"http:\/\/www.apucarana.pr.gov.br\/site\/wp-json\/wp\/v2\/media?parent=8187"}],"wp:term":[{"taxonomy":"category","embeddable":true,"href":"http:\/\/www.apucarana.pr.gov.br\/site\/wp-json\/wp\/v2\/categories?post=8187"},{"taxonomy":"post_tag","embeddable":true,"href":"http:\/\/www.apucarana.pr.gov.br\/site\/wp-json\/wp\/v2\/tags?post=8187"}],"curies":[{"name":"wp","href":"https:\/\/api.w.org\/{rel}","templated":true}]}}