{"id":8179,"date":"2017-07-11T17:13:17","date_gmt":"2017-07-11T20:13:17","guid":{"rendered":"http:\/\/172.16.0.7\/site-antigo\/?p=8179"},"modified":"2024-10-08T09:14:49","modified_gmt":"2024-10-08T12:14:49","slug":"prefeitura-melhora-acessibilidade-no-entorno-do-santos-dumont","status":"publish","type":"post","link":"http:\/\/www.apucarana.pr.gov.br\/site\/prefeitura-melhora-acessibilidade-no-entorno-do-santos-dumont\/","title":{"rendered":"Prefeitura melhora acessibilidade no entorno do \u201cSantos Dumont\u201d"},"content":{"rendered":"<p>Quem passou esta semana pelas imedia\u00e7\u00f5es do Col\u00e9gio Estadual Alberto Santos Dumont reparou uma movimenta\u00e7\u00e3o de m\u00e1quinas e oper\u00e1rios da prefeitura. A iniciativa tem por objetivo revitaliza\u00e7\u00e3o urbana e melhoria da acessibilidade no entorno da institui\u00e7\u00e3o educacional, sobretudo em 100 metros lineares de cal\u00e7ada referente a trecho da Avenida Igua\u00e7u. O prefeito Beto Preto destaca que o \u201cSantos Dumont\u201d faz parte da hist\u00f3ria do munic\u00edpio, sendo a primeira escola da cidade inaugurada em fevereiro de 1943 sob o t\u00edtulo de Grupo Escolar de Apucarana. \u201cEstamos agora promovendo melhorias no seu entorno, um gesto de carinho n\u00e3o s\u00f3 para os alunos e professores, mas para a popula\u00e7\u00e3o em geral que utiliza o passeio\u201d, disse Beto Preto.<br \/>\nA execu\u00e7\u00e3o do servi\u00e7o est\u00e1 a cargo da Secretaria Municipal de Obras. \u201cNesta segunda e ter\u00e7a-feira realizamos a remo\u00e7\u00e3o de algumas \u00e1rvores condenadas, cujo os miolos estavam totalmente destru\u00eddos pela a\u00e7\u00e3o de cupins, e tamb\u00e9m iniciamos a retirada de grande parte do entulho dos trechos deteriorados de cal\u00e7ada, relatou Helligtonn Gomes Martins, diretor do Departamento Municipal de Obras.<br \/>\nEle explica que o passeio ser\u00e1 totalmente recuperado na face da Avenida Igua\u00e7u e, nos demais trechos \u2013 ruas Lapa e Ant\u00f4nio Ostrenski \u2013 o projeto e realizar manuten\u00e7\u00e3o do cal\u00e7amento existente e poda controlada de galhos. O trecho da rua Erasto Gaertner, defronte ao pr\u00e9dio da prefeitura, n\u00e3o necessita de reparos. \u201cVamos construir um novo cal\u00e7amento com concreto alisado, nos mesmos moldes da pista de caminhada e corrida do Parque Municipal Jaboti e que tamb\u00e9m levamos para o entorno do bosque municipal\u201d, informou Martins. A proje\u00e7\u00e3o \u00e9 de que sejam utilizados cerca de 30 metros c\u00fabicos de concreto alisado. \u201cA concretagem deve ter in\u00edcio nesta sexta-feira\u201d, disse.<br \/>\nO trabalho tamb\u00e9m prev\u00ea rearboriza\u00e7\u00e3o. \u201cVamos plantar mudas de manac\u00e1s da serra, esp\u00e9cie pr\u00f3pria para \u00e1rea urbana, em substitui\u00e7\u00e3o \u00e0s \u00e1rvores que precisaram ser removidas\u201d, relatou o diretor Municipal de Obras. O investimento final aproximado com a empreitada \u00e9 de R$10 mil.<\/p>\n","protected":false},"excerpt":{"rendered":"<p>A iniciativa visa sobretudo a reconstru\u00e7\u00e3o da cal\u00e7ada nos 100 metros lineares referente a trecho da Avenida Igua\u00e7u (Foto: Edson Denobi)<\/p>\n","protected":false},"author":4,"featured_media":8180,"comment_status":"closed","ping_status":"open","sticky":false,"template":"","format":"standard","meta":{"footnotes":""},"categories":[24],"tags":[],"class_list":["post-8179","post","type-post","status-publish","format-standard","has-post-thumbnail","hentry","category-noticias"],"acf":[],"_links":{"self":[{"href":"http:\/\/www.apucarana.pr.gov.br\/site\/wp-json\/wp\/v2\/posts\/8179","targetHints":{"allow":["GET"]}}],"collection":[{"href":"http:\/\/www.apucarana.pr.gov.br\/site\/wp-json\/wp\/v2\/posts"}],"about":[{"href":"http:\/\/www.apucarana.pr.gov.br\/site\/wp-json\/wp\/v2\/types\/post"}],"author":[{"embeddable":true,"href":"http:\/\/www.apucarana.pr.gov.br\/site\/wp-json\/wp\/v2\/users\/4"}],"replies":[{"embeddable":true,"href":"http:\/\/www.apucarana.pr.gov.br\/site\/wp-json\/wp\/v2\/comments?post=8179"}],"version-history":[{"count":1,"href":"http:\/\/www.apucarana.pr.gov.br\/site\/wp-json\/wp\/v2\/posts\/8179\/revisions"}],"predecessor-version":[{"id":102232,"href":"http:\/\/www.apucarana.pr.gov.br\/site\/wp-json\/wp\/v2\/posts\/8179\/revisions\/102232"}],"wp:featuredmedia":[{"embeddable":true,"href":"http:\/\/www.apucarana.pr.gov.br\/site\/wp-json\/"}],"wp:attachment":[{"href":"http:\/\/www.apucarana.pr.gov.br\/site\/wp-json\/wp\/v2\/media?parent=8179"}],"wp:term":[{"taxonomy":"category","embeddable":true,"href":"http:\/\/www.apucarana.pr.gov.br\/site\/wp-json\/wp\/v2\/categories?post=8179"},{"taxonomy":"post_tag","embeddable":true,"href":"http:\/\/www.apucarana.pr.gov.br\/site\/wp-json\/wp\/v2\/tags?post=8179"}],"curies":[{"name":"wp","href":"https:\/\/api.w.org\/{rel}","templated":true}]}}