{"id":81776,"date":"2023-05-30T17:38:58","date_gmt":"2023-05-30T20:38:58","guid":{"rendered":"http:\/\/www.apucarana.pr.gov.br\/site\/?p=81776"},"modified":"2024-10-08T09:29:56","modified_gmt":"2024-10-08T12:29:56","slug":"junior-da-femac-participa-de-forum-de-prefeitos-sobre-cidades-educadoras","status":"publish","type":"post","link":"http:\/\/www.apucarana.pr.gov.br\/site\/junior-da-femac-participa-de-forum-de-prefeitos-sobre-cidades-educadoras\/","title":{"rendered":"Junior da Femac participa de f\u00f3rum de prefeitos sobre Cidades Educadoras"},"content":{"rendered":"\n\t\t<!-- MasterSlider -->\n\t\t<div id=\"P_MS69efe24b30e35\" class=\"master-slider-parent master-slider-gallery   ms-parent-id-0\" style=\"\" >\n\n\t\t\t\n\t\t\t<!-- MasterSlider Main -->\n\t\t\t<div id=\"MS69efe24b30e35\" class=\"master-slider ms-skin-default\" >\n\t\t\t\t \t\t\t\t \n\t\t\t<div  class=\"ms-slide\" data-delay=\"3\"    >\n\t\t\t\t\t<img decoding=\"async\" src=\"http:\/\/www.apucarana.pr.gov.br\/site\/wp-content\/plugins\/masterslider\/public\/assets\/css\/blank.gif\" alt=\"bce37232-0a01-47fe-abb7-39601327ea85 - hotizontal\" title=\"bce37232-0a01-47fe-abb7-39601327ea85 - hotizontal\" data-src=\"http:\/\/www.apucarana.pr.gov.br\/site\/wp-content\/uploads\/2023\/05\/bce37232-0a01-47fe-abb7-39601327ea85-hotizontal.jpg\" \/>\n\t<a href=\"http:\/\/www.apucarana.pr.gov.br\/site\/wp-content\/uploads\/2023\/05\/bce37232-0a01-47fe-abb7-39601327ea85-hotizontal.jpg\" target=\"_self\"    >bce37232-0a01-47fe-abb7-39601327ea85 - hotizontal<\/a>\n\n\n\t\t\t\t<\/div>\n\n\t\t\t<\/div>\n\t\t\t<!-- END MasterSlider Main -->\n\n\t\t\t \n\t\t<\/div>\n\t\t<!-- END MasterSlider -->\n\n\t\t<script>\n\t\t( window.MSReady = window.MSReady || [] ).push( function( $ ) {\n\n\t\t\t\"use strict\";\n\t\t\tvar masterslider_0e35 = new MasterSlider();\n\n\t\t\t\/\/ slider controls\n\t\t\tmasterslider_0e35.control('arrows'     ,{ autohide:true, overVideo:true  });\n\t\t\t\/\/ slider setup\n\t\t\tmasterslider_0e35.setup(\"MS69efe24b30e35\", {\n\t\t\t\twidth           : 960,\n\t\t\t\theight          : 540,\n\t\t\t\tminHeight       : 0,\n\t\t\t\tspace           : 0,\n\t\t\t\tstart           : 1,\n\t\t\t\tgrabCursor      : true,\n\t\t\t\tswipe           : true,\n\t\t\t\tmouse           : true,\n\t\t\t\tkeyboard        : false,\n\t\t\t\tlayout          : \"fillwidth\",\n\t\t\t\twheel           : false,\n\t\t\t\tautoplay        : true,\n                instantStartLayers:false,\n\t\t\t\tmobileBGVideo:false,\n\t\t\t\tloop            : true,\n\t\t\t\tshuffle         : false,\n\t\t\t\tpreload         : 3,\n\t\t\t\theightLimit     : false,\n\t\t\t\tautoHeight      : false,\n\t\t\t\tsmoothHeight    : true,\n\t\t\t\tendPause        : false,\n\t\t\t\toverPause       : false,\n\t\t\t\tfillMode        : \"fill\",\n\t\t\t\tcenterControls  : true,\n\t\t\t\tstartOnAppear   : false,\n\t\t\t\tlayersMode      : \"center\",\n\t\t\t\tautofillTarget  : \"\",\n\t\t\t\thideLayers      : false,\n\t\t\t\tfullscreenMargin: 0,\n\t\t\t\tspeed           : 17,\n\t\t\t\tdir             : \"h\",\n\t\t\t\tresponsive      : true,\n\t\t\t\ttabletWidth     : 768,\n\t\t\t\ttabletHeight    : null,\n\t\t\t\tphoneWidth      : 480,\n\t\t\t\tphoneHeight    : null,\n\t\t\t\tsizingReference : window,\n\t\t\t\tparallaxMode    : 'swipe',\n\t\t\t\tview            : \"basic\"\n\t\t\t});\n\n\t\t\t\n\t\t\twindow.masterslider_instances = window.masterslider_instances || [];\n\t\t\twindow.masterslider_instances.push( masterslider_0e35 );\n\t\t});\n\t\t<\/script>\n\n\n<p>O prefeito Junior da Femac cumpriu agenda na capital do estado nesta ter\u00e7a-feira (30\/5). Durante a manh\u00e3, ele participou do <em>F\u00f3rum de Prefeitos: integra\u00e7\u00e3o entre as cidades<\/em> no Sal\u00e3o de Atos do Parque Barigui. A programa\u00e7\u00e3o do evento abordou o tema Cidades Educadoras.<\/p>\n<p>\u201cEm 2021, em decorr\u00eancia dos excelentes resultados que temos obtido na educa\u00e7\u00e3o municipal, Apucarana recebeu o convite para integrar a Associa\u00e7\u00e3o Internacional de Cidades Educadoras. Essa organiza\u00e7\u00e3o, sem fins lucrativos, com sede em Barcelona, re\u00fane um seleto grupo de munic\u00edpios \u2013 apenas 31 no Brasil e 500 ao redor do globo \u2013 engajados em projetos que visam \u00e0 melhoria da qualidade de vida da popula\u00e7\u00e3o,\u201d explicou Junior da Femac.<\/p>\n<p>A secret\u00e1ria Marli Fernandes destaca que a educa\u00e7\u00e3o municipal de Apucarana passou por uma revolu\u00e7\u00e3o desde 2013. \u201cOs sessenta pr\u00e9dios escolares da nossa rede foram reformados e ampliados, a merenda foi refor\u00e7ada com frutas, verduras e legumes comprados diretamente da agricultura familiar, as disciplinas de ingl\u00eas, espanhol e Libras (L\u00edngua Brasileira de Sinais) foram acrescentadas ao curr\u00edculo e um sistema apostilado de ensino tamb\u00e9m foi implantado nas escolas. Gra\u00e7as a essas e outras a\u00e7\u00f5es, as nossas crian\u00e7as conquistaram a melhor nota, entre os munic\u00edpios de m\u00e9dio e grande porte do Paran\u00e1, na \u00faltima edi\u00e7\u00e3o do \u00cdndice de Desenvolvimento da Educa\u00e7\u00e3o B\u00e1sica (IDEB),\u201d comemorou.<\/p>\n<p>O <em>F\u00f3rum de Prefeitos: integra\u00e7\u00e3o entre as cidades<\/em> \u00e9 uma das etapas preparat\u00f3rias para o Congresso Internacional das Cidades Educadoras, que ser\u00e1 realizado em maio de 2024, em Curitiba. \u201cEu sinto-me honrado em partilhar as boas experi\u00eancias do nosso munic\u00edpio com outros gestores. A troca de informa\u00e7\u00f5es tamb\u00e9m \u00e9 fundamental para trazermos outros projetos educacionais inovadores para Apucarana,\u201d afirmou o prefeito Junior da Femac.<\/p>\n<p>Durante o f\u00f3rum, o prefeito Junior da Femac encontrou e conversou com o Secret\u00e1rio de Estado das Cidades do Paran\u00e1, Eduardo Pimentel Slaviero (foto).<\/p>\n","protected":false},"excerpt":{"rendered":"<p>O prefeito Junior da Femac cumpriu agenda na capital do estado nesta ter&ccedil;a-feira (30\/5). Durante a manh&atilde;, ele participou do F&oacute;rum de Prefeitos: integra&ccedil;&atilde;o entre as cidades no Sal&atilde;o de Atos do Parque Barigui. A programa&ccedil;&atilde;o do evento abordou o tema Cidades Educadoras. &ldquo;Em 2021, em decorr&ecirc;ncia dos excelentes resultados que temos obtido na educa&ccedil;&atilde;o [&hellip;]<\/p>\n","protected":false},"author":8,"featured_media":81777,"comment_status":"closed","ping_status":"closed","sticky":false,"template":"","format":"standard","meta":{"footnotes":""},"categories":[24],"tags":[],"class_list":["post-81776","post","type-post","status-publish","format-standard","has-post-thumbnail","hentry","category-noticias"],"acf":[],"_links":{"self":[{"href":"http:\/\/www.apucarana.pr.gov.br\/site\/wp-json\/wp\/v2\/posts\/81776","targetHints":{"allow":["GET"]}}],"collection":[{"href":"http:\/\/www.apucarana.pr.gov.br\/site\/wp-json\/wp\/v2\/posts"}],"about":[{"href":"http:\/\/www.apucarana.pr.gov.br\/site\/wp-json\/wp\/v2\/types\/post"}],"author":[{"embeddable":true,"href":"http:\/\/www.apucarana.pr.gov.br\/site\/wp-json\/wp\/v2\/users\/8"}],"replies":[{"embeddable":true,"href":"http:\/\/www.apucarana.pr.gov.br\/site\/wp-json\/wp\/v2\/comments?post=81776"}],"version-history":[{"count":2,"href":"http:\/\/www.apucarana.pr.gov.br\/site\/wp-json\/wp\/v2\/posts\/81776\/revisions"}],"predecessor-version":[{"id":81780,"href":"http:\/\/www.apucarana.pr.gov.br\/site\/wp-json\/wp\/v2\/posts\/81776\/revisions\/81780"}],"wp:featuredmedia":[{"embeddable":true,"href":"http:\/\/www.apucarana.pr.gov.br\/site\/wp-json\/wp\/v2\/media\/81777"}],"wp:attachment":[{"href":"http:\/\/www.apucarana.pr.gov.br\/site\/wp-json\/wp\/v2\/media?parent=81776"}],"wp:term":[{"taxonomy":"category","embeddable":true,"href":"http:\/\/www.apucarana.pr.gov.br\/site\/wp-json\/wp\/v2\/categories?post=81776"},{"taxonomy":"post_tag","embeddable":true,"href":"http:\/\/www.apucarana.pr.gov.br\/site\/wp-json\/wp\/v2\/tags?post=81776"}],"curies":[{"name":"wp","href":"https:\/\/api.w.org\/{rel}","templated":true}]}}