{"id":8171,"date":"2017-07-11T17:09:06","date_gmt":"2017-07-11T20:09:06","guid":{"rendered":"http:\/\/172.16.0.7\/site-antigo\/?p=8171"},"modified":"2024-10-08T09:14:49","modified_gmt":"2024-10-08T12:14:49","slug":"instalacao-de-alambrado-reforca-seguranca-no-lagoao","status":"publish","type":"post","link":"http:\/\/www.apucarana.pr.gov.br\/site\/instalacao-de-alambrado-reforca-seguranca-no-lagoao\/","title":{"rendered":"Instala\u00e7\u00e3o de alambrado refor\u00e7a seguran\u00e7a no Lago\u00e3o"},"content":{"rendered":"<p>Uma empreiteira contratada pela Prefeitura de Apucarana iniciou nesta semana a instala\u00e7\u00e3o de 350 metros lineares de alambrado no entorno do Complexo Esportivo Jos\u00e9 Ant\u00f4nio Basso (Lago\u00e3o). A benfeitoria, em trecho da Avenida Irati, complementa a reconstru\u00e7\u00e3o do muro de arrimo e cal\u00e7amento executada no ano passado e, segundo destacou o prefeito Beto Preto, refor\u00e7a a prote\u00e7\u00e3o dos pedestres e garante maior seguran\u00e7a quanto ao acesso ilegal ao complexo. \u201cA acessibilidade e o zelo com o patrim\u00f4nio p\u00fablico fazem parte do plano de governo da nossa administra\u00e7\u00e3o. Esse investimento, ao mesmo tempo, que protege o bem p\u00fablico, tamb\u00e9m visa salvaguardar a integridade f\u00edsica de quem transita pelo passeio neste local, que sem o alambrado corre risco de queda\u201d, pontuou o prefeito.<br \/>\nO investimento na obra \u00e9 de R$71.656,74, com recursos do caixa pr\u00f3prio da prefeitura. A vencedora da licita\u00e7\u00e3o foi a empresa Telas de Alambrados Maring\u00e1 Ltda. \u201c\u00c9 uma execu\u00e7\u00e3o com produtos de qualidade, que v\u00e3o ter uma vida \u00fatil muito grande\u201d, concluiu Beto Preto.<br \/>\nO secret\u00e1rio Municipal de Obras, Herivelto Moreno, explica que o alambrado ser\u00e1 na modalidade tela soldada. \u201cSer\u00e3o 350 metros lineares com dois metros de altura\u201d, informou. A previs\u00e3o \u00e9 de que o servi\u00e7o esteja conclu\u00eddo em 10 dias. Ele lembrou que no ano passado, com a reconstru\u00e7\u00e3o do muro de arrimo e da cal\u00e7ada (destru\u00eddos pela chuva), a prefeitura j\u00e1 havia investido R$154.520,93 no trecho. \u201cNa ocasi\u00e3o foram executados 1.000 metros quadrados de cal\u00e7amento, com assentamento de piso do tipo ladrilho hidr\u00e1ulico, e 250 metros quadrados de muro estrutural\u201d, recordou. A obra foi executada pela empresa Proativa Constru\u00e7\u00e3o Ltda EPP, de Campo Mour\u00e3o.<\/p>\n","protected":false},"excerpt":{"rendered":"<p> A benfeitoria, em trecho da Avenida Irati, complementa a reconstru\u00e7\u00e3o do muro de arrimo e cal\u00e7amento executada no ano passado (Foto: Edson Denobi)<\/p>\n","protected":false},"author":4,"featured_media":8176,"comment_status":"closed","ping_status":"open","sticky":false,"template":"","format":"standard","meta":{"footnotes":""},"categories":[24],"tags":[],"class_list":["post-8171","post","type-post","status-publish","format-standard","has-post-thumbnail","hentry","category-noticias"],"acf":[],"_links":{"self":[{"href":"http:\/\/www.apucarana.pr.gov.br\/site\/wp-json\/wp\/v2\/posts\/8171","targetHints":{"allow":["GET"]}}],"collection":[{"href":"http:\/\/www.apucarana.pr.gov.br\/site\/wp-json\/wp\/v2\/posts"}],"about":[{"href":"http:\/\/www.apucarana.pr.gov.br\/site\/wp-json\/wp\/v2\/types\/post"}],"author":[{"embeddable":true,"href":"http:\/\/www.apucarana.pr.gov.br\/site\/wp-json\/wp\/v2\/users\/4"}],"replies":[{"embeddable":true,"href":"http:\/\/www.apucarana.pr.gov.br\/site\/wp-json\/wp\/v2\/comments?post=8171"}],"version-history":[{"count":1,"href":"http:\/\/www.apucarana.pr.gov.br\/site\/wp-json\/wp\/v2\/posts\/8171\/revisions"}],"predecessor-version":[{"id":102233,"href":"http:\/\/www.apucarana.pr.gov.br\/site\/wp-json\/wp\/v2\/posts\/8171\/revisions\/102233"}],"wp:featuredmedia":[{"embeddable":true,"href":"http:\/\/www.apucarana.pr.gov.br\/site\/wp-json\/"}],"wp:attachment":[{"href":"http:\/\/www.apucarana.pr.gov.br\/site\/wp-json\/wp\/v2\/media?parent=8171"}],"wp:term":[{"taxonomy":"category","embeddable":true,"href":"http:\/\/www.apucarana.pr.gov.br\/site\/wp-json\/wp\/v2\/categories?post=8171"},{"taxonomy":"post_tag","embeddable":true,"href":"http:\/\/www.apucarana.pr.gov.br\/site\/wp-json\/wp\/v2\/tags?post=8171"}],"curies":[{"name":"wp","href":"https:\/\/api.w.org\/{rel}","templated":true}]}}