{"id":8162,"date":"2017-07-11T13:24:41","date_gmt":"2017-07-11T16:24:41","guid":{"rendered":"http:\/\/172.16.0.7\/site-antigo\/?p=8162"},"modified":"2024-10-08T09:14:49","modified_gmt":"2024-10-08T12:14:49","slug":"rede-de-planos-de-carreira-e-remuneracao-promove-formacao-em-apucarana","status":"publish","type":"post","link":"http:\/\/www.apucarana.pr.gov.br\/site\/rede-de-planos-de-carreira-e-remuneracao-promove-formacao-em-apucarana\/","title":{"rendered":"Rede de Planos de Carreira e Remunera\u00e7\u00e3o promove forma\u00e7\u00e3o em Apucarana"},"content":{"rendered":"<p>Mais uma forma\u00e7\u00e3o da Rede de Assist\u00eancia T\u00e9cnica para os Planos de Carreira e Remunera\u00e7\u00e3o (PCR) dos profissionais da Educa\u00e7\u00e3o esta sendo realizada em Apucarana. O encontro acontece desde ontem (10\/7) no Polo da Universidade Aberta do Brasil e tem a participa\u00e7\u00e3o de t\u00e9cnicos indicados pelos munic\u00edpios de Rio Bom, Mau\u00e1 da Serra, Marumbi, Faxinal, Jandaia do Sul, al\u00e9m da cidade sede.<br \/>\nA Rede PCR foi institu\u00edda pelo Minist\u00e9rio da Educa\u00e7\u00e3o (MEC), em parceria com o Conselho Nacional de Secret\u00e1rios de Educa\u00e7\u00e3o (CONSED) e a Uni\u00e3o Nacional dos Dirigentes Municipais de Educa\u00e7\u00e3o (UNDIME). O objetivo \u00e9 oferecer apoio t\u00e9cnico para que os munic\u00edpios possam avaliar os impactos financeiros decorrentes das diferentes formas de organiza\u00e7\u00e3o de seus Planos de Carreira e Remunera\u00e7\u00e3o para os profissionais da Educa\u00e7\u00e3o, apresentando sugest\u00f5es para essa tarefa.<br \/>\nA forma\u00e7\u00e3o desta semana est\u00e1 sendo ministrada pela Avaliadora Educacional da Rede PCR e tesoureira do Departamento de Contabilidade da Autarquia Municipal de Educa\u00e7\u00e3o de Apucarana, Gisele Feskiu. S\u00e3o alguns t\u00f3picos da pauta: Instrumentos de suporte para a gest\u00e3o dos Planos de Carreira e Remunera\u00e7\u00e3o; Estrutura da Carreira; Viabilidade Financeira; e Sistema de Apoio \u00e0 Gest\u00e3o de Planos de Carreira e Remunera\u00e7\u00e3o (SisPCR).<br \/>\nA Secret\u00e1ria Municipal de Educa\u00e7\u00e3o de Apucarana e presidente da seccional paranaense da Uni\u00e3o Nacional dos Dirigentes Municipais de Educa\u00e7\u00e3o, professora Marli Fernandes, participou da abertura do encontro. \u201cN\u00f3s entendemos que o trabalho da Rede PCR \u00e9 valioso para os munic\u00edpios, por isso a UNDIME-PR apoia e contribui indicando t\u00e9cnicos educacionais que realizam forma\u00e7\u00f5es nas diversas regi\u00f5es do Estado,\u201d afirmou.<\/p>\n","protected":false},"excerpt":{"rendered":"<p>A Rede PCR oferece apoio t\u00e9cnico para que os munic\u00edpios avaliem os impactos financeiros decorrentes de seus Planos de Carreira e Remunera\u00e7\u00e3o para os profissionais da Educa\u00e7\u00e3o.<\/p>\n","protected":false},"author":4,"featured_media":8166,"comment_status":"closed","ping_status":"open","sticky":false,"template":"","format":"standard","meta":{"footnotes":""},"categories":[24],"tags":[52,53,44,54],"class_list":["post-8162","post","type-post","status-publish","format-standard","has-post-thumbnail","hentry","category-noticias","tag-capacitacao","tag-educacao","tag-ensino-publico","tag-plano-de-cargos-e-remuneracao"],"acf":[],"_links":{"self":[{"href":"http:\/\/www.apucarana.pr.gov.br\/site\/wp-json\/wp\/v2\/posts\/8162","targetHints":{"allow":["GET"]}}],"collection":[{"href":"http:\/\/www.apucarana.pr.gov.br\/site\/wp-json\/wp\/v2\/posts"}],"about":[{"href":"http:\/\/www.apucarana.pr.gov.br\/site\/wp-json\/wp\/v2\/types\/post"}],"author":[{"embeddable":true,"href":"http:\/\/www.apucarana.pr.gov.br\/site\/wp-json\/wp\/v2\/users\/4"}],"replies":[{"embeddable":true,"href":"http:\/\/www.apucarana.pr.gov.br\/site\/wp-json\/wp\/v2\/comments?post=8162"}],"version-history":[{"count":1,"href":"http:\/\/www.apucarana.pr.gov.br\/site\/wp-json\/wp\/v2\/posts\/8162\/revisions"}],"predecessor-version":[{"id":102234,"href":"http:\/\/www.apucarana.pr.gov.br\/site\/wp-json\/wp\/v2\/posts\/8162\/revisions\/102234"}],"wp:featuredmedia":[{"embeddable":true,"href":"http:\/\/www.apucarana.pr.gov.br\/site\/wp-json\/"}],"wp:attachment":[{"href":"http:\/\/www.apucarana.pr.gov.br\/site\/wp-json\/wp\/v2\/media?parent=8162"}],"wp:term":[{"taxonomy":"category","embeddable":true,"href":"http:\/\/www.apucarana.pr.gov.br\/site\/wp-json\/wp\/v2\/categories?post=8162"},{"taxonomy":"post_tag","embeddable":true,"href":"http:\/\/www.apucarana.pr.gov.br\/site\/wp-json\/wp\/v2\/tags?post=8162"}],"curies":[{"name":"wp","href":"https:\/\/api.w.org\/{rel}","templated":true}]}}