{"id":81430,"date":"2023-05-24T11:36:14","date_gmt":"2023-05-24T14:36:14","guid":{"rendered":"http:\/\/www.apucarana.pr.gov.br\/site\/?p=81430"},"modified":"2024-10-08T09:29:59","modified_gmt":"2024-10-08T12:29:59","slug":"prefeitura-inicia-curso-gratuito-de-danca-de-salao","status":"publish","type":"post","link":"http:\/\/www.apucarana.pr.gov.br\/site\/prefeitura-inicia-curso-gratuito-de-danca-de-salao\/","title":{"rendered":"Prefeitura inicia curso gratuito de Dan\u00e7a de Sal\u00e3o"},"content":{"rendered":"\n\t\t<!-- MasterSlider -->\n\t\t<div id=\"P_MS69f29931589ec\" class=\"master-slider-parent master-slider-gallery   ms-parent-id-0\" style=\"\" >\n\n\t\t\t\n\t\t\t<!-- MasterSlider Main -->\n\t\t\t<div id=\"MS69f29931589ec\" class=\"master-slider ms-skin-default\" >\n\t\t\t\t \t\t\t\t \n\t\t\t<div  class=\"ms-slide\" data-delay=\"3\"    >\n\t\t\t\t\t<img decoding=\"async\" src=\"http:\/\/www.apucarana.pr.gov.br\/site\/wp-content\/plugins\/masterslider\/public\/assets\/css\/blank.gif\" alt=\"WhatsApp Image 2023-05-24 at 11.31.52\" title=\"WhatsApp Image 2023-05-24 at 11.31.52\" data-src=\"http:\/\/www.apucarana.pr.gov.br\/site\/wp-content\/uploads\/2023\/05\/WhatsApp-Image-2023-05-24-at-11.31.52.jpeg\" \/>\n\t<a href=\"http:\/\/www.apucarana.pr.gov.br\/site\/wp-content\/uploads\/2023\/05\/WhatsApp-Image-2023-05-24-at-11.31.52.jpeg\" target=\"_self\"    >WhatsApp Image 2023-05-24 at 11.31.52<\/a>\n\n\n\t<img decoding=\"async\" class=\"ms-thumb\" src=\"http:\/\/www.apucarana.pr.gov.br\/site\/wp-content\/uploads\/2023\/05\/WhatsApp-Image-2023-05-24-at-11.31.52-140x80.jpeg\" alt=\"WhatsApp Image 2023-05-24 at 11.31.52\" \/>\n\t\t\t\t<\/div>\n\n\t\t\t<\/div>\n\t\t\t<!-- END MasterSlider Main -->\n\n\t\t\t \n\t\t<\/div>\n\t\t<!-- END MasterSlider -->\n\n\t\t<script>\n\t\t( window.MSReady = window.MSReady || [] ).push( function( $ ) {\n\n\t\t\t\"use strict\";\n\t\t\tvar masterslider_89ec = new MasterSlider();\n\n\t\t\t\/\/ slider controls\n\t\t\tmasterslider_89ec.control('arrows'     ,{ autohide:true, overVideo:true  });\n\t\t\tmasterslider_89ec.control('thumblist'  ,{ autohide:false, overVideo:true, dir:'h', speed:17, inset:false, arrows:false, hover:false, customClass:'', align:'bottom',type:'thumbs', margin:2, width:140, height:80, space:2, fillMode:'fill'  });\n\t\t\t\/\/ slider setup\n\t\t\tmasterslider_89ec.setup(\"MS69f29931589ec\", {\n\t\t\t\twidth           : 960,\n\t\t\t\theight          : 540,\n\t\t\t\tminHeight       : 0,\n\t\t\t\tspace           : 0,\n\t\t\t\tstart           : 1,\n\t\t\t\tgrabCursor      : true,\n\t\t\t\tswipe           : true,\n\t\t\t\tmouse           : true,\n\t\t\t\tkeyboard        : false,\n\t\t\t\tlayout          : \"fillwidth\",\n\t\t\t\twheel           : false,\n\t\t\t\tautoplay        : true,\n                instantStartLayers:false,\n\t\t\t\tmobileBGVideo:false,\n\t\t\t\tloop            : true,\n\t\t\t\tshuffle         : false,\n\t\t\t\tpreload         : 3,\n\t\t\t\theightLimit     : false,\n\t\t\t\tautoHeight      : false,\n\t\t\t\tsmoothHeight    : true,\n\t\t\t\tendPause        : false,\n\t\t\t\toverPause       : false,\n\t\t\t\tfillMode        : \"fill\",\n\t\t\t\tcenterControls  : true,\n\t\t\t\tstartOnAppear   : false,\n\t\t\t\tlayersMode      : \"center\",\n\t\t\t\tautofillTarget  : \"\",\n\t\t\t\thideLayers      : false,\n\t\t\t\tfullscreenMargin: 0,\n\t\t\t\tspeed           : 17,\n\t\t\t\tdir             : \"h\",\n\t\t\t\tresponsive      : true,\n\t\t\t\ttabletWidth     : 768,\n\t\t\t\ttabletHeight    : null,\n\t\t\t\tphoneWidth      : 480,\n\t\t\t\tphoneHeight    : null,\n\t\t\t\tsizingReference : window,\n\t\t\t\tparallaxMode    : 'swipe',\n\t\t\t\tview            : \"basic\"\n\t\t\t});\n\n\t\t\t\n\t\t\twindow.masterslider_instances = window.masterslider_instances || [];\n\t\t\twindow.masterslider_instances.push( masterslider_89ec );\n\t\t});\n\t\t<\/script>\n\n\n<p>&nbsp;<\/p>\n<p>Expandindo as atividades culturais que oferece gratuitamente para popula\u00e7\u00e3o, a Prefeitura de Apucarana, por meio da Escola Municipal de Artes, iniciou nesta semana o Curso de Dan\u00e7a de Sal\u00e3o. Com um total de 250 inscritos as aulas s\u00e3o ministradas em cinco locais da cidade.<\/p>\n<p>\u201cAinda estamos recebendo inscri\u00e7\u00f5es apesar do n\u00famero de aluno ter superado a expectativa. O curso ensinar\u00e1 aos participantes ritmos diversos como valsa, bolero, tango, flamenco, samba, pagode, xote, vaner\u00e3o e chamam\u00e9, entre outros\u201d, informa a secret\u00e1ria Promo\u00e7\u00e3o Art\u00edstica, Cultural e Tur\u00edstica de Apucarana (Promatur), Maria Agar.<\/p>\n<p>As inscri\u00e7\u00f5es devem ser realizadas em diferentes locais, de acordo com a regi\u00e3o que o interessado pretende frequentar as aulas. Confira os locais do curso e da inscri\u00e7\u00e3o no quadro abaixo:<\/p>\n<p>-Aulas nas segundas-feiras, de 19 horas \u00e0s 21 horas, na Escola Municipal Jos\u00e9 de Alencar, no distrito da Vila Reis.\u00a0<strong>INSCRI\u00c7\u00d5ES<\/strong>\u00a0no Cine Teatro F\u00eanix.<\/p>\n<p>-Aulas \u00e0s ter\u00e7as-feiras, de 19 horas \u00e0s 21 horas, no Distrito do Pirap\u00f3.\u00a0<strong>INSCRI\u00c7\u00d5ES<\/strong>\u00a0no Museu do Caf\u00e9.<\/p>\n<p>-Aulas \u00e0s quartas-feiras, na ACEA, de 18h15 \u00e0s 20h15.\u00a0<strong>INSCRI\u00c7\u00d5ES<\/strong>\u00a0no Cine Teatro F\u00eanix.<\/p>\n<p>\u2013 Aulas \u00e0s quintas-feiras, no Centro da Juventude, de 19 horas \u00e0s 21 horas.\u00a0<strong>INSCRI\u00c7\u00d5ES\u00a0<\/strong>no Centro da Juventude.<\/p>\n<p>\u2013 Aulas \u00e0s sextas-feiras, de 19 horas \u00e0s 21 horas, no Centro de Conviv\u00eancia do Idoso.\u00a0<strong>INSCRI\u00c7\u00d5ES<\/strong>\u00a0no Centro do Idoso.<\/p>\n<p>&nbsp;<\/p>\n","protected":false},"excerpt":{"rendered":"<p>&nbsp; Expandindo as atividades culturais que oferece gratuitamente para popula&ccedil;&atilde;o, a Prefeitura de Apucarana, por meio da Escola Municipal de Artes, iniciou nesta semana o Curso de Dan&ccedil;a de Sal&atilde;o. Com um total de 250 inscritos as aulas s&atilde;o ministradas em cinco locais da cidade. &ldquo;Ainda estamos recebendo inscri&ccedil;&otilde;es apesar do n&uacute;mero de aluno ter [&hellip;]<\/p>\n","protected":false},"author":10,"featured_media":81431,"comment_status":"closed","ping_status":"closed","sticky":false,"template":"","format":"standard","meta":{"footnotes":""},"categories":[24],"tags":[],"class_list":["post-81430","post","type-post","status-publish","format-standard","has-post-thumbnail","hentry","category-noticias"],"acf":[],"_links":{"self":[{"href":"http:\/\/www.apucarana.pr.gov.br\/site\/wp-json\/wp\/v2\/posts\/81430","targetHints":{"allow":["GET"]}}],"collection":[{"href":"http:\/\/www.apucarana.pr.gov.br\/site\/wp-json\/wp\/v2\/posts"}],"about":[{"href":"http:\/\/www.apucarana.pr.gov.br\/site\/wp-json\/wp\/v2\/types\/post"}],"author":[{"embeddable":true,"href":"http:\/\/www.apucarana.pr.gov.br\/site\/wp-json\/wp\/v2\/users\/10"}],"replies":[{"embeddable":true,"href":"http:\/\/www.apucarana.pr.gov.br\/site\/wp-json\/wp\/v2\/comments?post=81430"}],"version-history":[{"count":1,"href":"http:\/\/www.apucarana.pr.gov.br\/site\/wp-json\/wp\/v2\/posts\/81430\/revisions"}],"predecessor-version":[{"id":81432,"href":"http:\/\/www.apucarana.pr.gov.br\/site\/wp-json\/wp\/v2\/posts\/81430\/revisions\/81432"}],"wp:featuredmedia":[{"embeddable":true,"href":"http:\/\/www.apucarana.pr.gov.br\/site\/wp-json\/wp\/v2\/media\/81431"}],"wp:attachment":[{"href":"http:\/\/www.apucarana.pr.gov.br\/site\/wp-json\/wp\/v2\/media?parent=81430"}],"wp:term":[{"taxonomy":"category","embeddable":true,"href":"http:\/\/www.apucarana.pr.gov.br\/site\/wp-json\/wp\/v2\/categories?post=81430"},{"taxonomy":"post_tag","embeddable":true,"href":"http:\/\/www.apucarana.pr.gov.br\/site\/wp-json\/wp\/v2\/tags?post=81430"}],"curies":[{"name":"wp","href":"https:\/\/api.w.org\/{rel}","templated":true}]}}