{"id":8142,"date":"2017-07-10T10:45:00","date_gmt":"2017-07-10T13:45:00","guid":{"rendered":"http:\/\/172.16.0.7\/site-antigo\/?p=8142"},"modified":"2024-10-08T09:14:49","modified_gmt":"2024-10-08T12:14:49","slug":"banda-sinfonica-do-exercito-fez-apresentacao-em-apucarana","status":"publish","type":"post","link":"http:\/\/www.apucarana.pr.gov.br\/site\/banda-sinfonica-do-exercito-fez-apresentacao-em-apucarana\/","title":{"rendered":"Banda Sinf\u00f4nica do Ex\u00e9rcito fez apresenta\u00e7\u00e3o em Apucarana"},"content":{"rendered":"<p>A Banda Sinf\u00f4nica do Ex\u00e9rcito se apresentou em Apucarana, no \u00faltimo s\u00e1bado (08), no Cine Teatro F\u00eanix, como extens\u00e3o do Festival de Musica de Londrina. Mais de 300 espectadores compareceram para assistir a apresenta\u00e7\u00e3o que teve entrada gratuita.<br \/>\nCom repert\u00f3rio que valoriza obras originais brasileiras e estrangeiras, e que tem como diretor art\u00edstico o maestro Eduardo Pereira, reg\u00eancia do maestro Tenente Jos\u00e9 Roberto Fabiano e como mestre de m\u00fasica o Subtenente Gilson Souza, a Banda foi criada em 2002, e tem como objetivo estabelecer um elo art\u00edstico cultural entre o ex\u00e9rcito e a sociedade brasileira atrav\u00e9s da m\u00fasica.<br \/>\nAo longo dos anos, a Banda se apresentou nas mais importantes salas de concerto do Brasil e recebeu importantes solistas nacionais e internacionais. Recebeu tamb\u00e9m diversos pr\u00eamios. Entre eles, o de \u201cMelhor Projeto de M\u00fasica Erudita\u201d e o \u201cPr\u00eamio Especial Cultural\u201d, ambos concedidos pela Associa\u00e7\u00e3o Paulista dos Cr\u00edticos de Arte \u2013 APCA.<br \/>\nA Sinf\u00f4nica \u00e9 administrada pela Funda\u00e7\u00e3o Cultural Ex\u00e9rcito Brasileiro \u2013 FUNCEB, entidade civil, sem fins lucrativos, criada no ano 2000, com o prop\u00f3sito de recupera\u00e7\u00e3o do rico patrim\u00f4nio hist\u00f3rico e cultural disseminado por todo o territ\u00f3rio nacional ao longo da hist\u00f3ria do Ex\u00e9rcito Brasileiro.<br \/>\nA programa\u00e7\u00e3o da extens\u00e3o do Festival de M\u00fasica de Londrina em Apucarana tem sequ\u00eancia nesta quinta-feira (13) com a apresenta\u00e7\u00e3o, \u201cDuo de Piano Gomez Lee\u201d, com a sul-coreana Jaeeun Lee e o espanhol Javier Gomez Dolera, pianistas solistas que colecionam pr\u00eamios em competi\u00e7\u00f5es internacionais tocando em concertos e recitais em todo mundo.<br \/>\n<strong><u>ESPET\u00c1CULO MAIS AGUARDADO <\/u><\/strong><br \/>\nNo dia 17 de julho, o espet\u00e1culo ser\u00e1 com \u201cCida Moreira\u201d \u2013 Show Soledade Solo, cantora, atriz e pianista brasileira que tem uma carreira premiada. Cida Moreira (S\u00e3o Paulo, 1951) estreou nos palcos brasileiros na d\u00e9cada de 1970. Seu primeiro trabalho musical, &#8220;Summertime&#8221;, independente e ao vivo, foi lan\u00e7ado em 1981, com cl\u00e1ssicos do jazz e do blues, al\u00e9m da vers\u00e3o censurada de &#8220;Geni e o Zepelim&#8221;, de Chico Buarque. Cantora, pianista e atriz, lan\u00e7ou dez \u00e1lbuns, dentre os quais &#8220;Cida Moreira interpreta Brecht&#8221; (1988), &#8220;Cida Moreira canta Chico Buarque&#8221; (1993) e &#8220;A Dama Indigna&#8221; (2011).\u00a0Ganhou o pr\u00eamio de Melhor Atriz pelo filme\u00a0&#8220;O Que Se Move&#8221; (2013) no Lakino Film\u00a0Festival, em Berlim.&#8221;Da R\u00e1dio Marconi, de Paragua\u00e7u Paulista, \u00e0 era de ouro da MPB, passando por festivais interioranos e shows universit\u00e1rios, Cida foi desembocar nos palcos de S\u00e3o Paulo, Rio e outras pra\u00e7as, sempre ligada ao que de mais avan\u00e7ado se fazia no pa\u00eds e no mundo, tendo bebido de todos os mananciais mais substanciosos e convivido com pessoas \u00e0 altura das suas aspira\u00e7\u00f5es. E s\u00f3 poderia mesmo ter surpreendido com o ecletismo de suas escolhas, provando ser, em todas elas, a artista completa que \u00e9, senhora absoluta de sua voz, de sua emo\u00e7\u00e3o e do espa\u00e7o que ocupa nos palcos e na vida dos que a rodeiam. E n\u00e3o sei se no plano mundial se vai encontrar express\u00e3o t\u00e3o acabada do casamento de m\u00fasica e teatro, com um repert\u00f3rio que inclui Brecht e Kurt Weill (\u00e0s vezes, Hans Eissler ou Paul Dessau), Chico Buarque, as can\u00e7\u00f5es do cinema brasileiro, Adoniran Barbosa, as modinhas de M\u00e1rio de Andrade, Tom Waits e Cartola. Para n\u00e3o falar de suas participa\u00e7\u00f5es em homenagens a Paulinho da Viola, Maysa e Dolores Duran. Deveras, um repert\u00f3rio consider\u00e1vel, sendo ela, a int\u00e9rprete singular, express\u00e3o de algo que, entre n\u00f3s, apenas os circos-teatro e os chamados teatros de alum\u00ednio das nossas inf\u00e2ncias tiveram. Enfim, uma cantora de repert\u00f3rio, como se diz que o teatro alem\u00e3o, por exemplo, \u00e9 um teatro de repert\u00f3rio&#8221; (Jos\u00e9 Pedro Antunes no livro &#8220;Cida Moreira: a dona das can\u00e7\u00f5es&#8221; (2012), de Thiago Sogayar Bechara). Confira o trabalho de cantora atrav\u00e9s do link <a href=\"https:\/\/www.cidamoreira.com\/faixas\">https:\/\/www.cidamoreira.com\/faixas<\/a>.<\/p>\n","protected":false},"excerpt":{"rendered":"<p>Sob reg\u00eancia de Jos\u00e9 Roberto Fabiano, a banda tocou no ultimo s\u00e1bado (08), como extens\u00e3o do Festival de M\u00fasica de Londrina (Fotos: Josias Profeta) <\/p>\n","protected":false},"author":4,"featured_media":8143,"comment_status":"closed","ping_status":"open","sticky":false,"template":"","format":"standard","meta":{"footnotes":""},"categories":[24],"tags":[],"class_list":["post-8142","post","type-post","status-publish","format-standard","has-post-thumbnail","hentry","category-noticias"],"acf":[],"_links":{"self":[{"href":"http:\/\/www.apucarana.pr.gov.br\/site\/wp-json\/wp\/v2\/posts\/8142","targetHints":{"allow":["GET"]}}],"collection":[{"href":"http:\/\/www.apucarana.pr.gov.br\/site\/wp-json\/wp\/v2\/posts"}],"about":[{"href":"http:\/\/www.apucarana.pr.gov.br\/site\/wp-json\/wp\/v2\/types\/post"}],"author":[{"embeddable":true,"href":"http:\/\/www.apucarana.pr.gov.br\/site\/wp-json\/wp\/v2\/users\/4"}],"replies":[{"embeddable":true,"href":"http:\/\/www.apucarana.pr.gov.br\/site\/wp-json\/wp\/v2\/comments?post=8142"}],"version-history":[{"count":1,"href":"http:\/\/www.apucarana.pr.gov.br\/site\/wp-json\/wp\/v2\/posts\/8142\/revisions"}],"predecessor-version":[{"id":102236,"href":"http:\/\/www.apucarana.pr.gov.br\/site\/wp-json\/wp\/v2\/posts\/8142\/revisions\/102236"}],"wp:featuredmedia":[{"embeddable":true,"href":"http:\/\/www.apucarana.pr.gov.br\/site\/wp-json\/"}],"wp:attachment":[{"href":"http:\/\/www.apucarana.pr.gov.br\/site\/wp-json\/wp\/v2\/media?parent=8142"}],"wp:term":[{"taxonomy":"category","embeddable":true,"href":"http:\/\/www.apucarana.pr.gov.br\/site\/wp-json\/wp\/v2\/categories?post=8142"},{"taxonomy":"post_tag","embeddable":true,"href":"http:\/\/www.apucarana.pr.gov.br\/site\/wp-json\/wp\/v2\/tags?post=8142"}],"curies":[{"name":"wp","href":"https:\/\/api.w.org\/{rel}","templated":true}]}}