{"id":8131,"date":"2017-07-07T17:06:16","date_gmt":"2017-07-07T20:06:16","guid":{"rendered":"http:\/\/172.16.0.7\/site-antigo\/?p=8131"},"modified":"2024-10-08T09:14:50","modified_gmt":"2024-10-08T12:14:50","slug":"residencia-multiprofissional-promove-forum-de-avaliacao","status":"publish","type":"post","link":"http:\/\/www.apucarana.pr.gov.br\/site\/residencia-multiprofissional-promove-forum-de-avaliacao\/","title":{"rendered":"Resid\u00eancia Multiprofissional promove f\u00f3rum de avalia\u00e7\u00e3o"},"content":{"rendered":"<p>Cerca de 70 pessoas, entre residentes, preceptores, tutores e coordenadores, que h\u00e1 quase dois anos fazem a Resid\u00eancia Multiprofissional acontecer em Apucarana, protagonizaram ontem (6) o 1\u00ba F\u00f3rum de Avalia\u00e7\u00e3o do Programa de Resid\u00eancia Profissional em Enfermagem Obst\u00e9trica e Multiprofissional em Aten\u00e7\u00e3o B\u00e1sica e em Sa\u00fade Mental. O evento, realizado no Polo da Universidade Aberta do Brasil (UAB), teve como foco a avalia\u00e7\u00e3o dos trabalhos.<br \/>\nA discuss\u00e3o foi concentrada em tr\u00eas eixos: a gest\u00e3o do programa, estrutura organizacional e processo pedag\u00f3gico. \u201cO objetivo deste f\u00f3rum foi avaliar nossos programas de resid\u00eancia detectando suas potencialidades e defici\u00eancias visando o aprimoramento. \u00c9 preciso considerar que temos a responsabilidade de contribuir para o processo de forma\u00e7\u00e3o de profissionais, tornando-os mais preparados para atuar na \u00e1rea da sa\u00fade, especialmente no Sistema \u00danico de Sa\u00fade\u201d, comentou a coordenadora da Comiss\u00e3o de Resid\u00eancia Multiprofissional (Coremu), enfermeira Francieli Nogueira Smanioto.<br \/>\nEntre os pontos positivos apontados pela avalia\u00e7\u00e3o est\u00e1 a constata\u00e7\u00e3o de que o programa de resid\u00eancia da Autarquia Municipal de Sa\u00fade vem sendo conduzido dentro dos crit\u00e9rios preconizados pelos Minist\u00e9rios da Sa\u00fade e Educa\u00e7\u00e3o. \u201cOs projetos pol\u00edticos pedag\u00f3gicos est\u00e3o em conformidade com os princ\u00edpios do SUS e alinhados com as demandas dos servi\u00e7os em que os residentes est\u00e3o atuando\u201d, afirma Francieli.<br \/>\nA coordenadora do Coremu acrescenta que o objetivo do f\u00f3rum foi tamb\u00e9m levantar proposi\u00e7\u00f5es que possam ser revertidas em mudan\u00e7as reais. \u201cFoi proposto, por exemplo, aumentar a\u00e7\u00f5es que promovam a integra\u00e7\u00e3o entre os trabalhos desenvolvidos pelos coordenadores, preceptores, tutores e residentes, bem como ampliar os investimentos na capacita\u00e7\u00e3o dos preceptores\u201d, menciona Francieli.<br \/>\n&nbsp;<\/p>\n","protected":false},"excerpt":{"rendered":"<p>Evento reuniu cerca de 70 pessoas, entre residentes, preceptores, tutores e coordenadores (Foto &#8211; Edson Denobi)<\/p>\n","protected":false},"author":4,"featured_media":8133,"comment_status":"closed","ping_status":"open","sticky":false,"template":"","format":"standard","meta":{"footnotes":""},"categories":[24],"tags":[],"class_list":["post-8131","post","type-post","status-publish","format-standard","has-post-thumbnail","hentry","category-noticias"],"acf":[],"_links":{"self":[{"href":"http:\/\/www.apucarana.pr.gov.br\/site\/wp-json\/wp\/v2\/posts\/8131","targetHints":{"allow":["GET"]}}],"collection":[{"href":"http:\/\/www.apucarana.pr.gov.br\/site\/wp-json\/wp\/v2\/posts"}],"about":[{"href":"http:\/\/www.apucarana.pr.gov.br\/site\/wp-json\/wp\/v2\/types\/post"}],"author":[{"embeddable":true,"href":"http:\/\/www.apucarana.pr.gov.br\/site\/wp-json\/wp\/v2\/users\/4"}],"replies":[{"embeddable":true,"href":"http:\/\/www.apucarana.pr.gov.br\/site\/wp-json\/wp\/v2\/comments?post=8131"}],"version-history":[{"count":1,"href":"http:\/\/www.apucarana.pr.gov.br\/site\/wp-json\/wp\/v2\/posts\/8131\/revisions"}],"predecessor-version":[{"id":102238,"href":"http:\/\/www.apucarana.pr.gov.br\/site\/wp-json\/wp\/v2\/posts\/8131\/revisions\/102238"}],"wp:featuredmedia":[{"embeddable":true,"href":"http:\/\/www.apucarana.pr.gov.br\/site\/wp-json\/"}],"wp:attachment":[{"href":"http:\/\/www.apucarana.pr.gov.br\/site\/wp-json\/wp\/v2\/media?parent=8131"}],"wp:term":[{"taxonomy":"category","embeddable":true,"href":"http:\/\/www.apucarana.pr.gov.br\/site\/wp-json\/wp\/v2\/categories?post=8131"},{"taxonomy":"post_tag","embeddable":true,"href":"http:\/\/www.apucarana.pr.gov.br\/site\/wp-json\/wp\/v2\/tags?post=8131"}],"curies":[{"name":"wp","href":"https:\/\/api.w.org\/{rel}","templated":true}]}}