{"id":8128,"date":"2017-07-07T09:51:35","date_gmt":"2017-07-07T12:51:35","guid":{"rendered":"http:\/\/172.16.0.7\/site-antigo\/?p=8128"},"modified":"2024-10-08T09:14:50","modified_gmt":"2024-10-08T12:14:50","slug":"prefeitos-visitam-escolas-de-apucarana","status":"publish","type":"post","link":"http:\/\/www.apucarana.pr.gov.br\/site\/prefeitos-visitam-escolas-de-apucarana\/","title":{"rendered":"Prefeitos visitam escolas de Apucarana"},"content":{"rendered":"<p>Dois jovens prefeitos da regi\u00e3o, Fl\u00e1vio Xavier de Lima Zanrosso, de Tomazina, e Wagner Luiz Oliveira Martins, de Ribeir\u00e3o do Pinhal, estiveram em visita \u00e0 Autarquia Municipal de Educa\u00e7\u00e3o de Apucarana ontem (6\/7). Eles foram acompanhados pelo vice-prefeito Junior da Femac. Recebidos pela superintendente professora Neuzeli Benedita de Lima, os prefeitos conheceram os departamentos de merenda escolar, engenharia, imprensa e pedag\u00f3gico. Depois, foram \u00e0 Escola Municipal Jo\u00e3o Antonio Braga C\u00f4rtes, onde almo\u00e7aram com a equipe da Autarquia e da institui\u00e7\u00e3o escolar.<br \/>\nAmbos os prefeitos vieram acompanhados das respectivas secret\u00e1rias de Educa\u00e7\u00e3o. A professora Neuzeli destacou a seriedade do trabalho da educa\u00e7\u00e3o municipal, afirmando que desde que esta gest\u00e3o foi empossada, todo o dinheiro do setor \u00e9 mantido nele, ou seja, verbas da educa\u00e7\u00e3o n\u00e3o s\u00e3o empregadas em nenhuma outra \u00e1rea. Ela tamb\u00e9m falou sobre a implanta\u00e7\u00e3o da pedagogia hist\u00f3rico-cr\u00edtica em todas as escolas e mostrou os equipamentos que a Autarquia adquiriu para equipar as salas de aula.<br \/>\nO vice-prefeito J\u00fanior da Femac salientou que Apucarana \u00e9 um exemplo de que \u201c\u00e9 poss\u00edvel fazer da educa\u00e7\u00e3o municipal um elemento que mude a vida das pessoas\u201d e afirmou que a cidade vem se tornando refer\u00eancia para munic\u00edpios de todos os portes. \u201cOs prefeitos tamb\u00e9m viram o trabalho que desenvolvemos no microcr\u00e9dito e nos implantes dent\u00e1rios\u201d, disse.<br \/>\nPara o prefeito de Tomazina, Fl\u00e1vio Xavier, \u201cApucarana implantou projetos que pareciam imposs\u00edveis de acontecer, e mostrou que eles seriam poss\u00edveis\u201d. O prefeito de Ribeir\u00e3o dos Pinhais, Wagner Martins, afirmou ter sido muito bem recebido.<br \/>\n\u201cPode ter certeza de que os trabalhos feitos pelo prefeito Beto Preto em Apucarana s\u00e3o uma inspira\u00e7\u00e3o para outras administra\u00e7\u00f5es municipais.\u201d<\/p>\n","protected":false},"excerpt":{"rendered":"<p>Administradores do Norte Pioneiro conheceram ensino (Foto: Claudia Barcellos)<\/p>\n","protected":false},"author":4,"featured_media":8129,"comment_status":"closed","ping_status":"open","sticky":false,"template":"","format":"standard","meta":{"footnotes":""},"categories":[24],"tags":[],"class_list":["post-8128","post","type-post","status-publish","format-standard","has-post-thumbnail","hentry","category-noticias"],"acf":[],"_links":{"self":[{"href":"http:\/\/www.apucarana.pr.gov.br\/site\/wp-json\/wp\/v2\/posts\/8128","targetHints":{"allow":["GET"]}}],"collection":[{"href":"http:\/\/www.apucarana.pr.gov.br\/site\/wp-json\/wp\/v2\/posts"}],"about":[{"href":"http:\/\/www.apucarana.pr.gov.br\/site\/wp-json\/wp\/v2\/types\/post"}],"author":[{"embeddable":true,"href":"http:\/\/www.apucarana.pr.gov.br\/site\/wp-json\/wp\/v2\/users\/4"}],"replies":[{"embeddable":true,"href":"http:\/\/www.apucarana.pr.gov.br\/site\/wp-json\/wp\/v2\/comments?post=8128"}],"version-history":[{"count":1,"href":"http:\/\/www.apucarana.pr.gov.br\/site\/wp-json\/wp\/v2\/posts\/8128\/revisions"}],"predecessor-version":[{"id":102239,"href":"http:\/\/www.apucarana.pr.gov.br\/site\/wp-json\/wp\/v2\/posts\/8128\/revisions\/102239"}],"wp:featuredmedia":[{"embeddable":true,"href":"http:\/\/www.apucarana.pr.gov.br\/site\/wp-json\/"}],"wp:attachment":[{"href":"http:\/\/www.apucarana.pr.gov.br\/site\/wp-json\/wp\/v2\/media?parent=8128"}],"wp:term":[{"taxonomy":"category","embeddable":true,"href":"http:\/\/www.apucarana.pr.gov.br\/site\/wp-json\/wp\/v2\/categories?post=8128"},{"taxonomy":"post_tag","embeddable":true,"href":"http:\/\/www.apucarana.pr.gov.br\/site\/wp-json\/wp\/v2\/tags?post=8128"}],"curies":[{"name":"wp","href":"https:\/\/api.w.org\/{rel}","templated":true}]}}