{"id":8117,"date":"2017-07-06T18:05:56","date_gmt":"2017-07-06T21:05:56","guid":{"rendered":"http:\/\/172.16.0.7\/site-antigo\/?p=8117"},"modified":"2024-10-08T09:14:50","modified_gmt":"2024-10-08T12:14:50","slug":"beto-preto-e-ortigara-dirigem-debate-na-24a-expotecnica","status":"publish","type":"post","link":"http:\/\/www.apucarana.pr.gov.br\/site\/beto-preto-e-ortigara-dirigem-debate-na-24a-expotecnica\/","title":{"rendered":"Beto Preto e Ortigara dirigem debate na 24\u00aa Expot\u00e9cnica"},"content":{"rendered":"<p>Foi realizada na manh\u00e3 desta quinta-feira (06), a solenidade de abertura da 24\u00aa edi\u00e7\u00e3o da Expot\u00e9cnica na cidade de Sab\u00e1udia. A cerim\u00f4nia contou com a presen\u00e7a do Secret\u00e1rio Estadual de Agricultura, Norberto Ortigara; prefeito de Sab\u00e1udia, Hugo Manueira; Diretor Presidente da Emater-Pr, Rubens Ernesto Niederheitmann; deputado estadual Thiago Amaral; prefeito de Apucarana e presidente da Amuvi, Beto Preto; prefeito de Centen\u00e1rio do Sul e presidente da Amepar, Luiz Nic\u00e1cio de Castro, al\u00e9m de outros prefeitos da regi\u00e3o.<br \/>\nNesta edi\u00e7\u00e3o\u00a0da Expot\u00e9cnica uma novidade foi apresentada, trata-se do evento \u201cProza com os Prefeitos\u201d, que teve como tema:\u00a0<em>O valor bruto da Produ\u00e7\u00e3o e seu impacto no ICMS municipal<\/em>.\u00a0\u00a0O objetivo foi estabelecer uma conversa entre gestores p\u00fablicos municipais e o Secret\u00e1rio Estadual de Agricultura e Abastecimento, a partir de dados do VPB (Valor Bruto de Produ\u00e7\u00e3o) e os avan\u00e7os que se pode obter visando o aumento do ICMS.\u00a0Sob a media\u00e7\u00e3o do prefeito Beto Preto, o evento contou com a participa\u00e7\u00e3o do economista da SEAB, Paulo Sergio Franzini, e do secret\u00e1rio de Estado da Agricultura, Norberto Ortigara, al\u00e9m de prefeitos da Amuvi e Amepar.<br \/>\n\u201cA Expot\u00e9cnica cada vez mais consegue se consolidar como um grande evento do agroneg\u00f3cio no norte do Paran\u00e1.Fiquei muito feliz em poder apresentar o nosso programa Terra Forte de Fruticultura, e saber que estamos avan\u00e7ando no caminho correto\u201d, avaliou o prefeito Beto Preto.<br \/>\nAinda na Expot\u00e9cnica, foi firmado um conv\u00eanio da Emater, Seab e Territ\u00f3rio do Vale do Iva\u00ed, liberando um curso de extens\u00e3o em fruticultura, certificado pelo Instituto Federal do Paran\u00e1, campus de Ivaipor\u00e3, com recurso do PRORURAL.<\/p>\n","protected":false},"excerpt":{"rendered":"<p>\u201cProsa com prefeitos\u201d focou discuss\u00e3o no tema Valor Bruto da Produ\u00e7\u00e3o (VBP) (Fotos: Josias Profeta) <\/p>\n","protected":false},"author":4,"featured_media":8119,"comment_status":"closed","ping_status":"open","sticky":false,"template":"","format":"standard","meta":{"footnotes":""},"categories":[24],"tags":[],"class_list":["post-8117","post","type-post","status-publish","format-standard","has-post-thumbnail","hentry","category-noticias"],"acf":[],"_links":{"self":[{"href":"http:\/\/www.apucarana.pr.gov.br\/site\/wp-json\/wp\/v2\/posts\/8117","targetHints":{"allow":["GET"]}}],"collection":[{"href":"http:\/\/www.apucarana.pr.gov.br\/site\/wp-json\/wp\/v2\/posts"}],"about":[{"href":"http:\/\/www.apucarana.pr.gov.br\/site\/wp-json\/wp\/v2\/types\/post"}],"author":[{"embeddable":true,"href":"http:\/\/www.apucarana.pr.gov.br\/site\/wp-json\/wp\/v2\/users\/4"}],"replies":[{"embeddable":true,"href":"http:\/\/www.apucarana.pr.gov.br\/site\/wp-json\/wp\/v2\/comments?post=8117"}],"version-history":[{"count":1,"href":"http:\/\/www.apucarana.pr.gov.br\/site\/wp-json\/wp\/v2\/posts\/8117\/revisions"}],"predecessor-version":[{"id":102240,"href":"http:\/\/www.apucarana.pr.gov.br\/site\/wp-json\/wp\/v2\/posts\/8117\/revisions\/102240"}],"wp:featuredmedia":[{"embeddable":true,"href":"http:\/\/www.apucarana.pr.gov.br\/site\/wp-json\/"}],"wp:attachment":[{"href":"http:\/\/www.apucarana.pr.gov.br\/site\/wp-json\/wp\/v2\/media?parent=8117"}],"wp:term":[{"taxonomy":"category","embeddable":true,"href":"http:\/\/www.apucarana.pr.gov.br\/site\/wp-json\/wp\/v2\/categories?post=8117"},{"taxonomy":"post_tag","embeddable":true,"href":"http:\/\/www.apucarana.pr.gov.br\/site\/wp-json\/wp\/v2\/tags?post=8117"}],"curies":[{"name":"wp","href":"https:\/\/api.w.org\/{rel}","templated":true}]}}