{"id":8109,"date":"2017-07-06T17:03:18","date_gmt":"2017-07-06T20:03:18","guid":{"rendered":"http:\/\/172.16.0.7\/site-antigo\/?p=8109"},"modified":"2024-10-08T09:14:50","modified_gmt":"2024-10-08T12:14:50","slug":"alunos-do-curso-de-terapia-comunitaria-apresentam-trabalhos","status":"publish","type":"post","link":"http:\/\/www.apucarana.pr.gov.br\/site\/alunos-do-curso-de-terapia-comunitaria-apresentam-trabalhos\/","title":{"rendered":"Alunos do curso de Terapia Comunit\u00e1ria apresentam trabalhos"},"content":{"rendered":"<p>Depois de nove meses de estudos, os 23 profissionais da Autarquia Municipal de Sa\u00fade (AMS), que participam da Forma\u00e7\u00e3o de Terapia Comunit\u00e1ria, apresentaram hoje (6) seu trabalho de conclus\u00e3o de curso. Atrav\u00e9s de fotos e depoimentos, alunos demonstraram as mudan\u00e7as positivas que acontecem na vida das pessoas que participam das rodas terapias, bem como dos pr\u00f3prios profissionais que conduzem a atividade junto \u00e0 comunidade de v\u00e1rios bairros da cidade.<br \/>\nA apresenta\u00e7\u00e3o dos trabalhos aconteceu na Toca do Lago, no Parque Jaboti, onde \u00e9 ministrado o curso. A carga hor\u00e1ria da capacita\u00e7\u00e3o inclui est\u00e1gios em grupos de Terapia Comunit\u00e1ria nas Unidades B\u00e1sicas de Sa\u00fade e em entidades como o projeto Renascer.<br \/>\nA partir oferta do curso de forma\u00e7\u00e3o de Terapia Comunit\u00e1ria, que tem data de conclus\u00e3o prevista para setembro, a AMS pretende ampliar o atendimento nas Unidades B\u00e1sicas de Sa\u00fade, desenvolvendo a valoriza\u00e7\u00e3o da pessoa com o resgate da sua auto-estima.<br \/>\n&nbsp;<\/p>\n","protected":false},"excerpt":{"rendered":"<p>Atrav\u00e9s de fotos e depoimentos, alunos demonstraram as mudan\u00e7as positivas que acontecem na vida das pessoas que participam das rodas terapias (Fotos Edson Denobi)<\/p>\n","protected":false},"author":4,"featured_media":8110,"comment_status":"closed","ping_status":"open","sticky":false,"template":"","format":"standard","meta":{"footnotes":""},"categories":[24],"tags":[],"class_list":["post-8109","post","type-post","status-publish","format-standard","has-post-thumbnail","hentry","category-noticias"],"acf":[],"_links":{"self":[{"href":"http:\/\/www.apucarana.pr.gov.br\/site\/wp-json\/wp\/v2\/posts\/8109","targetHints":{"allow":["GET"]}}],"collection":[{"href":"http:\/\/www.apucarana.pr.gov.br\/site\/wp-json\/wp\/v2\/posts"}],"about":[{"href":"http:\/\/www.apucarana.pr.gov.br\/site\/wp-json\/wp\/v2\/types\/post"}],"author":[{"embeddable":true,"href":"http:\/\/www.apucarana.pr.gov.br\/site\/wp-json\/wp\/v2\/users\/4"}],"replies":[{"embeddable":true,"href":"http:\/\/www.apucarana.pr.gov.br\/site\/wp-json\/wp\/v2\/comments?post=8109"}],"version-history":[{"count":1,"href":"http:\/\/www.apucarana.pr.gov.br\/site\/wp-json\/wp\/v2\/posts\/8109\/revisions"}],"predecessor-version":[{"id":102241,"href":"http:\/\/www.apucarana.pr.gov.br\/site\/wp-json\/wp\/v2\/posts\/8109\/revisions\/102241"}],"wp:featuredmedia":[{"embeddable":true,"href":"http:\/\/www.apucarana.pr.gov.br\/site\/wp-json\/"}],"wp:attachment":[{"href":"http:\/\/www.apucarana.pr.gov.br\/site\/wp-json\/wp\/v2\/media?parent=8109"}],"wp:term":[{"taxonomy":"category","embeddable":true,"href":"http:\/\/www.apucarana.pr.gov.br\/site\/wp-json\/wp\/v2\/categories?post=8109"},{"taxonomy":"post_tag","embeddable":true,"href":"http:\/\/www.apucarana.pr.gov.br\/site\/wp-json\/wp\/v2\/tags?post=8109"}],"curies":[{"name":"wp","href":"https:\/\/api.w.org\/{rel}","templated":true}]}}