{"id":80993,"date":"2023-05-16T16:53:40","date_gmt":"2023-05-16T19:53:40","guid":{"rendered":"http:\/\/www.apucarana.pr.gov.br\/site\/?p=80993"},"modified":"2024-10-08T09:30:02","modified_gmt":"2024-10-08T12:30:02","slug":"junior-da-femac-e-marli-fernandes-levam-a-experiencia-de-apucarana-para-o-forum-da-undime-parana","status":"publish","type":"post","link":"http:\/\/www.apucarana.pr.gov.br\/site\/junior-da-femac-e-marli-fernandes-levam-a-experiencia-de-apucarana-para-o-forum-da-undime-parana\/","title":{"rendered":"Junior da Femac e Marli Fernandes levam a experi\u00eancia de Apucarana para o f\u00f3rum da Undime-Paran\u00e1"},"content":{"rendered":"\n\t\t<!-- MasterSlider -->\n\t\t<div id=\"P_MS69eee4282b130\" class=\"master-slider-parent master-slider-gallery   ms-parent-id-0\" style=\"\" >\n\n\t\t\t\n\t\t\t<!-- MasterSlider Main -->\n\t\t\t<div id=\"MS69eee4282b130\" class=\"master-slider ms-skin-default\" >\n\t\t\t\t \t\t\t\t \n\t\t\t<div  class=\"ms-slide\" data-delay=\"3\"    >\n\t\t\t\t\t<img decoding=\"async\" src=\"http:\/\/www.apucarana.pr.gov.br\/site\/wp-content\/plugins\/masterslider\/public\/assets\/css\/blank.gif\" alt=\"F\u00d3RUM UNDIME-PARAN\u00c1 1\" title=\"F\u00d3RUM UNDIME-PARAN\u00c1 1\" data-src=\"http:\/\/www.apucarana.pr.gov.br\/site\/wp-content\/uploads\/2023\/05\/FORUM-UNDIME-PARANA-1-1024x768.jpg\" \/>\n\t<a href=\"http:\/\/www.apucarana.pr.gov.br\/site\/wp-content\/uploads\/2023\/05\/FORUM-UNDIME-PARANA-1-1024x768.jpg\" target=\"_self\"    >F\u00d3RUM UNDIME-PARAN\u00c1 1<\/a>\n\n\n\t<img decoding=\"async\" class=\"ms-thumb\" src=\"http:\/\/www.apucarana.pr.gov.br\/site\/wp-content\/uploads\/2023\/05\/FORUM-UNDIME-PARANA-1-1024x768-140x80.jpg\" alt=\"F\u00d3RUM UNDIME-PARAN\u00c1 1\" \/>\n\t\t\t\t<\/div>\n\t\t\t<div  class=\"ms-slide\" data-delay=\"3\"    >\n\t\t\t\t\t<img decoding=\"async\" src=\"http:\/\/www.apucarana.pr.gov.br\/site\/wp-content\/plugins\/masterslider\/public\/assets\/css\/blank.gif\" alt=\"F\u00d3RUM UNDIME-PARAN\u00c1 2\" title=\"F\u00d3RUM UNDIME-PARAN\u00c1 2\" data-src=\"http:\/\/www.apucarana.pr.gov.br\/site\/wp-content\/uploads\/2023\/05\/FORUM-UNDIME-PARANA-2-1024x768.jpg\" \/>\n\t<a href=\"http:\/\/www.apucarana.pr.gov.br\/site\/wp-content\/uploads\/2023\/05\/FORUM-UNDIME-PARANA-2-1024x768.jpg\" target=\"_self\"    >F\u00d3RUM UNDIME-PARAN\u00c1 2<\/a>\n\n\n\t<img decoding=\"async\" class=\"ms-thumb\" src=\"http:\/\/www.apucarana.pr.gov.br\/site\/wp-content\/uploads\/2023\/05\/FORUM-UNDIME-PARANA-2-1024x768-140x80.jpg\" alt=\"F\u00d3RUM UNDIME-PARAN\u00c1 2\" \/>\n\t\t\t\t<\/div>\n\t\t\t<div  class=\"ms-slide\" data-delay=\"3\"    >\n\t\t\t\t\t<img decoding=\"async\" src=\"http:\/\/www.apucarana.pr.gov.br\/site\/wp-content\/plugins\/masterslider\/public\/assets\/css\/blank.gif\" alt=\"F\u00d3RUM UNDIME-PARAN\u00c1 3\" title=\"F\u00d3RUM UNDIME-PARAN\u00c1 3\" data-src=\"http:\/\/www.apucarana.pr.gov.br\/site\/wp-content\/uploads\/2023\/05\/FORUM-UNDIME-PARANA-3-1024x768.jpg\" \/>\n\t<a href=\"http:\/\/www.apucarana.pr.gov.br\/site\/wp-content\/uploads\/2023\/05\/FORUM-UNDIME-PARANA-3-1024x768.jpg\" target=\"_self\"    >F\u00d3RUM UNDIME-PARAN\u00c1 3<\/a>\n\n\n\t<img decoding=\"async\" class=\"ms-thumb\" src=\"http:\/\/www.apucarana.pr.gov.br\/site\/wp-content\/uploads\/2023\/05\/FORUM-UNDIME-PARANA-3-1024x768-140x80.jpg\" alt=\"F\u00d3RUM UNDIME-PARAN\u00c1 3\" \/>\n\t\t\t\t<\/div>\n\t\t\t<div  class=\"ms-slide\" data-delay=\"3\"    >\n\t\t\t\t\t<img decoding=\"async\" src=\"http:\/\/www.apucarana.pr.gov.br\/site\/wp-content\/plugins\/masterslider\/public\/assets\/css\/blank.gif\" alt=\"F\u00d3RUM UNDIME-PARAN\u00c1 4\" title=\"F\u00d3RUM UNDIME-PARAN\u00c1 4\" data-src=\"http:\/\/www.apucarana.pr.gov.br\/site\/wp-content\/uploads\/2023\/05\/FORUM-UNDIME-PARANA-4-1024x768.jpg\" \/>\n\t<a href=\"http:\/\/www.apucarana.pr.gov.br\/site\/wp-content\/uploads\/2023\/05\/FORUM-UNDIME-PARANA-4-1024x768.jpg\" target=\"_self\"    >F\u00d3RUM UNDIME-PARAN\u00c1 4<\/a>\n\n\n\t<img decoding=\"async\" class=\"ms-thumb\" src=\"http:\/\/www.apucarana.pr.gov.br\/site\/wp-content\/uploads\/2023\/05\/FORUM-UNDIME-PARANA-4-1024x768-140x80.jpg\" alt=\"F\u00d3RUM UNDIME-PARAN\u00c1 4\" \/>\n\t\t\t\t<\/div>\n\n\t\t\t<\/div>\n\t\t\t<!-- END MasterSlider Main -->\n\n\t\t\t \n\t\t<\/div>\n\t\t<!-- END MasterSlider -->\n\n\t\t<script>\n\t\t( window.MSReady = window.MSReady || [] ).push( function( $ ) {\n\n\t\t\t\"use strict\";\n\t\t\tvar masterslider_b130 = new MasterSlider();\n\n\t\t\t\/\/ slider controls\n\t\t\tmasterslider_b130.control('arrows'     ,{ autohide:true, overVideo:true  });\n\t\t\tmasterslider_b130.control('thumblist'  ,{ autohide:false, overVideo:true, dir:'h', speed:17, inset:false, arrows:false, hover:false, customClass:'', align:'bottom',type:'thumbs', margin:2, width:140, height:80, space:2, fillMode:'fill'  });\n\t\t\t\/\/ slider setup\n\t\t\tmasterslider_b130.setup(\"MS69eee4282b130\", {\n\t\t\t\twidth           : 960,\n\t\t\t\theight          : 540,\n\t\t\t\tminHeight       : 0,\n\t\t\t\tspace           : 0,\n\t\t\t\tstart           : 1,\n\t\t\t\tgrabCursor      : true,\n\t\t\t\tswipe           : true,\n\t\t\t\tmouse           : true,\n\t\t\t\tkeyboard        : false,\n\t\t\t\tlayout          : \"fillwidth\",\n\t\t\t\twheel           : false,\n\t\t\t\tautoplay        : true,\n                instantStartLayers:false,\n\t\t\t\tmobileBGVideo:false,\n\t\t\t\tloop            : true,\n\t\t\t\tshuffle         : false,\n\t\t\t\tpreload         : 3,\n\t\t\t\theightLimit     : false,\n\t\t\t\tautoHeight      : false,\n\t\t\t\tsmoothHeight    : true,\n\t\t\t\tendPause        : false,\n\t\t\t\toverPause       : false,\n\t\t\t\tfillMode        : \"fill\",\n\t\t\t\tcenterControls  : true,\n\t\t\t\tstartOnAppear   : false,\n\t\t\t\tlayersMode      : \"center\",\n\t\t\t\tautofillTarget  : \"\",\n\t\t\t\thideLayers      : false,\n\t\t\t\tfullscreenMargin: 0,\n\t\t\t\tspeed           : 17,\n\t\t\t\tdir             : \"h\",\n\t\t\t\tresponsive      : true,\n\t\t\t\ttabletWidth     : 768,\n\t\t\t\ttabletHeight    : null,\n\t\t\t\tphoneWidth      : 480,\n\t\t\t\tphoneHeight    : null,\n\t\t\t\tsizingReference : window,\n\t\t\t\tparallaxMode    : 'swipe',\n\t\t\t\tview            : \"basic\"\n\t\t\t});\n\n\t\t\t\n\t\t\twindow.masterslider_instances = window.masterslider_instances || [];\n\t\t\twindow.masterslider_instances.push( masterslider_b130 );\n\t\t});\n\t\t<\/script>\n\n\n<p>O prefeito Junior da Femac e a secret\u00e1ria Marli Fernandes participaram, na manh\u00e3 de hoje (16\/5), em Curitiba, da abertura do F\u00f3rum Estadual Ordin\u00e1rio da Uni\u00e3o dos Dirigentes Municipais de Educa\u00e7\u00e3o (Undime). Na ocasi\u00e3o, os dois apresentaram a experi\u00eancia de Apucarana e trocaram informa\u00e7\u00f5es com prefeitos, dirigentes de educa\u00e7\u00e3o e docentes de todas as regi\u00f5es do Paran\u00e1.<\/p>\n<p>A secret\u00e1ria municipal de educa\u00e7\u00e3o, Marli Fernandes, exerceu o cargo de presidente da Undime-Paran\u00e1 por dois mandatos consecutivos (2017-2020). Atualmente, ela est\u00e1 como vice-presidente da associa\u00e7\u00e3o, que defende uma educa\u00e7\u00e3o b\u00e1sica de qualidade para todas as crian\u00e7as e adolescentes. \u201cEu tenho muito orgulho de fazer parte da mesa diretiva da Undime-Paran\u00e1 e poder compartilhar a experi\u00eancia e os projetos de Apucarana com dirigentes de todo o estado. A educa\u00e7\u00e3o \u00e9 o melhor instrumento que temos para transformar a vida das pessoas e construir uma sociedade mais justa para as futuras gera\u00e7\u00f5es,\u201d disse.<\/p>\n<p>Durante a abertura do f\u00f3rum, entre outros contatos, o prefeito Junior da Femac conversou com o secret\u00e1rio de estadual da educa\u00e7\u00e3o, Roni Miranda Vieira, e o prefeito do munic\u00edpio de Cascavel, Leonaldo Paranhos. \u201cOs dois mostraram bastante interesse em conhecer melhor como se d\u00e1 o desenvolvimento da educa\u00e7\u00e3o integral no nosso munic\u00edpio. Apucarana \u00e9 refer\u00eancia nesta concep\u00e7\u00e3o de ensino, que visa formar cidad\u00e3os plenos, aut\u00f4nomos e cr\u00edticos. Eu acredito que um grande diferencial das nossas escolas \u00e9 o curr\u00edculo, que contempla o aprendizado de ingl\u00eas, espanhol, l\u00edngua de sinais (Libras), express\u00e3o corporal, m\u00fasica e at\u00e9 artes marciais,\u201d afirmou.<\/p>\n<p>\u201cA Undime-Paran\u00e1 deve realizar um encontro, em breve, em Apucarana, para tratar especificamente da Educa\u00e7\u00e3o Integral,\u201d adiantou a secret\u00e1ria Marli Fernandes.<\/p>\n<p>O F\u00f3rum Estadual Ordin\u00e1rio da Undime-Paran\u00e1 prossegue at\u00e9 amanh\u00e3 (17\/5), em Curitiba. O encontro aborda o tema <em>Garantia do Direito \u00e0 Educa\u00e7\u00e3o: aprendizagem, avalia\u00e7\u00e3o, planejamento e financiamento<\/em>.<\/p>\n","protected":false},"excerpt":{"rendered":"<p>O prefeito Junior da Femac e a secret&aacute;ria Marli Fernandes participaram, na manh&atilde; de hoje (16\/5), em Curitiba, da abertura do F&oacute;rum Estadual Ordin&aacute;rio da Uni&atilde;o dos Dirigentes Municipais de Educa&ccedil;&atilde;o (Undime). Na ocasi&atilde;o, os dois apresentaram a experi&ecirc;ncia de Apucarana e trocaram informa&ccedil;&otilde;es com prefeitos, dirigentes de educa&ccedil;&atilde;o e docentes de todas as regi&otilde;es [&hellip;]<\/p>\n","protected":false},"author":8,"featured_media":80994,"comment_status":"closed","ping_status":"closed","sticky":false,"template":"","format":"standard","meta":{"footnotes":""},"categories":[24],"tags":[53,218,247,39],"class_list":["post-80993","post","type-post","status-publish","format-standard","has-post-thumbnail","hentry","category-noticias","tag-educacao","tag-fe-esperanca-e-trabalho","tag-forum-estadual-ordinario-da-undime-parana","tag-prefeitura-de-apucarana"],"acf":[],"_links":{"self":[{"href":"http:\/\/www.apucarana.pr.gov.br\/site\/wp-json\/wp\/v2\/posts\/80993","targetHints":{"allow":["GET"]}}],"collection":[{"href":"http:\/\/www.apucarana.pr.gov.br\/site\/wp-json\/wp\/v2\/posts"}],"about":[{"href":"http:\/\/www.apucarana.pr.gov.br\/site\/wp-json\/wp\/v2\/types\/post"}],"author":[{"embeddable":true,"href":"http:\/\/www.apucarana.pr.gov.br\/site\/wp-json\/wp\/v2\/users\/8"}],"replies":[{"embeddable":true,"href":"http:\/\/www.apucarana.pr.gov.br\/site\/wp-json\/wp\/v2\/comments?post=80993"}],"version-history":[{"count":2,"href":"http:\/\/www.apucarana.pr.gov.br\/site\/wp-json\/wp\/v2\/posts\/80993\/revisions"}],"predecessor-version":[{"id":81000,"href":"http:\/\/www.apucarana.pr.gov.br\/site\/wp-json\/wp\/v2\/posts\/80993\/revisions\/81000"}],"wp:featuredmedia":[{"embeddable":true,"href":"http:\/\/www.apucarana.pr.gov.br\/site\/wp-json\/wp\/v2\/media\/80994"}],"wp:attachment":[{"href":"http:\/\/www.apucarana.pr.gov.br\/site\/wp-json\/wp\/v2\/media?parent=80993"}],"wp:term":[{"taxonomy":"category","embeddable":true,"href":"http:\/\/www.apucarana.pr.gov.br\/site\/wp-json\/wp\/v2\/categories?post=80993"},{"taxonomy":"post_tag","embeddable":true,"href":"http:\/\/www.apucarana.pr.gov.br\/site\/wp-json\/wp\/v2\/tags?post=80993"}],"curies":[{"name":"wp","href":"https:\/\/api.w.org\/{rel}","templated":true}]}}