{"id":8095,"date":"2017-07-06T09:05:53","date_gmt":"2017-07-06T12:05:53","guid":{"rendered":"http:\/\/172.16.0.7\/site-antigo\/?p=8095"},"modified":"2024-10-08T09:14:50","modified_gmt":"2024-10-08T12:14:50","slug":"seet-destaca-apucarana-pelo-apoio-aos-esportes","status":"publish","type":"post","link":"http:\/\/www.apucarana.pr.gov.br\/site\/seet-destaca-apucarana-pelo-apoio-aos-esportes\/","title":{"rendered":"SEET destaca Apucarana pelo apoio aos esportes \u00a0"},"content":{"rendered":"<p>O apoio cont\u00ednuo do Munic\u00edpio de Apucarana a grandes competi\u00e7\u00f5es esportivas no Paran\u00e1 foi mais uma vez destacado, em Curitiba. Foi durante o \u201cEncontro Paranaense de Turismo e Esportes na Natureza\u201d, promovido ontem pelo Governo do Estado, por meio da Secretaria do Esporte e do Turismo.<br \/>\nO evento, com a participa\u00e7\u00e3o de 60 munic\u00edpios do Estado teve palestras, apresenta\u00e7\u00f5es, debates e encaminhamentos, como forma de estimular os munic\u00edpios a apoiarem o esporte. O secret\u00e1rio Douglas Fabr\u00edcio, fez quest\u00e3o de enaltecer o perfil do prefeito de Apucarana, Beto Preto, por levar para a sua cidade as maiores competi\u00e7\u00f5es do Paran\u00e1, como os Jogos Abertos, Jogos Escolares e Jogos da Juventude.<br \/>\nFabr\u00edcio apresentou um v\u00eddeo do prefeito Beto Preto, no qual ele fala dos investimentos para recuperar as pra\u00e7as esportivas de Apucarana. Ao mesmo tempo, o prefeito tamb\u00e9m lembrou que, a partir de 2014, a cidade passou a sediar os principais eventos esportivos do Estado.<br \/>\nNo v\u00eddeo, Beto Preto relata ainda que Apucarana j\u00e1 sediou sete finais dos Jogos Abertos do Paran\u00e1, Jogos escolares do Paran\u00e1, Jogos da Juventude do Paran\u00e1, e finais do Projeto Bom de Bola, recebendo 25 mil atletas, \u00e1rbitros, dirigentes. Neste ano, a cidade ir\u00e1 receber mais de 10 mil atletas, de 21 a 29 de julho, com as finais da categoria A, dos JEPS; e em novembro com as finais dos JAPS (A).<br \/>\n\u201cAl\u00e9m de incentivar a saud\u00e1vel pr\u00e1tica esportiva, o poder p\u00fablico de Apucarana beneficiou o com\u00e9rcio, incluindo hot\u00e9is, restaurantes, lanchonetes e prestadores de servi\u00e7os, al\u00e9m de manter em \u00f3timas condi\u00e7\u00f5es suas pra\u00e7as esportivas\u201d, destacou o secret\u00e1rio de estado de esportes e turismo, Douglas Fabr\u00edcio.<br \/>\nNo evento, em Curitiba, o prefeito Beto Preto esteve representado pela secret\u00e1ria municipal de esportes, Jossuela Pinheiro, que est\u00e1 ultimando os preparativos para Apucarana sediar os JEPS, ainda neste m\u00eas.<br \/>\nNa competi\u00e7\u00e3o, Apucarana deve receber o campe\u00e3o ol\u00edmpico de v\u00f4lei de praia, Emanuel. E a abertura dos JEPS ter\u00e1 um show especial de basquetebol, com um \u201cfestival de enterradas e acrobacias\u201d.<br \/>\n\u00c1rea de anexos<\/p>\n","protected":false},"excerpt":{"rendered":"<p>Cidade \u00e9 valorizada por investimentos em pra\u00e7as esportivas e sediar jogos (Foto &#8211; Profeta)<\/p>\n","protected":false},"author":4,"featured_media":8127,"comment_status":"closed","ping_status":"open","sticky":false,"template":"","format":"standard","meta":{"footnotes":""},"categories":[24],"tags":[],"class_list":["post-8095","post","type-post","status-publish","format-standard","has-post-thumbnail","hentry","category-noticias"],"acf":[],"_links":{"self":[{"href":"http:\/\/www.apucarana.pr.gov.br\/site\/wp-json\/wp\/v2\/posts\/8095","targetHints":{"allow":["GET"]}}],"collection":[{"href":"http:\/\/www.apucarana.pr.gov.br\/site\/wp-json\/wp\/v2\/posts"}],"about":[{"href":"http:\/\/www.apucarana.pr.gov.br\/site\/wp-json\/wp\/v2\/types\/post"}],"author":[{"embeddable":true,"href":"http:\/\/www.apucarana.pr.gov.br\/site\/wp-json\/wp\/v2\/users\/4"}],"replies":[{"embeddable":true,"href":"http:\/\/www.apucarana.pr.gov.br\/site\/wp-json\/wp\/v2\/comments?post=8095"}],"version-history":[{"count":1,"href":"http:\/\/www.apucarana.pr.gov.br\/site\/wp-json\/wp\/v2\/posts\/8095\/revisions"}],"predecessor-version":[{"id":102243,"href":"http:\/\/www.apucarana.pr.gov.br\/site\/wp-json\/wp\/v2\/posts\/8095\/revisions\/102243"}],"wp:featuredmedia":[{"embeddable":true,"href":"http:\/\/www.apucarana.pr.gov.br\/site\/wp-json\/"}],"wp:attachment":[{"href":"http:\/\/www.apucarana.pr.gov.br\/site\/wp-json\/wp\/v2\/media?parent=8095"}],"wp:term":[{"taxonomy":"category","embeddable":true,"href":"http:\/\/www.apucarana.pr.gov.br\/site\/wp-json\/wp\/v2\/categories?post=8095"},{"taxonomy":"post_tag","embeddable":true,"href":"http:\/\/www.apucarana.pr.gov.br\/site\/wp-json\/wp\/v2\/tags?post=8095"}],"curies":[{"name":"wp","href":"https:\/\/api.w.org\/{rel}","templated":true}]}}