{"id":8090,"date":"2017-07-05T17:05:15","date_gmt":"2017-07-05T20:05:15","guid":{"rendered":"http:\/\/172.16.0.7\/site-antigo\/?p=8090"},"modified":"2024-10-08T09:14:50","modified_gmt":"2024-10-08T12:14:50","slug":"prefeitura-faz-calcada-na-rua-jose-ferragine","status":"publish","type":"post","link":"http:\/\/www.apucarana.pr.gov.br\/site\/prefeitura-faz-calcada-na-rua-jose-ferragine\/","title":{"rendered":"Prefeitura faz cal\u00e7ada na Rua Jos\u00e9 Ferragine"},"content":{"rendered":"<p>A Rua Jos\u00e9 Ferragine localizada na zona norte da cidade, \u00e9 a principal via de acesso ao novo conjunto habitacional Solo Sagrado. Recentemente recebeu nova pavimenta\u00e7\u00e3o e agora a prefeitura est\u00e1 construindo cal\u00e7ada para facilitar a mobilidade dos pedestres naquela regi\u00e3o.<br \/>\nAo todo, est\u00e3o sendo executados 350 metros lineares de cal\u00e7ada, ligando as margens da Av. Zilda Seixas do Amaral at\u00e9 a entrada do Clube de Campo \u00c1gua Azul. \u201cA cal\u00e7ada tem uma largura 1,80 metros e o servi\u00e7o soma, portanto, 630 metros quadrados de \u00e1rea. \u00c9 uma calcada de alta qualidade feita com concreto usinado alisada, que melhora bastante a mobilidade urbana, pois vai tirar os pedestres da rua\u201d, frisa o prefeito Beto Preto. O prefeito salienta que em breve a cal\u00e7ada chegar\u00e1 at\u00e9 a entrada do novo bairro.<br \/>\n\u201cForam utilizados 32 metros c\u00fabicos de concreto, e um investimento de cerca de R$ 10 mil, e todo trabalho est\u00e1 sendo realizado pela equipe da secretaria de obras\u201d, informa Helligtonn Martins, superintendente da Secretaria Municipal de Obras.<\/p>\n","protected":false},"excerpt":{"rendered":"<p>Est\u00e3o sendo concretados 350 metros lineares de passeio p\u00fablico, o que vai melhorar a mobilidade urbana no local (Fotos: Edson Denobi)<\/p>\n","protected":false},"author":4,"featured_media":8091,"comment_status":"closed","ping_status":"open","sticky":false,"template":"","format":"standard","meta":{"footnotes":""},"categories":[24],"tags":[],"class_list":["post-8090","post","type-post","status-publish","format-standard","has-post-thumbnail","hentry","category-noticias"],"acf":[],"_links":{"self":[{"href":"http:\/\/www.apucarana.pr.gov.br\/site\/wp-json\/wp\/v2\/posts\/8090","targetHints":{"allow":["GET"]}}],"collection":[{"href":"http:\/\/www.apucarana.pr.gov.br\/site\/wp-json\/wp\/v2\/posts"}],"about":[{"href":"http:\/\/www.apucarana.pr.gov.br\/site\/wp-json\/wp\/v2\/types\/post"}],"author":[{"embeddable":true,"href":"http:\/\/www.apucarana.pr.gov.br\/site\/wp-json\/wp\/v2\/users\/4"}],"replies":[{"embeddable":true,"href":"http:\/\/www.apucarana.pr.gov.br\/site\/wp-json\/wp\/v2\/comments?post=8090"}],"version-history":[{"count":1,"href":"http:\/\/www.apucarana.pr.gov.br\/site\/wp-json\/wp\/v2\/posts\/8090\/revisions"}],"predecessor-version":[{"id":102244,"href":"http:\/\/www.apucarana.pr.gov.br\/site\/wp-json\/wp\/v2\/posts\/8090\/revisions\/102244"}],"wp:featuredmedia":[{"embeddable":true,"href":"http:\/\/www.apucarana.pr.gov.br\/site\/wp-json\/"}],"wp:attachment":[{"href":"http:\/\/www.apucarana.pr.gov.br\/site\/wp-json\/wp\/v2\/media?parent=8090"}],"wp:term":[{"taxonomy":"category","embeddable":true,"href":"http:\/\/www.apucarana.pr.gov.br\/site\/wp-json\/wp\/v2\/categories?post=8090"},{"taxonomy":"post_tag","embeddable":true,"href":"http:\/\/www.apucarana.pr.gov.br\/site\/wp-json\/wp\/v2\/tags?post=8090"}],"curies":[{"name":"wp","href":"https:\/\/api.w.org\/{rel}","templated":true}]}}